{"id":30996,"date":"2025-12-24T08:33:40","date_gmt":"2025-12-24T07:33:40","guid":{"rendered":"http:\/\/info.sadowne.pl\/?p=30996"},"modified":"2025-12-24T10:36:08","modified_gmt":"2025-12-24T09:36:08","slug":"wyprawa-na-gwardie-1831-roku","status":"publish","type":"post","link":"http:\/\/info.sadowne.pl\/?p=30996","title":{"rendered":"WYPRAWA NA GWARDIE 1831 ROKU"},"content":{"rendered":"<p><strong><a href=\"http:\/\/info.sadowne.pl\/wp-content\/uploads\/2025\/12\/Brok259.jpg\" target=\"_blank\" rel=\"noopener\"><img loading=\"lazy\" decoding=\"async\" class=\"alignleft wp-image-30997 size-thumbnail\" src=\"http:\/\/info.sadowne.pl\/wp-content\/uploads\/2025\/12\/Brok259-180x130.jpg\" alt=\"\" width=\"180\" height=\"130\" srcset=\"http:\/\/info.sadowne.pl\/wp-content\/uploads\/2025\/12\/Brok259-180x130.jpg 180w, http:\/\/info.sadowne.pl\/wp-content\/uploads\/2025\/12\/Brok259-300x216.jpg 300w, http:\/\/info.sadowne.pl\/wp-content\/uploads\/2025\/12\/Brok259-768x553.jpg 768w, http:\/\/info.sadowne.pl\/wp-content\/uploads\/2025\/12\/Brok259.jpg 879w\" sizes=\"auto, (max-width: 180px) 100vw, 180px\" \/><\/a>\u2026WE WSPOMNIENIACH MICHA\u0141A MODZELEWSKIEGO.<\/strong><!--more--><\/p>\n<p>W grudniu 2024 r. zamieszczono na tych \u0142amach raport Naczelnego Wodza Powstania Listopadowego genera\u0142a Jana Zygmunta Skrzyneckiego z \u201eWyprawy na gwardie\u201d, z maja i czerwca 1831 r. Autor przedstawia\u0142 ow\u0105 \u015bwietnie rokuj\u0105c\u0105 operacj\u0119 jako pasmo sukces\u00f3w, gdy tymczasem \u00f3wcze\u015bni pami\u0119tnikarze i wsp\u00f3\u0142cze\u015bni historycy uwa\u017caj\u0105 j\u0105 za przedsi\u0119wzi\u0119cie zmarnowanych szans. G\u0142\u00f3wnym powodem fiaska mia\u0142o by\u0107 kunktatorstwo Skrzyneckiego, a szczeg\u00f3lnie zw\u0142oka w dzia\u0142aniach mi\u0119dzy Ostrowi\u0105 i \u015aniadowem, przez co utracono efekt zaskoczenia i wytracono impet uderzenia, umo\u017cliwiaj\u0105c wycofanie si\u0119 g\u0142\u00f3wnym si\u0142om wroga, a tym samym stracono szans\u0119 na ich zniszczenie. Czytelnik\u00f3w pragn\u0105cych zapozna\u0107 si\u0119 z za\u0142o\u017ceniami tej \u015bwietnie obmy\u015blanej operacji, zapraszam do lektury wspomnianego opracowania. Przypomnie\u0107 wypada, i\u017c opracowany przez genera\u0142a Ignacego Pr\u0105dzy\u0144skiego plan zak\u0142ada\u0142 uderzenie na zgromadzone pomi\u0119dzy Bugiem i Narwi\u0105 doborowe formacje rosyjskie okre\u015blane mianem gwardii, a sk\u0142adaj\u0105ce si\u0119 na korpus dowodzony przez wielkiego ksi\u0119cia Micha\u0142a Paw\u0142owicza Romanowa.<\/p>\n<p>Tym razem ow\u0105 wypraw\u0119 opisuje nie naczelny w\u00f3dz, czy cho\u0107by genera\u0142, ale m\u0142odszy oficer, dzi\u0119ki czemu zyskujemy zupe\u0142nie inn\u0105 perspektyw\u0119 wydarze\u0144, na sw\u00f3j spos\u00f3b nawet bardziej interesuj\u0105c\u0105, gdy\u017c zamiast taktyczno-strategicznego raportu, dysponujemy szczeg\u00f3\u0142owym opisem boj\u00f3w i potyczek toczonych w naszym regionie.<\/p>\n<p><strong>Wi\u0119cej na stronie <span style=\"color: #0000ff;\"><a style=\"color: #0000ff;\" href=\"https:\/\/madzelan.cba.pl\/wyprawa-na-gwardie-1831-roku-we-wspomnieniach-michala-modzelewskiego\/\" target=\"_blank\" rel=\"noopener\">https:\/\/madzelan.cba.pl\/wyprawa-na-gwardie-1831-roku-we-wspomnieniach-michala-modzelewskiego\/<\/a><\/span><\/strong><\/p>\n","protected":false},"excerpt":{"rendered":"<p>\u2026WE WSPOMNIENIACH MICHA\u0141A MODZELEWSKIEGO.<\/p>\n","protected":false},"author":1,"featured_media":0,"comment_status":"closed","ping_status":"closed","sticky":false,"template":"","format":"standard","meta":{"footnotes":""},"categories":[5,3436,31],"tags":[3004,2956],"class_list":["post-30996","post","type-post","status-publish","format-standard","hentry","category-newsy","category-opowiesci-historie-legendy-brokowskie-i-nie-tylko","category-historia-gminy","tag-jerzy-madzelan","tag-opowiesci-historie-legendy-brokowskie-i-nie-tylko"],"views":376,"_links":{"self":[{"href":"http:\/\/info.sadowne.pl\/index.php?rest_route=\/wp\/v2\/posts\/30996","targetHints":{"allow":["GET"]}}],"collection":[{"href":"http:\/\/info.sadowne.pl\/index.php?rest_route=\/wp\/v2\/posts"}],"about":[{"href":"http:\/\/info.sadowne.pl\/index.php?rest_route=\/wp\/v2\/types\/post"}],"author":[{"embeddable":true,"href":"http:\/\/info.sadowne.pl\/index.php?rest_route=\/wp\/v2\/users\/1"}],"replies":[{"embeddable":true,"href":"http:\/\/info.sadowne.pl\/index.php?rest_route=%2Fwp%2Fv2%2Fcomments&post=30996"}],"version-history":[{"count":1,"href":"http:\/\/info.sadowne.pl\/index.php?rest_route=\/wp\/v2\/posts\/30996\/revisions"}],"predecessor-version":[{"id":30998,"href":"http:\/\/info.sadowne.pl\/index.php?rest_route=\/wp\/v2\/posts\/30996\/revisions\/30998"}],"wp:attachment":[{"href":"http:\/\/info.sadowne.pl\/index.php?rest_route=%2Fwp%2Fv2%2Fmedia&parent=30996"}],"wp:term":[{"taxonomy":"category","embeddable":true,"href":"http:\/\/info.sadowne.pl\/index.php?rest_route=%2Fwp%2Fv2%2Fcategories&post=30996"},{"taxonomy":"post_tag","embeddable":true,"href":"http:\/\/info.sadowne.pl\/index.php?rest_route=%2Fwp%2Fv2%2Ftags&post=30996"}],"curies":[{"name":"wp","href":"https:\/\/api.w.org\/{rel}","templated":true}]}}