{"id":31127,"date":"2026-01-15T11:50:52","date_gmt":"2026-01-15T10:50:52","guid":{"rendered":"http:\/\/info.sadowne.pl\/?p=31127"},"modified":"2026-01-15T11:50:52","modified_gmt":"2026-01-15T10:50:52","slug":"socjalisci-w-branszczyku-i-dlugosiodle","status":"publish","type":"post","link":"http:\/\/info.sadowne.pl\/?p=31127","title":{"rendered":"Socjali\u015bci w Bra\u0144szczyku i D\u0142ugosiodle,"},"content":{"rendered":"<p><strong><a href=\"http:\/\/info.sadowne.pl\/wp-content\/uploads\/2026\/01\/Brok262.jpg\" target=\"_blank\" rel=\"noopener\"><img loading=\"lazy\" decoding=\"async\" class=\"alignleft wp-image-31128 size-thumbnail\" src=\"http:\/\/info.sadowne.pl\/wp-content\/uploads\/2026\/01\/Brok262-180x130.jpg\" alt=\"\" width=\"180\" height=\"130\" \/><\/a>\u2026terminarz jarmark\u00f3w w powiecie ostrowskim, marsz z Siedlec do Zambrowa, po\u015bwi\u0119cenie pomnika w Wilczog\u0119bach.<\/strong><!--more--><\/p>\n<p>Zdaniem autora zacytowanej notki prasowej wybuchowa sytuacja polityczna panuje w Bra\u0144szczyku, gdzie socjali\u015bci zagnie\u017adzili si\u0119 na sta\u0142e. Podobne zamiary mieli lewicowcy odno\u015bnie do D\u0142ugosiod\u0142a, ale tamtejszy wikary nak\u0142oni\u0142 lud pobo\u017cny, by przep\u0119dzi\u0142 agitator\u00f3w na cztery wiatry.<\/p>\n<p>W odpowiedzi na liczne pro\u015bby czytelnik\u00f3w z powiatu ostrowskiego, pragn\u0105cych nabywa\u0107 towary \u015bwie\u017ce i w rozs\u0105dnej cenie bezpo\u015brednio od producent\u00f3w, zamieszczamy terminarz jarmark\u00f3w.<\/p>\n<p>Towarzyszymy \u017co\u0142nierzom 22 Pu\u0142ku Piechoty z Siedlec, w ich marszu ku Zambrowowi, gdzie maj\u0105 wzi\u0105\u0107 udzia\u0142 w letnich \u0107wiczeniach. Trasa wiedzie przez Sucho\u017cebry, Soko\u0142\u00f3w, Paulin\u00f3w, Sterdy\u0144 i Ceran\u00f3w. Pierwszy etap marszruty ko\u0144czymy w go\u015bcinnym Nurze.<\/p>\n<p>W\u0142adys\u0142aw Wycech (brat wielce zas\u0142u\u017conego dla okolicy Czes\u0142awa) mieszkaniec nadbu\u017ca\u0144skiej wioski Wilczog\u0119by sta\u0142 na czele Polskiej Organizacji Wojskowej w gminie Sadowne, a m\u0142odzi mieszka\u0144cy z tej wsi stanowili trzon sadowie\u0144skiej plac\u00f3wki POW. We wrze\u015bniu 1933 r. ods\u0142oni\u0119to w Wilczog\u0119bach obelisk ku czci miejscowych Peowiak\u00f3w, poleg\u0142ych w wojnie z bolszewikami. Uroczysto\u015bci \u015bci\u0105gn\u0119\u0142y nie tylko oficjeli, ale i tysi\u0119czne t\u0142umy mieszka\u0144c\u00f3w okolicy. Interesuj\u0105ca jest historia umieszczonej na obelisku tablicy.<\/p>\n<p><strong>Wi\u0119cej na stronie <span style=\"color: #0000ff;\"><a style=\"color: #0000ff;\" href=\"https:\/\/madzelan.cba.pl\/socjalisci-w-branszczyku-i-dlugosiodle-terminarz-jarmarkow-w-powiecie-ostrowskim-marsz-z-siedlec-do-zambrowa-poswiecenie-pomnika-w-wilczogebach\/\" target=\"_blank\" rel=\"noopener\">https:\/\/madzelan.cba.pl\/socjalisci-w-branszczyku-i-dlugosiodle-terminarz-jarmarkow-w-powiecie-ostrowskim-marsz-z-siedlec-do-zambrowa-poswiecenie-pomnika-w-wilczogebach\/<\/a><\/span><\/strong><\/p>\n","protected":false},"excerpt":{"rendered":"<p>\u2026terminarz jarmark\u00f3w w powiecie ostrowskim, marsz z Siedlec do Zambrowa, po\u015bwi\u0119cenie pomnika w Wilczog\u0119bach.<\/p>\n","protected":false},"author":1,"featured_media":0,"comment_status":"closed","ping_status":"closed","sticky":false,"template":"","format":"standard","meta":{"footnotes":""},"categories":[5,3436,31],"tags":[3004,2956],"class_list":["post-31127","post","type-post","status-publish","format-standard","hentry","category-newsy","category-opowiesci-historie-legendy-brokowskie-i-nie-tylko","category-historia-gminy","tag-jerzy-madzelan","tag-opowiesci-historie-legendy-brokowskie-i-nie-tylko"],"views":429,"_links":{"self":[{"href":"http:\/\/info.sadowne.pl\/index.php?rest_route=\/wp\/v2\/posts\/31127","targetHints":{"allow":["GET"]}}],"collection":[{"href":"http:\/\/info.sadowne.pl\/index.php?rest_route=\/wp\/v2\/posts"}],"about":[{"href":"http:\/\/info.sadowne.pl\/index.php?rest_route=\/wp\/v2\/types\/post"}],"author":[{"embeddable":true,"href":"http:\/\/info.sadowne.pl\/index.php?rest_route=\/wp\/v2\/users\/1"}],"replies":[{"embeddable":true,"href":"http:\/\/info.sadowne.pl\/index.php?rest_route=%2Fwp%2Fv2%2Fcomments&post=31127"}],"version-history":[{"count":1,"href":"http:\/\/info.sadowne.pl\/index.php?rest_route=\/wp\/v2\/posts\/31127\/revisions"}],"predecessor-version":[{"id":31129,"href":"http:\/\/info.sadowne.pl\/index.php?rest_route=\/wp\/v2\/posts\/31127\/revisions\/31129"}],"wp:attachment":[{"href":"http:\/\/info.sadowne.pl\/index.php?rest_route=%2Fwp%2Fv2%2Fmedia&parent=31127"}],"wp:term":[{"taxonomy":"category","embeddable":true,"href":"http:\/\/info.sadowne.pl\/index.php?rest_route=%2Fwp%2Fv2%2Fcategories&post=31127"},{"taxonomy":"post_tag","embeddable":true,"href":"http:\/\/info.sadowne.pl\/index.php?rest_route=%2Fwp%2Fv2%2Ftags&post=31127"}],"curies":[{"name":"wp","href":"https:\/\/api.w.org\/{rel}","templated":true}]}}