{"id":31173,"date":"2026-01-19T13:01:32","date_gmt":"2026-01-19T12:01:32","guid":{"rendered":"http:\/\/info.sadowne.pl\/?p=31173"},"modified":"2026-01-19T13:01:32","modified_gmt":"2026-01-19T12:01:32","slug":"kronika-policyjna-12-18-01-2026","status":"publish","type":"post","link":"http:\/\/info.sadowne.pl\/?p=31173","title":{"rendered":"Kronika policyjna 12 \u2013 18.01.2026"},"content":{"rendered":"<p><strong><a href=\"http:\/\/info.sadowne.pl\/wp-content\/uploads\/2024\/11\/policjadrogowa.jpg\"><img loading=\"lazy\" decoding=\"async\" class=\"alignleft size-thumbnail wp-image-29544\" src=\"http:\/\/info.sadowne.pl\/wp-content\/uploads\/2024\/11\/policjadrogowa-180x130.jpg\" alt=\"\" width=\"180\" height=\"130\" \/><\/a>W minionym tygodniu dosz\u0142o do kilku zdarze\u0144 drogowych na terenie powiatu w\u0119growskiego. Apelujemy o zachowanie ostro\u017cno\u015bci i dostosowanie pr\u0119dko\u015bci do warunk\u00f3w panuj\u0105cych na drodze.<\/strong><!--more--><\/p>\n<p>15.01.2026 r. w miejscowo\u015bci Karczewizna mieszkanka pow. w\u0119growskiego kieruj\u0105ca pojazdem marki Skoda nie dostosowa\u0142a pr\u0119dko\u015bci do panuj\u0105cych warunk\u00f3w na drodze, uderzaj\u0105c przodem pojazdu w ogrodzenie posesji. Nikt nie dozna\u0142 obra\u017ce\u0144.<\/p>\n<p>Tego samego dnia (15.01.) w miejscowo\u015bci Zawady kieruj\u0105ce poruszaj\u0105ce si\u0119 pojazdem marki Toyota oraz pojazdem marki BMW nie zachowa\u0142y bezpiecznej odleg\u0142o\u015bci podczas manewru wymijania, w wyniku czego dosz\u0142o do zderzenia si\u0119 lusterkami zewn\u0119trznymi. Nikt nie dozna\u0142 obra\u017ce\u0144.<\/p>\n<p>15 stycznia 2026 roku w miejscowo\u015bci Top\u00f3r kieruj\u0105cy pojazdem marki Audi poruszaj\u0105cy si\u0119 od kierunku msc. \u0141och\u00f3w w kier. msc. Sadowne na prostym odcinku drogi zjecha\u0142 na przeciwleg\u0142y pas ruchu zaj\u0119ty przez prawid\u0142owo poruszaj\u0105cy si\u0119 pojazd uderzy\u0142 w Peugeot. W wyniku zderzenia obaj kieruj\u0105cy zjechali do przydro\u017cnego rowu. Nikt nie dozna\u0142 obra\u017ce\u0144.<\/p>\n<p>14 stycznia br. w miejscowo\u015bci Starawie\u015b mieszkaniec pow. w\u0119growskiego kieruj\u0105c pojazdem marki Ford nie upewni\u0142 si\u0119 co do mo\u017cliwo\u015bci bezpiecznego wykonania manewru skr\u0119tu w lewo, wjecha\u0142 pod nadje\u017cd\u017caj\u0105cy pojazd marki Opel, kt\u00f3ry by\u0142 w trakcie wyprzedzania. Nikt nie dozna\u0142 obra\u017ce\u0144.<\/p>\n<p>12.01.2026 r. podczas wymijania si\u0119 pojazd\u00f3w w miejscowo\u015bci Paplin na DK 62 z pojazdu ci\u0119\u017carowego marki Volvo sprz\u0119gni\u0119tego z naczep\u0105 KRONE na przeje\u017cd\u017caj\u0105cy pojazd marki Opel spad\u0142 kawa\u0142ek lodu uszkadzaj\u0105c przy tym szyb\u0119 czo\u0142ow\u0105 samochodu osobowego. Nikt nie dozna\u0142 obra\u017ce\u0144.<\/p>\n<p>12 stycznia 2026 roku w miejscowo\u015bci Wrotn\u00f3w dosz\u0142o do zderzenia drogowego z udzia\u0142em dw\u00f3ch pojazd\u00f3w. W trakcie wykonywania manewru wymijania pojazdu marki Fiat dosz\u0142o do zderzenia. Kieruj\u0105cy pojazdem Ford oraz Fiat byli trze\u017awi. Nikt nie dozna\u0142 obra\u017ce\u0144.<\/p>\n<p><strong>m\u0142. asp. Rafa\u0142 Ba\u0142dyga<\/strong><\/p>\n","protected":false},"excerpt":{"rendered":"<p>W minionym tygodniu dosz\u0142o do kilku zdarze\u0144 drogowych na terenie powiatu w\u0119growskiego. Apelujemy o zachowanie ostro\u017cno\u015bci i dostosowanie pr\u0119dko\u015bci do warunk\u00f3w panuj\u0105cych na drodze.<\/p>\n","protected":false},"author":1,"featured_media":0,"comment_status":"closed","ping_status":"closed","sticky":false,"template":"","format":"standard","meta":{"footnotes":""},"categories":[5,266,4],"tags":[261,3174],"class_list":["post-31173","post","type-post","status-publish","format-standard","hentry","category-newsy","category-policja-policja-straz-pozarna-pogotowie-ratunkowe","category-policja-straz-pozarna-pogotowie-ratunkowe","tag-komenda-powiatowa-policji-w-wegrowie","tag-kronika-policyjna"],"views":346,"_links":{"self":[{"href":"http:\/\/info.sadowne.pl\/index.php?rest_route=\/wp\/v2\/posts\/31173","targetHints":{"allow":["GET"]}}],"collection":[{"href":"http:\/\/info.sadowne.pl\/index.php?rest_route=\/wp\/v2\/posts"}],"about":[{"href":"http:\/\/info.sadowne.pl\/index.php?rest_route=\/wp\/v2\/types\/post"}],"author":[{"embeddable":true,"href":"http:\/\/info.sadowne.pl\/index.php?rest_route=\/wp\/v2\/users\/1"}],"replies":[{"embeddable":true,"href":"http:\/\/info.sadowne.pl\/index.php?rest_route=%2Fwp%2Fv2%2Fcomments&post=31173"}],"version-history":[{"count":1,"href":"http:\/\/info.sadowne.pl\/index.php?rest_route=\/wp\/v2\/posts\/31173\/revisions"}],"predecessor-version":[{"id":31174,"href":"http:\/\/info.sadowne.pl\/index.php?rest_route=\/wp\/v2\/posts\/31173\/revisions\/31174"}],"wp:attachment":[{"href":"http:\/\/info.sadowne.pl\/index.php?rest_route=%2Fwp%2Fv2%2Fmedia&parent=31173"}],"wp:term":[{"taxonomy":"category","embeddable":true,"href":"http:\/\/info.sadowne.pl\/index.php?rest_route=%2Fwp%2Fv2%2Fcategories&post=31173"},{"taxonomy":"post_tag","embeddable":true,"href":"http:\/\/info.sadowne.pl\/index.php?rest_route=%2Fwp%2Fv2%2Ftags&post=31173"}],"curies":[{"name":"wp","href":"https:\/\/api.w.org\/{rel}","templated":true}]}}