{"id":31741,"date":"2026-04-24T19:13:32","date_gmt":"2026-04-24T17:13:32","guid":{"rendered":"http:\/\/info.sadowne.pl\/?p=31741"},"modified":"2026-04-24T19:26:41","modified_gmt":"2026-04-24T17:26:41","slug":"pozegnanie-maturzystow-2026","status":"publish","type":"post","link":"http:\/\/info.sadowne.pl\/?p=31741","title":{"rendered":"Po\u017cegnanie maturzyst\u00f3w 2026"},"content":{"rendered":"<p><strong><a href=\"http:\/\/info.sadowne.pl\/wp-content\/uploads\/2026\/04\/2026.04.24.1-scaled.jpg\" target=\"_blank\" rel=\"noopener\"><img loading=\"lazy\" decoding=\"async\" class=\"alignleft wp-image-31742 size-thumbnail\" src=\"http:\/\/info.sadowne.pl\/wp-content\/uploads\/2026\/04\/2026.04.24.1-180x130.jpg\" alt=\"\" width=\"180\" height=\"130\" \/><\/a>W pi\u0105tek 24 kwietnia 2026 roku mia\u0142o miejsce uroczyste po\u017cegnanie klas maturalnych Zespo\u0142u Szk\u00f3\u0142 Ponadpodstawowych w Sadownem.<\/strong><!--more--><\/p>\n<p>Uroczysto\u015b\u0107 rozpocz\u0119\u0142a si\u0119 wprowadzeniem do sali gimnastycznej sztandaru szko\u0142y i wsp\u00f3lnym za\u015bpiewaniem hymnu pa\u0144stwowego. Dyrektor ZSP w Sadownem p. S\u0142awomir Ryszawa powita\u0142 przyby\u0142ych go\u015bci, grono pedagogiczne oraz uczni\u00f3w \u2013 w szczeg\u00f3lno\u015bci przysz\u0142ych maturzyst\u00f3w, po kr\u00f3tce podsumowa\u0142 lata ich pobytu w sadowie\u0144skiej szkole \u015bredniej.<\/p>\n<p>Nast\u0119pnie odby\u0142o si\u0119 przekazanie sztandaru z r\u0105k maturzyst\u00f3w, w r\u0119ce m\u0142odszych koleg\u00f3w. Sztandar przekazali: Julia S\u0119dek, Kamil Stelmach, Kinga D\u0119bkowska. Nowymi chor\u0105\u017cymi s\u0105: Krzysztof D\u0105browski, Magda Narowska i Martyna Dybka.<\/p>\n<p>Z \u017cyczeniami dalszych sukces\u00f3w wkraczaj\u0105cym w doros\u0142o\u015b\u0107 zwr\u00f3ci\u0142 si\u0119 do maturzyst\u00f3w p. Marek Renik \u2013 Wicestarosta W\u0119growski. W imieniu p. Ewy Besztak \u2013 Starosty W\u0119growskiego przekaza\u0142 uczniom ZSP, kt\u00f3rzy osi\u0105gn\u0119li najlepsze wyniki w nauce, listy gratulacyjne oraz drobne upominki. Otrzymali je: Julia S\u0119dek i Bartosz Sk\u0142adanek.<\/p>\n<p>\u017byczenia maturzystom przekazali tak\u017ce: Zast\u0119pca W\u00f3jta Gminy Sadowne p. Marcin Gr\u0119da i Proboszcz Parafii Sadowne ks. Antoni Kunicki.<\/p>\n<p>W tym roku nasz\u0105 szko\u0142\u0119 \u015bredni\u0105 ko\u0144czy 45. uczni\u00f3w: 20 uczni\u00f3w z klasy IV Liceum Og\u00f3lnokszta\u0142c\u0105cego \u2013 wychowawca p. Kamil Kie\u0142ek i 25. z klasy V Technikum \u017bywienia i Us\u0142ug Gastronomicznych \u2013 wychowawca p. El\u017cbieta Derna\u0142owicz. Zadaniem wychowawc\u00f3w by\u0142o, tym razem, wr\u0119czenie, wsp\u00f3lnie z Dyrektorem Ryszaw\u0105, swoim uczniom \u015bwiadectw uko\u0144czenia szko\u0142y \u015bredniej i nagr\u00f3d ksi\u0105\u017ckowych. Na pocz\u0105tku oczywi\u015bcie otrzymali je uczniowie z najwy\u017csz\u0105 \u015bredni\u0105 w nauczaniu:<\/p>\n<p>&#8211; Liceum Og\u00f3lnokszta\u0142c\u0105ce: Julia S\u0119dek \u2013 \u015brednia 4,75, Kinga D\u0119bkowska \u2013 4,60, Anna Olkowska \u2013 4,53, Jakub Derna\u0142owicz \u2013 4,40, Zuzanna Ga\u0142\u0105zka \u2013 4,33, Micha\u0142 J\u00f3\u017awik \u2013 4,33, Oliwa D\u0105browska \u2013 4,27, Weronika \u0141ukasiuk \u2013 4,13, Weronika Selman \u2013 4,00 i Kamil Stelmach \u2013 4,00.<\/p>\n<p>&#8211; Technikum: Bartosz Sk\u0142adanek \u2013 4,38, Filip Mioduszewski \u2013 4,15, Zofia Anna Weso\u0142owska \u2013 4,15, \u0141ukasz Borowy \u2013 4,00 i Kacper Ma\u0142olepszy \u2013 4,00.<\/p>\n<p>Nagrody i dyplomy wr\u0119czali te\u017c pedagodzy za zaanga\u017cowanie w r\u00f3\u017cnorodn\u0105 dzia\u0142alno\u015b\u0107 na rzecz szko\u0142y: za \u201emuzyk\u0119\u201d p. Kamil Kie\u0142ek, cz\u0142onkom pocztu sztandarowego p. Kamil Kie\u0142ek i p. Wojciech \u0141opaci\u0144ski, za dzia\u0142alno\u015b\u0107 w Szkolnym Kole \u201eCaritas\u201d p. Mariusz W\u00f3jcik i p. Kamil Kie\u0142ek, za osi\u0105gni\u0119cia kulinarne i pomoc wychowawcom p. Magdalena Figo\u0144, za taniec i dzia\u0142alno\u015b\u0107 w Zespole Tanecznym ORKAN p. Miros\u0142awa Renik i p Marek Renik, za udzia\u0142 w konkursach recytatorskich p. Beata Bodzon.<\/p>\n<p>Spotkanie by\u0142o te\u017c okazj\u0105 do z\u0142o\u017cenia \u017cycze\u0144 imieninowych p. Markowi Renikowi, kt\u00f3ry obchodzi swoje imieniny 25 kwietnia. W imieniu spo\u0142eczno\u015bci \u017cyczenia i bukiet kwiat\u00f3w przekaza\u0142 p. Markowi Dyrektor Ryszawa, od\u015bpiewano te\u017c \u201eSto lat\u2026\u201d. Wszystkiego najlepszego Panie Marku!<\/p>\n<p>Po wyprowadzeniu sztandaru, specjalnie przygotowany dla maturzyst\u00f3w program artystyczny przedstawili ich m\u0142odsi koledzy, w tym m.in. wyst\u0119p wokalny Magdy Narowskiej przy akompaniamencie p. Kamila Kie\u0142ka, wr\u0119czenie statuetek ORKANY 2026 w r\u00f3\u017cnych kategoriach, a potem\u2026 oczywi\u015bcie wsp\u00f3lne zdj\u0119cie zwyci\u0119zc\u00f3w.<\/p>\n<p>Maturzy\u015bci odwzajemnili si\u0119 podzi\u0119kowaniami. A ju\u017c na samym ko\u0144cu\u2026 by\u0142y kwiaty, podzi\u0119kowania, indywidualne rozmowy, \u017cyczenia, a mo\u017ce i pop\u0142yn\u0119\u0142a nie jedna \u0142ezka i\u2026 Wszyscy spotkali si\u0119 te\u017c przy wsp\u00f3lnym obiedzie.<\/p>\n<p>I my kierujemy kilka ciep\u0142ych s\u0142\u00f3w do naszych maturzyst\u00f3w: \u017cycz\u0105c dobrych wynik\u00f3w na egzaminach maturalnych (rozpoczynaj\u0105 si\u0119 ju\u017c 4 maja) oraz trafnego wyboru dalszej drogi \u017cyciowej. Nie zapominajcie o nas!<\/p>\n<p><span style=\"color: #0000ff;\"><a style=\"color: #0000ff;\" href=\"https:\/\/photos.app.goo.gl\/X3nZguuQRRKKmMe49\" target=\"_blank\" rel=\"noopener\"><strong>Zdj\u0119cia w galerii Google &#8211; cz\u0119\u015b\u0107 I&gt;&gt;&gt;<\/strong><\/a><\/span><\/p>\n<p><span style=\"color: #0000ff;\"><a style=\"color: #0000ff;\" href=\"https:\/\/photos.app.goo.gl\/RCUzBe4HStFX8TxK6\" target=\"_blank\" rel=\"noopener\"><strong>Zdj\u0119cia w galerii Google \u2013 cz\u0119\u015b\u0107 II&gt;&gt;&gt;<\/strong><\/a><\/span><\/p>\n<p><strong>Tekst\/foto:<\/strong> S\u0142awek Chyli\u0144ski<\/p>\n","protected":false},"excerpt":{"rendered":"<p>W pi\u0105tek 24 kwietnia 2026 roku mia\u0142o miejsce uroczyste po\u017cegnanie klas maturalnych Zespo\u0142u Szk\u00f3\u0142 Ponadpodstawowych w Sadownem.<\/p>\n","protected":false},"author":1,"featured_media":0,"comment_status":"closed","ping_status":"closed","sticky":false,"template":"","format":"standard","meta":{"footnotes":""},"categories":[5,1752,85],"tags":[4396,3197],"class_list":["post-31741","post","type-post","status-publish","format-standard","hentry","category-newsy","category-edukacja","category-zsp","tag-pozegnanie-maturzystow-2026","tag-zespol-szkol-ponadpodstawowych-w-sadownem"],"views":140,"_links":{"self":[{"href":"http:\/\/info.sadowne.pl\/index.php?rest_route=\/wp\/v2\/posts\/31741","targetHints":{"allow":["GET"]}}],"collection":[{"href":"http:\/\/info.sadowne.pl\/index.php?rest_route=\/wp\/v2\/posts"}],"about":[{"href":"http:\/\/info.sadowne.pl\/index.php?rest_route=\/wp\/v2\/types\/post"}],"author":[{"embeddable":true,"href":"http:\/\/info.sadowne.pl\/index.php?rest_route=\/wp\/v2\/users\/1"}],"replies":[{"embeddable":true,"href":"http:\/\/info.sadowne.pl\/index.php?rest_route=%2Fwp%2Fv2%2Fcomments&post=31741"}],"version-history":[{"count":2,"href":"http:\/\/info.sadowne.pl\/index.php?rest_route=\/wp\/v2\/posts\/31741\/revisions"}],"predecessor-version":[{"id":31744,"href":"http:\/\/info.sadowne.pl\/index.php?rest_route=\/wp\/v2\/posts\/31741\/revisions\/31744"}],"wp:attachment":[{"href":"http:\/\/info.sadowne.pl\/index.php?rest_route=%2Fwp%2Fv2%2Fmedia&parent=31741"}],"wp:term":[{"taxonomy":"category","embeddable":true,"href":"http:\/\/info.sadowne.pl\/index.php?rest_route=%2Fwp%2Fv2%2Fcategories&post=31741"},{"taxonomy":"post_tag","embeddable":true,"href":"http:\/\/info.sadowne.pl\/index.php?rest_route=%2Fwp%2Fv2%2Ftags&post=31741"}],"curies":[{"name":"wp","href":"https:\/\/api.w.org\/{rel}","templated":true}]}}