{"id":32350,"date":"2026-09-01T15:59:49","date_gmt":"2026-09-01T13:59:49","guid":{"rendered":"http:\/\/info.sadowne.pl\/?p=32350"},"modified":"2026-09-01T15:59:49","modified_gmt":"2026-09-01T13:59:49","slug":"i-rozpoczynamy-kolejny-rok-nauki","status":"publish","type":"post","link":"http:\/\/info.sadowne.pl\/?p=32350","title":{"rendered":"I rozpoczynamy kolejny rok nauki\u2026"},"content":{"rendered":"<p><a href=\"http:\/\/info.sadowne.pl\/wp-content\/uploads\/2026\/09\/2026.09.01.1.jpg\" target=\"_blank\" rel=\"noopener\"><img loading=\"lazy\" decoding=\"async\" class=\"alignleft wp-image-32351 size-thumbnail\" src=\"http:\/\/info.sadowne.pl\/wp-content\/uploads\/2026\/09\/2026.09.01.1-180x130.jpg\" alt=\"\" width=\"180\" height=\"130\" \/><\/a><\/p>\n<p><strong>2 wrze\u015bnia nowy rok szkolny 2026\/2027 rozpocz\u0105\u0142 si\u0119 w Zespole Szk\u00f3\u0142 Ponadpodstawowych w Sadownem.<\/strong><!--more--><\/p>\n<p><strong>Sadowie\u0144skie \u015brednie szko\u0142y pierwszy dzie\u0144 nauki rozpocz\u0119\u0142y msz\u0105 \u015bw. w miejscowym ko\u015bciele parafialnym, po czym uroczysto\u015b\u0107 przenios\u0142a si\u0119 do sali gimnastycznej ZSP.<\/strong> Po wprowadzeniu sztandaru szko\u0142y, od\u015bpiewaniu hymnu pa\u0144stwowego spo\u0142eczno\u015b\u0107 szkolna symbolicznie uczci\u0142a rocznic\u0119 wybuchu II wojny \u015bwiatowej, sk\u0142adaj\u0105c kwiaty i zapalaj\u0105c znicz pod zlokalizowanym na terenie szkolnym pomnikiem poleg\u0142ych i pomordowanych w czasie wojny mieszka\u0144c\u00f3w Sadownego.<\/p>\n<p><strong>Nast\u0119pnie p. Dyrektor S\u0142awomir Ryszawa oficjalnie powita\u0142 wszystkich uczestnik\u00f3w spotkania<\/strong> &#8211; nauczycieli, uczni\u00f3w, ich rodzic\u00f3w, a tak\u017ce p. Marka Renika \u2013 Wicestarost\u0119 W\u0119growskiego (p. Starosta w swoim wyst\u0105pieniu m.in. z\u0142o\u017cy\u0142 \u017cyczenia udanego roku szkolnego nauczycielom i uczniom) oraz p. Krzysztofa K\u0105dziel\u0119 \u2013 emerytowanego nauczyciela Liceum (on sam, jako ciekawostk\u0119, wyjawi\u0142, i\u017c r\u00f3wno 50 lat temu, a wi\u0119c 1 wrze\u015bnia 1976 r. w tej sali gimnastycznej zosta\u0142 przedstawiony uczniom liceum przez prof. Hermana jako nowy nabytek \u00f3wczesnej kadry pedagogicznej).<\/p>\n<p><strong>Na pocz\u0105tek uroczysto\u015bci jeszcze zaleg\u0142e nagrody dla wyr\u00f3\u017cniaj\u0105cych si\u0119 uczni\u00f3w<\/strong> \u2013 oczywi\u015bcie przypomnienie o stypendiach motywacyjnych przyznanych wcze\u015bniej przez Starost\u0119 W\u0119growskiego, a tak\u017ce wr\u0119czenie przyznawanego od kilku lat stypendium im. prof. Edwarda Hermana. Wsparcie w celu motywacji do nauki, poprzez to stypendium, otrzymuj\u0105 uczniowie uzyskuj\u0105cy bardzo dobre wyniki w nauce \u2013 w tym roku otrzyma\u0142a je uczennica klasy IV Liceum Og\u00f3lnokszta\u0142c\u0105cego im. W\u0142adys\u0142awa Orkana w Sadownem Magda Narowska. Brawo!<\/p>\n<p><strong>Z uwagi na poszerzenie spo\u0142eczno\u015bci uczniowskiej ZSP w Sadownem o 43. uczni\u00f3w klas pierwszych (Liceum Og\u00f3lnokszta\u0142c\u0105cego i Technikum Gastronomicznego), konieczna by\u0142a te\u017c prezentacja kadry pedagogicznej.<\/strong> Nauczycieli przedstawi\u0142 p. Dyrektor Ryszawa, jednocze\u015bnie informuj\u0105c, i\u017c w bie\u017c\u0105cym roku szkolnym wychowawstwo klas pierwszych otrzymali nauczyciele: p. El\u017cbieta Derna\u0142owicz \u2013 klasa I Technikum i p. Kamil Kie\u0142ek \u2013 klasa I LO. P. Dyrektor przedstawi\u0142 te\u017c zatrudnion\u0105 z nowym rokiem szkolnym Pani\u0105 Pedagog Izabel\u0119 Katner.<\/p>\n<p><strong>By\u0142a to kr\u00f3tka cz\u0119\u015b\u0107 oficjalna<\/strong>, nast\u0119pnie spotkania w klasach, a dla \u201epierwszak\u00f3w\u201d najpierw zapoznanie si\u0119 z rozmieszczeniem poszczeg\u00f3lnych pomieszcze\u0144 \u2013 grup\u0119 wst\u0119pnie oprowadzi\u0142 po korytarzach szkolnych p. Kamil Kie\u0142ek.<\/p>\n<p><strong>A od jutra?<\/strong> \u00a0Ju\u017c na pewno, zaczn\u0105 si\u0119 normalne zaj\u0119cia. Nauczycielom i uczniom \u017cycz\u0119 powodzenia\u2026<\/p>\n<p><strong><span style=\"color: #0000ff;\"><a style=\"color: #0000ff;\" href=\"https:\/\/photos.app.goo.gl\/mMZb345GAoLhcMp79\" target=\"_blank\" rel=\"noopener\">Zdj\u0119cia w galerii Google&gt;&gt;&gt;\u00a0<\/a><\/span>\u00a0\u00a0\u00a0\u00a0\u00a0\u00a0 <\/strong><\/p>\n<p><strong>Tekst\/foto:<\/strong> S\u0142awek Chyli\u0144ski<\/p>\n","protected":false},"excerpt":{"rendered":"<p>2 wrze\u015bnia nowy rok szkolny 2026\/2027 rozpocz\u0105\u0142 si\u0119 w Zespole Szk\u00f3\u0142 Ponadpodstawowych w Sadownem.<\/p>\n","protected":false},"author":1,"featured_media":0,"comment_status":"closed","ping_status":"closed","sticky":false,"template":"","format":"standard","meta":{"footnotes":""},"categories":[5,1752,85],"tags":[4455,3197],"class_list":["post-32350","post","type-post","status-publish","format-standard","hentry","category-newsy","category-edukacja","category-zsp","tag-rozpoczecie-roku-szkolnego-2026-2027","tag-zespol-szkol-ponadpodstawowych-w-sadownem"],"views":175,"_links":{"self":[{"href":"http:\/\/info.sadowne.pl\/index.php?rest_route=\/wp\/v2\/posts\/32350","targetHints":{"allow":["GET"]}}],"collection":[{"href":"http:\/\/info.sadowne.pl\/index.php?rest_route=\/wp\/v2\/posts"}],"about":[{"href":"http:\/\/info.sadowne.pl\/index.php?rest_route=\/wp\/v2\/types\/post"}],"author":[{"embeddable":true,"href":"http:\/\/info.sadowne.pl\/index.php?rest_route=\/wp\/v2\/users\/1"}],"replies":[{"embeddable":true,"href":"http:\/\/info.sadowne.pl\/index.php?rest_route=%2Fwp%2Fv2%2Fcomments&post=32350"}],"version-history":[{"count":2,"href":"http:\/\/info.sadowne.pl\/index.php?rest_route=\/wp\/v2\/posts\/32350\/revisions"}],"predecessor-version":[{"id":32353,"href":"http:\/\/info.sadowne.pl\/index.php?rest_route=\/wp\/v2\/posts\/32350\/revisions\/32353"}],"wp:attachment":[{"href":"http:\/\/info.sadowne.pl\/index.php?rest_route=%2Fwp%2Fv2%2Fmedia&parent=32350"}],"wp:term":[{"taxonomy":"category","embeddable":true,"href":"http:\/\/info.sadowne.pl\/index.php?rest_route=%2Fwp%2Fv2%2Fcategories&post=32350"},{"taxonomy":"post_tag","embeddable":true,"href":"http:\/\/info.sadowne.pl\/index.php?rest_route=%2Fwp%2Fv2%2Ftags&post=32350"}],"curies":[{"name":"wp","href":"https:\/\/api.w.org\/{rel}","templated":true}]}}