{"id":32361,"date":"2026-09-04T12:46:58","date_gmt":"2026-09-04T10:46:58","guid":{"rendered":"http:\/\/info.sadowne.pl\/?p=32361"},"modified":"2026-09-04T12:46:58","modified_gmt":"2026-09-04T10:46:58","slug":"z-historii-sadowianki-pultusk","status":"publish","type":"post","link":"http:\/\/info.sadowne.pl\/?p=32361","title":{"rendered":"Z historii &#8211; Sadowianki &#8211; Pu\u0142tusk"},"content":{"rendered":"<p><strong><a href=\"http:\/\/info.sadowne.pl\/wp-content\/uploads\/2026\/09\/sad1857.jpg\"><img loading=\"lazy\" decoding=\"async\" class=\"alignleft size-thumbnail wp-image-32372\" src=\"http:\/\/info.sadowne.pl\/wp-content\/uploads\/2026\/09\/sad1857-180x130.jpg\" alt=\"\" width=\"180\" height=\"130\" \/><\/a>Pu\u0142tusk &#8211; 30 sierpnia 2025 roku.<\/strong><!--more--><\/p>\n<p><a href=\"http:\/\/info.sadowne.pl\/wp-content\/uploads\/2026\/09\/sad1847.jpg\"><img loading=\"lazy\" decoding=\"async\" class=\"aligncenter size-full wp-image-32362\" src=\"http:\/\/info.sadowne.pl\/wp-content\/uploads\/2026\/09\/sad1847.jpg\" alt=\"\" width=\"559\" height=\"111\" srcset=\"http:\/\/info.sadowne.pl\/wp-content\/uploads\/2026\/09\/sad1847.jpg 559w, http:\/\/info.sadowne.pl\/wp-content\/uploads\/2026\/09\/sad1847-300x60.jpg 300w\" sizes=\"auto, (max-width: 559px) 100vw, 559px\" \/><\/a><\/p>\n<p>Patronk\u0105 przegl\u0105du pozostaje jego inicjatorka, nie\u017cyj\u0105ca ju\u017c pani Gra\u017cyna Stefankiewicz, kt\u00f3rej oddanie i wizja na trwa\u0142e ukszta\u0142towa\u0142y charakter tego wydarzenia. Warto przypomnie\u0107, \u017ce 7 wrze\u015bnia 2021 r. odszed\u0142 pan Piotr Skiba, wieloletni prezes Pu\u0142tuskiego Stowarzyszenia Trze\u017awo\u015bci \u201e\u015awit\u201d, wierny wsp\u00f3\u0142pracownik i przyjaciel pani Gra\u017cyny, kt\u00f3ry przez lata z niezwyk\u0142ym zaanga\u017cowaniem wspiera\u0142 rozw\u00f3j przegl\u0105du. Sama pani Gra\u017cyna odesz\u0142a 20 listopada 2021 r., pozostawiaj\u0105c po sobie bogate dziedzictwo, g\u0142\u0119boki \u015blad w sercach wsp\u00f3\u0142pracownik\u00f3w oraz wdzi\u0119czno\u015b\u0107 ca\u0142ego \u015brodowiska, kt\u00f3re wsp\u00f3\u0142tworzy\u0142a i kt\u00f3remu odda\u0142a tak wiele.<\/p>\n<p>Uroczyste otwarcie tegorocznej edycji poprowadzi\u0142 obecny prezes Stowarzyszenia \u201e\u015awit\u201d, pan Leszek Kowalewski. W swoim wyst\u0105pieniu z ciep\u0142em i wzruszeniem wspomina\u0142 zar\u00f3wno pana Piotra Skib\u0119, jak i pani\u0105 Gra\u017cyn\u0119 Stefankiewicz \u2014 osoby, kt\u00f3re by\u0142y sercem i si\u0142\u0105 nap\u0119dow\u0105 tego przedsi\u0119wzi\u0119cia. Podkre\u015bli\u0142, \u017ce ich zaanga\u017cowanie, pasja i oddanie pozostaj\u0105 \u017cywe w pami\u0119ci uczestnik\u00f3w oraz w samej idei przegl\u0105du.<\/p>\n<p>Tradycyjnie na scenie wr\u0119czono nagrody za sierpniowe rywalizacje sportowe oraz za udzia\u0142 w sp\u0142ywie kajakowym \u2014 inicjatywy te od lat promuj\u0105 zdrowy i aktywny styl \u017cycia, tak wa\u017cny w dzia\u0142alno\u015bci Stowarzyszenia \u201e\u015awit\u201d.<\/p>\n<p><a href=\"http:\/\/info.sadowne.pl\/wp-content\/uploads\/2026\/09\/sad1848.jpg\"><img loading=\"lazy\" decoding=\"async\" class=\"aligncenter size-full wp-image-32363\" src=\"http:\/\/info.sadowne.pl\/wp-content\/uploads\/2026\/09\/sad1848.jpg\" alt=\"\" width=\"605\" height=\"535\" srcset=\"http:\/\/info.sadowne.pl\/wp-content\/uploads\/2026\/09\/sad1848.jpg 605w, http:\/\/info.sadowne.pl\/wp-content\/uploads\/2026\/09\/sad1848-300x265.jpg 300w\" sizes=\"auto, (max-width: 605px) 100vw, 605px\" \/><\/a><\/p>\n<p style=\"text-align: center;\">P. Krysia zosta\u0142a zaproszona w celu ustalania spraw technicznych<\/p>\n<p><a href=\"http:\/\/info.sadowne.pl\/wp-content\/uploads\/2026\/09\/sad1849.jpg\"><img loading=\"lazy\" decoding=\"async\" class=\"aligncenter size-full wp-image-32364\" src=\"http:\/\/info.sadowne.pl\/wp-content\/uploads\/2026\/09\/sad1849.jpg\" alt=\"\" width=\"606\" height=\"307\" srcset=\"http:\/\/info.sadowne.pl\/wp-content\/uploads\/2026\/09\/sad1849.jpg 606w, http:\/\/info.sadowne.pl\/wp-content\/uploads\/2026\/09\/sad1849-300x152.jpg 300w\" sizes=\"auto, (max-width: 606px) 100vw, 606px\" \/><\/a><\/p>\n<p style=\"text-align: center;\">&#8222;Sadowianki&#8221; w amfiteatrze przed wyst\u0119pem<\/p>\n<p><a href=\"http:\/\/info.sadowne.pl\/wp-content\/uploads\/2026\/09\/sad1850.jpg\"><img loading=\"lazy\" decoding=\"async\" class=\"aligncenter size-full wp-image-32365\" src=\"http:\/\/info.sadowne.pl\/wp-content\/uploads\/2026\/09\/sad1850.jpg\" alt=\"\" width=\"603\" height=\"256\" srcset=\"http:\/\/info.sadowne.pl\/wp-content\/uploads\/2026\/09\/sad1850.jpg 603w, http:\/\/info.sadowne.pl\/wp-content\/uploads\/2026\/09\/sad1850-300x127.jpg 300w\" sizes=\"auto, (max-width: 603px) 100vw, 603px\" \/><\/a><\/p>\n<p style=\"text-align: center;\">Andrzej, Zbyszek, Wiesia, Tereska, Basia, Basia, Tereska, Ania, Bogusia, Dorotka<\/p>\n<p><a href=\"http:\/\/info.sadowne.pl\/wp-content\/uploads\/2026\/09\/sad1851.jpg\"><img loading=\"lazy\" decoding=\"async\" class=\"aligncenter size-full wp-image-32366\" src=\"http:\/\/info.sadowne.pl\/wp-content\/uploads\/2026\/09\/sad1851.jpg\" alt=\"\" width=\"603\" height=\"471\" srcset=\"http:\/\/info.sadowne.pl\/wp-content\/uploads\/2026\/09\/sad1851.jpg 603w, http:\/\/info.sadowne.pl\/wp-content\/uploads\/2026\/09\/sad1851-300x234.jpg 300w\" sizes=\"auto, (max-width: 603px) 100vw, 603px\" \/><\/a><\/p>\n<p style=\"text-align: center;\">Wiesia, Tereska, Basia i Basia<\/p>\n<p><a href=\"http:\/\/info.sadowne.pl\/wp-content\/uploads\/2026\/09\/sad1852.jpg\"><img loading=\"lazy\" decoding=\"async\" class=\"aligncenter size-full wp-image-32367\" src=\"http:\/\/info.sadowne.pl\/wp-content\/uploads\/2026\/09\/sad1852.jpg\" alt=\"\" width=\"608\" height=\"510\" srcset=\"http:\/\/info.sadowne.pl\/wp-content\/uploads\/2026\/09\/sad1852.jpg 608w, http:\/\/info.sadowne.pl\/wp-content\/uploads\/2026\/09\/sad1852-300x252.jpg 300w\" sizes=\"auto, (max-width: 608px) 100vw, 608px\" \/><\/a><\/p>\n<p style=\"text-align: center;\">Czekamy na nasz wyst\u0119p s\u0142uchaj\u0105c pr\u00f3by Natalki \u0141\u0105czkowskiej<\/p>\n<p><a href=\"http:\/\/info.sadowne.pl\/wp-content\/uploads\/2026\/09\/sad1853.jpg\"><img loading=\"lazy\" decoding=\"async\" class=\"aligncenter size-full wp-image-32368\" src=\"http:\/\/info.sadowne.pl\/wp-content\/uploads\/2026\/09\/sad1853.jpg\" alt=\"\" width=\"605\" height=\"298\" srcset=\"http:\/\/info.sadowne.pl\/wp-content\/uploads\/2026\/09\/sad1853.jpg 605w, http:\/\/info.sadowne.pl\/wp-content\/uploads\/2026\/09\/sad1853-300x148.jpg 300w\" sizes=\"auto, (max-width: 605px) 100vw, 605px\" \/><\/a><\/p>\n<p>&nbsp;<\/p>\n<p style=\"text-align: center;\">Jeszcze kilka migawek<\/p>\n<p><a href=\"http:\/\/info.sadowne.pl\/wp-content\/uploads\/2026\/09\/sad1854.jpg\"><img loading=\"lazy\" decoding=\"async\" class=\"aligncenter size-full wp-image-32369\" src=\"http:\/\/info.sadowne.pl\/wp-content\/uploads\/2026\/09\/sad1854.jpg\" alt=\"\" width=\"606\" height=\"741\" srcset=\"http:\/\/info.sadowne.pl\/wp-content\/uploads\/2026\/09\/sad1854.jpg 606w, http:\/\/info.sadowne.pl\/wp-content\/uploads\/2026\/09\/sad1854-245x300.jpg 245w\" sizes=\"auto, (max-width: 606px) 100vw, 606px\" \/><\/a><\/p>\n<p style=\"text-align: center;\">Gabrysia, Wiesia i Basia<\/p>\n<p><a href=\"http:\/\/info.sadowne.pl\/wp-content\/uploads\/2026\/09\/sad1855.jpg\"><img loading=\"lazy\" decoding=\"async\" class=\"aligncenter size-full wp-image-32370\" src=\"http:\/\/info.sadowne.pl\/wp-content\/uploads\/2026\/09\/sad1855.jpg\" alt=\"\" width=\"448\" height=\"794\" srcset=\"http:\/\/info.sadowne.pl\/wp-content\/uploads\/2026\/09\/sad1855.jpg 448w, http:\/\/info.sadowne.pl\/wp-content\/uploads\/2026\/09\/sad1855-169x300.jpg 169w\" sizes=\"auto, (max-width: 448px) 100vw, 448px\" \/><\/a><\/p>\n<p style=\"text-align: center;\">A czemu by tej chwili nie uwieczni\u0107?<\/p>\n<p style=\"text-align: center;\">Ania i Basia<\/p>\n<p>W tegorocznym przegl\u0105dzie zaprezentowa\u0142o si\u0119 wielu wykonawc\u00f3w, w\u015br\u00f3d nich:<\/p>\n<ul>\n<li>Zesp\u00f3\u0142 \u015apiewaczy \u201eSadowianki\u201d z Sadownego,<\/li>\n<li>Zesp\u00f3\u0142 \u201eMa\u0142kinianka\u201d z Ma\u0142kini,<\/li>\n<li>m\u0142oda wokalistka Anielka,<\/li>\n<li>oraz zachwycaj\u0105ca swoim g\u0142osem uczennica Zespo\u0142u Szk\u00f3\u0142 im. Jana Ruszkowskiego w Pu\u0142tusku \u2014 Natalia \u0141\u0105czkowska.<\/li>\n<\/ul>\n<p><a href=\"http:\/\/info.sadowne.pl\/wp-content\/uploads\/2026\/09\/sad1856.jpg\"><img loading=\"lazy\" decoding=\"async\" class=\"aligncenter size-full wp-image-32371\" src=\"http:\/\/info.sadowne.pl\/wp-content\/uploads\/2026\/09\/sad1856.jpg\" alt=\"\" width=\"581\" height=\"294\" srcset=\"http:\/\/info.sadowne.pl\/wp-content\/uploads\/2026\/09\/sad1856.jpg 581w, http:\/\/info.sadowne.pl\/wp-content\/uploads\/2026\/09\/sad1856-300x152.jpg 300w\" sizes=\"auto, (max-width: 581px) 100vw, 581px\" \/><\/a><\/p>\n<p style=\"text-align: center;\">SADOWIANKI<\/p>\n<p><a href=\"http:\/\/info.sadowne.pl\/wp-content\/uploads\/2026\/09\/sad1857.jpg\"><img loading=\"lazy\" decoding=\"async\" class=\"aligncenter size-full wp-image-32372\" src=\"http:\/\/info.sadowne.pl\/wp-content\/uploads\/2026\/09\/sad1857.jpg\" alt=\"\" width=\"605\" height=\"284\" srcset=\"http:\/\/info.sadowne.pl\/wp-content\/uploads\/2026\/09\/sad1857.jpg 605w, http:\/\/info.sadowne.pl\/wp-content\/uploads\/2026\/09\/sad1857-300x141.jpg 300w\" sizes=\"auto, (max-width: 605px) 100vw, 605px\" \/><\/a><\/p>\n<p><a href=\"http:\/\/info.sadowne.pl\/wp-content\/uploads\/2026\/09\/sad1858.jpg\"><img loading=\"lazy\" decoding=\"async\" class=\"aligncenter wp-image-32373 size-full\" src=\"http:\/\/info.sadowne.pl\/wp-content\/uploads\/2026\/09\/sad1858.jpg\" alt=\"\" width=\"606\" height=\"384\" srcset=\"http:\/\/info.sadowne.pl\/wp-content\/uploads\/2026\/09\/sad1858.jpg 606w, http:\/\/info.sadowne.pl\/wp-content\/uploads\/2026\/09\/sad1858-300x190.jpg 300w\" sizes=\"auto, (max-width: 606px) 100vw, 606px\" \/><\/a><\/p>\n<p style=\"text-align: center;\">SADOWIANKI<\/p>\n<p><a href=\"http:\/\/info.sadowne.pl\/wp-content\/uploads\/2026\/09\/sad1859.jpg\"><img loading=\"lazy\" decoding=\"async\" class=\"aligncenter size-full wp-image-32374\" src=\"http:\/\/info.sadowne.pl\/wp-content\/uploads\/2026\/09\/sad1859.jpg\" alt=\"\" width=\"606\" height=\"329\" srcset=\"http:\/\/info.sadowne.pl\/wp-content\/uploads\/2026\/09\/sad1859.jpg 606w, http:\/\/info.sadowne.pl\/wp-content\/uploads\/2026\/09\/sad1859-300x163.jpg 300w\" sizes=\"auto, (max-width: 606px) 100vw, 606px\" \/><\/a><\/p>\n<p><a href=\"http:\/\/info.sadowne.pl\/wp-content\/uploads\/2026\/09\/sad1860.jpg\"><img loading=\"lazy\" decoding=\"async\" class=\"aligncenter size-full wp-image-32375\" src=\"http:\/\/info.sadowne.pl\/wp-content\/uploads\/2026\/09\/sad1860.jpg\" alt=\"\" width=\"607\" height=\"297\" srcset=\"http:\/\/info.sadowne.pl\/wp-content\/uploads\/2026\/09\/sad1860.jpg 607w, http:\/\/info.sadowne.pl\/wp-content\/uploads\/2026\/09\/sad1860-300x147.jpg 300w\" sizes=\"auto, (max-width: 607px) 100vw, 607px\" \/><\/a><\/p>\n<p style=\"text-align: center;\">MA\u0141KINIANKA<\/p>\n<h3 style=\"text-align: center;\"><span style=\"color: #ff0000;\">A teraz\u00a0 p\u0142yniemy gondol\u0105 rzek\u0105 Narwi\u0105\u2026<\/span><\/h3>\n<p>Dodatkow\u0105 atrakcj\u0105 wydarzenia by\u0142 rejs gondol\u0105 Narwi\u0105, wsp\u00f3lne biesiadowanie przy grillu, \u015bpiew i zabawa, kt\u00f3re stworzy\u0142y wyj\u0105tkow\u0105 atmosfer\u0119 integracji i rado\u015bci.<\/p>\n<p><a href=\"http:\/\/info.sadowne.pl\/wp-content\/uploads\/2026\/09\/sad1861.jpg\"><img loading=\"lazy\" decoding=\"async\" class=\"aligncenter size-full wp-image-32376\" src=\"http:\/\/info.sadowne.pl\/wp-content\/uploads\/2026\/09\/sad1861.jpg\" alt=\"\" width=\"584\" height=\"641\" srcset=\"http:\/\/info.sadowne.pl\/wp-content\/uploads\/2026\/09\/sad1861.jpg 584w, http:\/\/info.sadowne.pl\/wp-content\/uploads\/2026\/09\/sad1861-273x300.jpg 273w\" sizes=\"auto, (max-width: 584px) 100vw, 584px\" \/><\/a><\/p>\n<p><a href=\"http:\/\/info.sadowne.pl\/wp-content\/uploads\/2026\/09\/sad1862.jpg\"><img loading=\"lazy\" decoding=\"async\" class=\"aligncenter size-full wp-image-32377\" src=\"http:\/\/info.sadowne.pl\/wp-content\/uploads\/2026\/09\/sad1862.jpg\" alt=\"\" width=\"584\" height=\"641\" srcset=\"http:\/\/info.sadowne.pl\/wp-content\/uploads\/2026\/09\/sad1862.jpg 584w, http:\/\/info.sadowne.pl\/wp-content\/uploads\/2026\/09\/sad1862-273x300.jpg 273w\" sizes=\"auto, (max-width: 584px) 100vw, 584px\" \/><\/a><\/p>\n<p style=\"text-align: center;\">SADOWIANKI p\u0142yn\u0105 gondol\u0105<\/p>\n<p><a href=\"http:\/\/info.sadowne.pl\/wp-content\/uploads\/2026\/09\/sad1863.jpg\"><img loading=\"lazy\" decoding=\"async\" class=\"aligncenter size-full wp-image-32378\" src=\"http:\/\/info.sadowne.pl\/wp-content\/uploads\/2026\/09\/sad1863.jpg\" alt=\"\" width=\"371\" height=\"384\" srcset=\"http:\/\/info.sadowne.pl\/wp-content\/uploads\/2026\/09\/sad1863.jpg 371w, http:\/\/info.sadowne.pl\/wp-content\/uploads\/2026\/09\/sad1863-290x300.jpg 290w\" sizes=\"auto, (max-width: 371px) 100vw, 371px\" \/><\/a><\/p>\n<p><a href=\"http:\/\/info.sadowne.pl\/wp-content\/uploads\/2026\/09\/sad1864.jpg\"><img loading=\"lazy\" decoding=\"async\" class=\"aligncenter size-full wp-image-32379\" src=\"http:\/\/info.sadowne.pl\/wp-content\/uploads\/2026\/09\/sad1864.jpg\" alt=\"\" width=\"601\" height=\"749\" srcset=\"http:\/\/info.sadowne.pl\/wp-content\/uploads\/2026\/09\/sad1864.jpg 601w, http:\/\/info.sadowne.pl\/wp-content\/uploads\/2026\/09\/sad1864-241x300.jpg 241w\" sizes=\"auto, (max-width: 601px) 100vw, 601px\" \/><\/a><\/p>\n<p style=\"text-align: center;\">Szczeg\u00f3lnym prze\u017cyciem okaza\u0142 si\u0119 rejs \u201eSadowianek\u201d<\/p>\n<p>Rozpocz\u0119\u0142y\u015bmy go piosenk\u0105 <em>\u201eZabierz mnie, rybaku na swoj\u0105 \u0142\u00f3deczk\u0119\u201d<\/em>. Nasz \u015bpiew ni\u00f3s\u0142 si\u0119 daleko po wodzie, a z brzeg\u00f3w rzeki pozdrawiali nas biwakowicze. W trakcie rejsu wykona\u0142y\u015bmy kilka utwor\u00f3w, a w drodze powrotnej rozbrzmia\u0142a nasza <em>\u201eSadowie\u0144ska Ballada\u201d<\/em>, kt\u00f3ra pi\u0119knie dope\u0142ni\u0142a t\u0119 wyj\u0105tkow\u0105 chwil\u0119.<\/p>\n<p>Ca\u0142e wydarzenie odbywa\u0142o si\u0119 w malowniczej scenerii amfiteatru Domu Polonii w Pu\u0142tusku, kt\u00f3ry jak zawsze stworzy\u0142 idealne warunki do prezentacji talent\u00f3w, wsp\u00f3lnego \u015bwi\u0119towania i budowania wi\u0119zi.<\/p>\n<p><strong>\u0179r\u00f3d\u0142o:<\/strong> &#8222;Sadowianki&#8221;, Barbara Wr\u00f3bel, Sadowne 2026<\/p>\n","protected":false},"excerpt":{"rendered":"<p>Pu\u0142tusk &#8211; 30 sierpnia 2025 roku.<\/p>\n","protected":false},"author":1,"featured_media":0,"comment_status":"closed","ping_status":"closed","sticky":false,"template":"","format":"standard","meta":{"footnotes":""},"categories":[5,31,1202],"tags":[1218,101,960],"class_list":["post-32361","post","type-post","status-publish","format-standard","hentry","category-newsy","category-historia-gminy","category-zespol-spiewaczy-sadowianki","tag-barbara-wrobel","tag-historia-gminy-sadowne","tag-zespol-spiewaczy-sadowianki"],"views":55,"_links":{"self":[{"href":"http:\/\/info.sadowne.pl\/index.php?rest_route=\/wp\/v2\/posts\/32361","targetHints":{"allow":["GET"]}}],"collection":[{"href":"http:\/\/info.sadowne.pl\/index.php?rest_route=\/wp\/v2\/posts"}],"about":[{"href":"http:\/\/info.sadowne.pl\/index.php?rest_route=\/wp\/v2\/types\/post"}],"author":[{"embeddable":true,"href":"http:\/\/info.sadowne.pl\/index.php?rest_route=\/wp\/v2\/users\/1"}],"replies":[{"embeddable":true,"href":"http:\/\/info.sadowne.pl\/index.php?rest_route=%2Fwp%2Fv2%2Fcomments&post=32361"}],"version-history":[{"count":1,"href":"http:\/\/info.sadowne.pl\/index.php?rest_route=\/wp\/v2\/posts\/32361\/revisions"}],"predecessor-version":[{"id":32380,"href":"http:\/\/info.sadowne.pl\/index.php?rest_route=\/wp\/v2\/posts\/32361\/revisions\/32380"}],"wp:attachment":[{"href":"http:\/\/info.sadowne.pl\/index.php?rest_route=%2Fwp%2Fv2%2Fmedia&parent=32361"}],"wp:term":[{"taxonomy":"category","embeddable":true,"href":"http:\/\/info.sadowne.pl\/index.php?rest_route=%2Fwp%2Fv2%2Fcategories&post=32361"},{"taxonomy":"post_tag","embeddable":true,"href":"http:\/\/info.sadowne.pl\/index.php?rest_route=%2Fwp%2Fv2%2Ftags&post=32361"}],"curies":[{"name":"wp","href":"https:\/\/api.w.org\/{rel}","templated":true}]}}