{"id":32382,"date":"2026-09-05T19:54:20","date_gmt":"2026-09-05T17:54:20","guid":{"rendered":"http:\/\/info.sadowne.pl\/?p=32382"},"modified":"2026-09-05T19:54:20","modified_gmt":"2026-09-05T17:54:20","slug":"narodowe-czytanie-na-zamku-w-liwie","status":"publish","type":"post","link":"http:\/\/info.sadowne.pl\/?p=32382","title":{"rendered":"Narodowe Czytanie na Zamku w Liwie"},"content":{"rendered":"<p><a href=\"http:\/\/info.sadowne.pl\/wp-content\/uploads\/2026\/09\/2026.09.05.1.jpg\" target=\"_blank\" rel=\"noopener\"><img loading=\"lazy\" decoding=\"async\" class=\"alignleft wp-image-32383 size-thumbnail\" src=\"http:\/\/info.sadowne.pl\/wp-content\/uploads\/2026\/09\/2026.09.05.1-180x130.jpg\" alt=\"\" width=\"180\" height=\"130\" \/><\/a><\/p>\n<p><strong>W sobotnie popo\u0142udnie 5 wrze\u015bnia 2026 roku w niezwyk\u0142ej scenerii zabytkowego Zamku w Liwie zabrzmia\u0142y fragmenty jednego z najwa\u017cniejszych dzie\u0142 polskiego romantyzmu, kt\u00f3rym s\u0105 \u201eDziady\u201d Adama Mickiewicza.<\/strong><!--more--><\/p>\n<p>Narodowe Czytanie jest to polska akcja spo\u0142eczna propaguj\u0105ca znajomo\u015b\u0107 literatury narodowej, w kt\u00f3rej obszerne fragmenty dzie\u0142 odczytywane s\u0105 publicznie, r\u00f3wnie\u017c w \u015brodkach masowego przekazu, zapocz\u0105tkowana w 2012 roku. Tegoroczna edycja og\u00f3lnopolskiej akcji po\u015bwi\u0119cona jest \u201eDziadom\u201d Adama Mickiewicza.<\/p>\n<p>\u201eDziady\u201d to utw\u00f3r, w kt\u00f3rym \u015bwiat ludowych wierze\u0144, tradycji i obrz\u0119dowo\u015bci \u0142\u0105czy si\u0119 z refleksj\u0105 nad \u017cyciem, \u015bmierci\u0105, pami\u0119ci\u0105 o przodkach, histori\u0105 i losem cz\u0142owieka. \u201eDziady\u201d to tak\u017ce fundament polskiej kultury, przedstawiaj\u0105cy zwi\u0105zek naszej przesz\u0142o\u015bci z przysz\u0142o\u015bci\u0105 i przypominaj\u0105cy o warto\u015bciach kszta\u0142tuj\u0105cych nar\u00f3d.<\/p>\n<p>5 wrze\u015bnia br. na zaproszenie p. Dyrektor Elizy Czapskiej na Zamek w Liwie przyby\u0142o wielu go\u015bci zainteresowanych udzia\u0142em w akcji Narodowe Czytanie. Powitali ich: Beata Gadomska i Miko\u0142aj Kasprowicz, po czym czytano wybrane fragmenty \u201eDziad\u00f3w\u201d \u2013 cz\u0119\u015b\u0107 II i IV oraz wiersz \u201eUpi\u00f3r\u201d. Dla uczestnik\u00f3w spotkania czytali je aktorzy Teatru Amatorskiego z W\u0119growa: Beata Gadomska, Marta Pawlak, Helena Panzo, Daniel Ugboaja, Piotr Witul oraz Miko\u0142aj Kasprowicz.<\/p>\n<p>Sceneria dawnego zamku doskonale wsp\u00f3\u0142gra\u0142a z atmosfer\u0105 dramatu Mickiewicza, pozwalaj\u0105c odbiorcom spojrze\u0107 na dzie\u0142o r\u00f3wnie\u017c przez pryzmat polskiego dziedzictwa kulturowego.<\/p>\n<p>Patronat honorowy nad wydarzeniem obj\u0119li: Marsza\u0142ek Wojew\u00f3dztwa Mazowieckiego p. Adam Struzik oraz Prezes Mazowieckiej Regionalnej Organizacji Turystycznej p. Izabela Stelma\u0144ska.<\/p>\n<p><span style=\"color: #0000ff;\"><a style=\"color: #0000ff;\" href=\"https:\/\/photos.app.goo.gl\/FBgShK3kPqmEVCBA7\" target=\"_blank\" rel=\"noopener\"><strong>Zdj\u0119cia w galerii Google&gt;&gt;&gt;<\/strong><\/a><\/span><\/p>\n<p><strong>Tekst\/foto:<\/strong> S\u0142awek Chyli\u0144ski<\/p>\n","protected":false},"excerpt":{"rendered":"<p>W sobotnie popo\u0142udnie 5 wrze\u015bnia 2026 roku w niezwyk\u0142ej scenerii zabytkowego Zamku w Liwie zabrzmia\u0142y fragmenty jednego z najwa\u017cniejszych dzie\u0142 polskiego romantyzmu, kt\u00f3rym s\u0105 \u201eDziady\u201d Adama Mickiewicza.<\/p>\n","protected":false},"author":1,"featured_media":0,"comment_status":"closed","ping_status":"closed","sticky":false,"template":"","format":"standard","meta":{"footnotes":""},"categories":[5,1,2495],"tags":[4456,4438],"class_list":["post-32382","post","type-post","status-publish","format-standard","hentry","category-newsy","category-inne","category-nasi-sasiedzi","tag-narodowe-czytanie-2026","tag-zamek-w-liwie"],"views":60,"_links":{"self":[{"href":"http:\/\/info.sadowne.pl\/index.php?rest_route=\/wp\/v2\/posts\/32382","targetHints":{"allow":["GET"]}}],"collection":[{"href":"http:\/\/info.sadowne.pl\/index.php?rest_route=\/wp\/v2\/posts"}],"about":[{"href":"http:\/\/info.sadowne.pl\/index.php?rest_route=\/wp\/v2\/types\/post"}],"author":[{"embeddable":true,"href":"http:\/\/info.sadowne.pl\/index.php?rest_route=\/wp\/v2\/users\/1"}],"replies":[{"embeddable":true,"href":"http:\/\/info.sadowne.pl\/index.php?rest_route=%2Fwp%2Fv2%2Fcomments&post=32382"}],"version-history":[{"count":1,"href":"http:\/\/info.sadowne.pl\/index.php?rest_route=\/wp\/v2\/posts\/32382\/revisions"}],"predecessor-version":[{"id":32384,"href":"http:\/\/info.sadowne.pl\/index.php?rest_route=\/wp\/v2\/posts\/32382\/revisions\/32384"}],"wp:attachment":[{"href":"http:\/\/info.sadowne.pl\/index.php?rest_route=%2Fwp%2Fv2%2Fmedia&parent=32382"}],"wp:term":[{"taxonomy":"category","embeddable":true,"href":"http:\/\/info.sadowne.pl\/index.php?rest_route=%2Fwp%2Fv2%2Fcategories&post=32382"},{"taxonomy":"post_tag","embeddable":true,"href":"http:\/\/info.sadowne.pl\/index.php?rest_route=%2Fwp%2Fv2%2Ftags&post=32382"}],"curies":[{"name":"wp","href":"https:\/\/api.w.org\/{rel}","templated":true}]}}