{"id":32385,"date":"2026-09-06T17:02:06","date_gmt":"2026-09-06T15:02:06","guid":{"rendered":"https:\/\/info.sadowne.pl\/?p=32385"},"modified":"2026-09-06T17:02:06","modified_gmt":"2026-09-06T15:02:06","slug":"szynkarzyzna-bezkonkurencyjna","status":"publish","type":"post","link":"http:\/\/info.sadowne.pl\/?p=32385","title":{"rendered":"Szynkarzyzna bezkonkurencyjna!"},"content":{"rendered":"<p><a href=\"http:\/\/info.sadowne.pl\/wp-content\/uploads\/2026\/09\/2026.09.06.1.jpg\" target=\"_blank\" rel=\"noopener\"><img loading=\"lazy\" decoding=\"async\" class=\"alignleft wp-image-32386 size-thumbnail\" src=\"http:\/\/info.sadowne.pl\/wp-content\/uploads\/2026\/09\/2026.09.06.1-180x130.jpg\" alt=\"\" width=\"180\" height=\"130\" \/><\/a><\/p>\n<p><strong>6 wrze\u015bnia 2026 roku w Morzyczynie W\u0142o\u015bcia\u0144skim odby\u0142y si\u0119 Zawody Sportowo \u2013 Po\u017carnicze OSP gminy Sadowne, kt\u00f3re przygotowa\u0142a miejscowa Jednostka OSP. Najlepsze wyniki osi\u0105gn\u0119\u0142y dru\u017cyny: \u017ce\u0144ska i m\u0119ska OSP Szynkarzyzna.<\/strong><!--more--><\/p>\n<p>W niedziel\u0119 6 wrze\u015bnia br. przed po\u0142udniem przyby\u0142ych na Gminne Zawody Sportowo \u2013 Po\u017carnicze w Morzyczynie W\u0142o\u015bcia\u0144skim powitali: dh Waldemar Cyran \u2013 Prezes Zarz\u0105du Gminnego OSP w Sadownem i dh Krzysztof Sych \u2013 Komendant Gminny OSP w Sadownem.<\/p>\n<p><strong>Pogoda nie dopisywa\u0142a uczestnikom zawod\u00f3w, ale, pomimo tego, uda\u0142o si\u0119 przeprowadzi\u0107 zar\u00f3wno sztafet\u0119 po\u017carnicz\u0105 7X50 m z przeszkodami, jak i \u0107wiczenie bojowe.<\/strong> Do zawod\u00f3w przyst\u0105pi\u0142o: w kategorii m\u0119skiej \u2013 dziewi\u0119\u0107 jednostek OSP (Morzyczyn W\u0142o\u015bcia\u0144ski, Morzyczyn W\u0142\u00f3ki, Sadowne, Sok\u00f3\u0142ka, Szynkarzyzna, Wilczog\u0119by, Zalesie, Zieleniec i Zarzetka), a w kategorii \u017ce\u0144skiej \u2013 jedna (Szynkarzyzna), kt\u00f3ra oczywi\u015bcie by\u0142a bezkonkurencyjna i w swojej kategorii zaj\u0119\u0142a pierwsze miejsce.<\/p>\n<p><strong>M\u0119\u017cczy\u017ani musieli mocno rywalizowa\u0107 pod okiem specjalnie powo\u0142anej przez Komendanta PSP w W\u0119growie Komisji<\/strong>, kt\u00f3ra wy\u0142apywa\u0142a wszystkie niedoci\u0105gni\u0119cia i czasami przyznawa\u0142a punkty karne. Sk\u0142ad Komisji to: m\u0142. kpt. Patryk Tucki, st. ogn. Maciej Szczepanik, st. ogn. \u0141ukasz G\u00f3rski, m\u0142. ogn. Artur K\u0105dziela i m\u0142. ogn. Rafa\u0142 Cengelenga.<\/p>\n<p><strong>Ostatecznie, po zaci\u0119tej, wyr\u00f3wnanej walce i przeliczeniu punkt\u00f3w, ustalono ko\u0144cow\u0105 klasyfikacj\u0119:<\/strong><\/p>\n<p><strong>Dru\u017cyny m\u0119skie<\/strong><\/p>\n<p>I \u2013 OSP Szynkarzyzna<\/p>\n<p>II \u2013 OSP Zalesie<\/p>\n<p>III \u2013 OSP Sadowne<\/p>\n<p>IV \u2013 OSP Sok\u00f3\u0142ka<\/p>\n<p>V \u2013 OSP Zieleniec<\/p>\n<p>VI \u2013 OSP Wilczog\u0119by<\/p>\n<p>VII \u2013 OSP Zarzetka<\/p>\n<p>VIII \u2013 OSP Morzyczyn W\u0142\u00f3ki<\/p>\n<p>IX \u2013 OSP Morzyczyn W\u0142o\u015bcia\u0144ski<\/p>\n<p><strong>Dru\u017cyny \u017ce\u0144skie<\/strong><\/p>\n<p>I \u2013 OSP Szynkarzyzna<\/p>\n<p>Zawody podsumowa\u0142 Przewodnicz\u0105cy Komisji m\u0142. kpt. Patryk Tucki, kt\u00f3ry poinformowa\u0142 tak\u017ce, i\u017c w zawodach wojew\u00f3dzkich OSP we\u017amie udzia\u0142 Jednostka z Zalesia. Puchary, dyplomy i nagrody, m.in. od g\u0142\u00f3wnego sponsora zawod\u00f3w Samorz\u0105du Wojew\u00f3dztwa Mazowieckiego, druhowie otrzymali z r\u0105k dha Waldemar Cyrana i dha Krzysztofa Sycha.<\/p>\n<p><span style=\"color: #0000ff;\"><a style=\"color: #0000ff;\" href=\"https:\/\/photos.app.goo.gl\/tdxzxoYChw1haTdLA\" target=\"_blank\" rel=\"noopener\"><strong>Zdj\u0119cia w galerii Google&gt;&gt;&gt;<\/strong><\/a><\/span><\/p>\n<p><strong>Tekst\/foto:<\/strong>\u00a0S\u0142awek Chyli\u0144ski<\/p>\n","protected":false},"excerpt":{"rendered":"<p>6 wrze\u015bnia 2026 roku w Morzyczynie W\u0142o\u015bcia\u0144skim odby\u0142y si\u0119 Zawody Sportowo \u2013 Po\u017carnicze OSP gminy Sadowne, kt\u00f3re przygotowa\u0142a miejscowa Jednostka OSP. Najlepsze wyniki osi\u0105gn\u0119\u0142y dru\u017cyny: \u017ce\u0144ska i m\u0119ska OSP Szynkarzyzna.<\/p>\n","protected":false},"author":1,"featured_media":0,"comment_status":"closed","ping_status":"closed","sticky":false,"template":"","format":"standard","meta":{"footnotes":""},"categories":[5,2395,2396,2391,2392,2393,2397,2394,3794,2389,4,267],"tags":[1381,248],"class_list":["post-32385","post","type-post","status-publish","format-standard","hentry","category-newsy","category-osp-morzyczyn-wloki","category-osp-morzyczyn-wloscianski","category-osp-sadowne","category-osp-sokolka","category-osp-szynkarzyzna","category-osp-wilczogeby","category-osp-zalesie","category-osp-zarzetka","category-osp-zieleniec","category-policja-straz-pozarna-pogotowie-ratunkowe","category-straz-pozarna-policja-straz-pozarna-pogotowie-ratunkowe","tag-gminne-zawody-sportowo-pozarnicze-w-morzyczynie-wloscianskim","tag-ochotnicza-straz-pozarna"],"views":304,"_links":{"self":[{"href":"http:\/\/info.sadowne.pl\/index.php?rest_route=\/wp\/v2\/posts\/32385","targetHints":{"allow":["GET"]}}],"collection":[{"href":"http:\/\/info.sadowne.pl\/index.php?rest_route=\/wp\/v2\/posts"}],"about":[{"href":"http:\/\/info.sadowne.pl\/index.php?rest_route=\/wp\/v2\/types\/post"}],"author":[{"embeddable":true,"href":"http:\/\/info.sadowne.pl\/index.php?rest_route=\/wp\/v2\/users\/1"}],"replies":[{"embeddable":true,"href":"http:\/\/info.sadowne.pl\/index.php?rest_route=%2Fwp%2Fv2%2Fcomments&post=32385"}],"version-history":[{"count":1,"href":"http:\/\/info.sadowne.pl\/index.php?rest_route=\/wp\/v2\/posts\/32385\/revisions"}],"predecessor-version":[{"id":32387,"href":"http:\/\/info.sadowne.pl\/index.php?rest_route=\/wp\/v2\/posts\/32385\/revisions\/32387"}],"wp:attachment":[{"href":"http:\/\/info.sadowne.pl\/index.php?rest_route=%2Fwp%2Fv2%2Fmedia&parent=32385"}],"wp:term":[{"taxonomy":"category","embeddable":true,"href":"http:\/\/info.sadowne.pl\/index.php?rest_route=%2Fwp%2Fv2%2Fcategories&post=32385"},{"taxonomy":"post_tag","embeddable":true,"href":"http:\/\/info.sadowne.pl\/index.php?rest_route=%2Fwp%2Fv2%2Ftags&post=32385"}],"curies":[{"name":"wp","href":"https:\/\/api.w.org\/{rel}","templated":true}]}}