{"id":3472,"date":"2013-10-26T11:34:01","date_gmt":"2013-10-26T09:34:01","guid":{"rendered":"http:\/\/www.infosadowne.boo.pl\/?p=3472"},"modified":"2020-04-24T20:03:31","modified_gmt":"2020-04-24T18:03:31","slug":"hubertus-sadowienski","status":"publish","type":"post","link":"http:\/\/info.sadowne.pl\/?p=3472","title":{"rendered":"Hubertus Sadowie\u0144ski"},"content":{"rendered":"<p style=\"text-align: justify;\"><strong><img loading=\"lazy\" decoding=\"async\" class=\"alignleft size-thumbnail wp-image-3473\" src=\"http:\/\/www.info.sadowne.pl\/wp-content\/uploads\/2013\/10\/2013.10.26.1-180x130.jpg\" alt=\"2013.10.26.1\" width=\"180\" height=\"130\" \/>Do dzi\u015b w polskiej tradycji \u0142owieckiej dzie\u0144 \u015bw. Huberta jest okazj\u0105 do tzw.\u00a0hubertowin, <!--more-->czyli polowania zbiorowego o charakterze szczeg\u00f3lnie uroczystym, z zachowaniem historycznych wzorc\u00f3w i ceremonia\u0142\u00f3w (m.in.\u00a0sygna\u0142\u00f3w \u0142owieckich).<\/strong><\/p>\n<p style=\"text-align: justify;\">Organizowane tego dnia polowania poprzedzaj\u0105 cz\u0119sto\u00a0msze \u015bwi\u0119te\u00a0w intencji my\u015bliwych &#8211; odbywaj\u0105 si\u0119 one nie tylko w ko\u015bcio\u0142ach, ale tak\u017ce przy le\u015bnych kapliczkach i krzy\u017cach po\u015bwi\u0119conych temu patronowi.<\/p>\n<p style=\"text-align: justify;\">Sadowie\u0144skie Ko\u0142o \u0141owieckie \u201eKszyk\u201d rozpocz\u0119\u0142o swoje \u015bwi\u0119towanie od spotkania przy takim w\u0142a\u015bnie krzy\u017cu w Morzyczynie. Uczestnik\u00f3w hubertowskiego polowania przywitali: prezes Ko\u0142a ks. Tomasz Duszkiewicz i \u0142owczy \u2013 Krzysztof Koro\u015b.<\/p>\n<p style=\"text-align: justify;\">C\u00f3\u017c doda\u0107: \u201eogary posz\u0142y w las ..\u201d, a na zako\u0144czenie polowania kolejna tradycja &#8211; biesiada my\u015bliwych przy ognisku, bigosie i nalewce.<\/p>\n<p><a href=\"https:\/\/photos.app.goo.gl\/sY3YE48zfzbXDYgE7\" target=\"_blank\" rel=\"noopener noreferrer\"><strong>Zdj\u0119cia w galerii Google&gt;&gt;&gt;<\/strong><\/a><\/p>\n<p><strong>Tekst\/foto:<\/strong> S\u0142awek Chyli\u0144ski<\/p>\n<p style=\"text-align: justify;\"><strong>\u0179r\u00f3d\u0142o:<\/strong> <a href=\"http:\/\/www.pl.wikipedia.org\/wiki\" target=\"_blank\" rel=\"noopener noreferrer\">www.pl.wikipedia.org\/wiki<\/a><\/p>\n<p>&nbsp;<\/p>\n","protected":false},"excerpt":{"rendered":"<p>Do dzi\u015b w polskiej tradycji \u0142owieckiej dzie\u0144 \u015bw. Huberta jest okazj\u0105 do tzw.\u00a0hubertowin,<\/p>\n","protected":false},"author":1,"featured_media":0,"comment_status":"open","ping_status":"open","sticky":false,"template":"","format":"standard","meta":{"footnotes":""},"categories":[5,1,690],"tags":[458,459],"class_list":["post-3472","post","type-post","status-publish","format-standard","hentry","category-newsy","category-inne","category-lowiectwo","tag-hubertus-sadowienski","tag-kolo-lowieckie-kszyk"],"views":4857,"_links":{"self":[{"href":"http:\/\/info.sadowne.pl\/index.php?rest_route=\/wp\/v2\/posts\/3472","targetHints":{"allow":["GET"]}}],"collection":[{"href":"http:\/\/info.sadowne.pl\/index.php?rest_route=\/wp\/v2\/posts"}],"about":[{"href":"http:\/\/info.sadowne.pl\/index.php?rest_route=\/wp\/v2\/types\/post"}],"author":[{"embeddable":true,"href":"http:\/\/info.sadowne.pl\/index.php?rest_route=\/wp\/v2\/users\/1"}],"replies":[{"embeddable":true,"href":"http:\/\/info.sadowne.pl\/index.php?rest_route=%2Fwp%2Fv2%2Fcomments&post=3472"}],"version-history":[{"count":5,"href":"http:\/\/info.sadowne.pl\/index.php?rest_route=\/wp\/v2\/posts\/3472\/revisions"}],"predecessor-version":[{"id":23354,"href":"http:\/\/info.sadowne.pl\/index.php?rest_route=\/wp\/v2\/posts\/3472\/revisions\/23354"}],"wp:attachment":[{"href":"http:\/\/info.sadowne.pl\/index.php?rest_route=%2Fwp%2Fv2%2Fmedia&parent=3472"}],"wp:term":[{"taxonomy":"category","embeddable":true,"href":"http:\/\/info.sadowne.pl\/index.php?rest_route=%2Fwp%2Fv2%2Fcategories&post=3472"},{"taxonomy":"post_tag","embeddable":true,"href":"http:\/\/info.sadowne.pl\/index.php?rest_route=%2Fwp%2Fv2%2Ftags&post=3472"}],"curies":[{"name":"wp","href":"https:\/\/api.w.org\/{rel}","templated":true}]}}