{"id":4267,"date":"2014-02-12T14:30:48","date_gmt":"2014-02-12T13:30:48","guid":{"rendered":"http:\/\/www.infosadowne.boo.pl\/?p=4267"},"modified":"2020-04-24T19:57:34","modified_gmt":"2020-04-24T17:57:34","slug":"wystawa-juz-czynna","status":"publish","type":"post","link":"http:\/\/info.sadowne.pl\/?p=4267","title":{"rendered":"Wystawa ju\u017c czynna"},"content":{"rendered":"<p style=\"text-align: justify;\"><strong><a href=\"http:\/\/info.sadowne.pl\/wp-content\/uploads\/2013\/01\/gok.jpg\"><img loading=\"lazy\" decoding=\"async\" class=\"alignleft size-full wp-image-791\" src=\"http:\/\/info.sadowne.pl\/wp-content\/uploads\/2013\/01\/gok.jpg\" alt=\"\" width=\"124\" height=\"151\" \/><\/a>Gminny O\u015brodek Kultury w Sadownem zaprasza na wystaw\u0119 starej fotografii.<!--more--><\/strong><\/p>\n<p style=\"text-align: justify;\">W dniach 12 \u2013 28 lutego 2014 r. w Gminnym O\u015brodku Kultury w Sadownem mo\u017cna obejrze\u0107 wystaw\u0119 pn. \u201eZ odkurzonej szuflady\u201d, kt\u00f3ra ukazuje nasz\u0105 miejscowo\u015b\u0107 w dwudziestowiecznej fotografii.<\/p>\n<p style=\"text-align: justify;\">Organizatorzy maj\u0105 nadziej\u0119, i\u017c zwiedzaj\u0105cy pomog\u0105 przy ustaleniu autor\u00f3w, miejsc oraz personalizacji os\u00f3b na niekt\u00f3rych fotografiach.<\/p>\n<p style=\"text-align: justify;\"><strong>Zapraszamy wszystkich ch\u0119tnych.<\/strong><\/p>\n<p><a href=\"https:\/\/photos.app.goo.gl\/4Q4j8w3GaLeFNWBh6\" target=\"_blank\" rel=\"noopener noreferrer\"><strong>Zdj\u0119cia w galerii Google&gt;&gt;&gt;<\/strong><\/a><\/p>\n<p><strong>Tekst:<\/strong> S\u0142awek Chyli\u0144ski<\/p>\n","protected":false},"excerpt":{"rendered":"<p>Gminny O\u015brodek Kultury w Sadownem zaprasza na wystaw\u0119 starej fotografii.<\/p>\n","protected":false},"author":1,"featured_media":0,"comment_status":"open","ping_status":"open","sticky":false,"template":"","format":"standard","meta":{"footnotes":""},"categories":[5,2149,91,6],"tags":[169,587],"class_list":["post-4267","post","type-post","status-publish","format-standard","hentry","category-newsy","category-gminna-biblioteka-publiczna","category-gminny-osrodek-kultury","category-kultura-rozrywka-edukacja","tag-gminny-osrodek-kultury-w-sadownem","tag-wystawa-pn-z-odkurzonej-szuflady"],"views":2862,"_links":{"self":[{"href":"http:\/\/info.sadowne.pl\/index.php?rest_route=\/wp\/v2\/posts\/4267","targetHints":{"allow":["GET"]}}],"collection":[{"href":"http:\/\/info.sadowne.pl\/index.php?rest_route=\/wp\/v2\/posts"}],"about":[{"href":"http:\/\/info.sadowne.pl\/index.php?rest_route=\/wp\/v2\/types\/post"}],"author":[{"embeddable":true,"href":"http:\/\/info.sadowne.pl\/index.php?rest_route=\/wp\/v2\/users\/1"}],"replies":[{"embeddable":true,"href":"http:\/\/info.sadowne.pl\/index.php?rest_route=%2Fwp%2Fv2%2Fcomments&post=4267"}],"version-history":[{"count":3,"href":"http:\/\/info.sadowne.pl\/index.php?rest_route=\/wp\/v2\/posts\/4267\/revisions"}],"predecessor-version":[{"id":23348,"href":"http:\/\/info.sadowne.pl\/index.php?rest_route=\/wp\/v2\/posts\/4267\/revisions\/23348"}],"wp:attachment":[{"href":"http:\/\/info.sadowne.pl\/index.php?rest_route=%2Fwp%2Fv2%2Fmedia&parent=4267"}],"wp:term":[{"taxonomy":"category","embeddable":true,"href":"http:\/\/info.sadowne.pl\/index.php?rest_route=%2Fwp%2Fv2%2Fcategories&post=4267"},{"taxonomy":"post_tag","embeddable":true,"href":"http:\/\/info.sadowne.pl\/index.php?rest_route=%2Fwp%2Fv2%2Ftags&post=4267"}],"curies":[{"name":"wp","href":"https:\/\/api.w.org\/{rel}","templated":true}]}}