{"id":4492,"date":"2014-03-05T19:24:49","date_gmt":"2014-03-05T18:24:49","guid":{"rendered":"http:\/\/www.infosadowne.boo.pl\/?p=4492"},"modified":"2014-03-18T08:00:18","modified_gmt":"2014-03-18T07:00:18","slug":"dzien-pamieci-zolnierzy-wykletych","status":"publish","type":"post","link":"http:\/\/info.sadowne.pl\/?p=4492","title":{"rendered":"Dzie\u0144 Pami\u0119ci \u017bo\u0142nierzy Wykl\u0119tych"},"content":{"rendered":"<p style=\"text-align: justify;\"><strong><a href=\"http:\/\/www.info.sadowne.pl\/wp-content\/uploads\/2014\/03\/2014.03.05.4.jpg\" target=\"_blank\"><img loading=\"lazy\" decoding=\"async\" class=\"alignleft size-thumbnail wp-image-4493\" alt=\"2014.03.05.4\" src=\"http:\/\/www.info.sadowne.pl\/wp-content\/uploads\/2014\/03\/2014.03.05.4-180x130.jpg\" width=\"180\" height=\"130\" \/><\/a>1 marca to szczeg\u00f3lny dzie\u0144 dla Strzelc\u00f3w. Tego dnia obchodzony jest Narodowy Dzie\u0144 Pami\u0119ci \u017bo\u0142nierzy Wykl\u0119tych<!--more-->&#8211; \u017co\u0142nierzy, kt\u00f3rzy po 1945 roku nie z\u0142o\u017cyli broni, sprzeciwiaj\u0105c si\u0119 narzuconej w\u0142adzy.<\/strong><\/p>\n<p style=\"text-align: justify;\"><a href=\"http:\/\/www.info.sadowne.pl\/wp-content\/uploads\/2014\/03\/2014.03.05.5.jpg\" target=\"_blank\"><img loading=\"lazy\" decoding=\"async\" class=\"alignright size-thumbnail wp-image-4494\" alt=\"2014.03.05.5\" src=\"http:\/\/www.info.sadowne.pl\/wp-content\/uploads\/2014\/03\/2014.03.05.5-180x130.jpg\" width=\"180\" height=\"130\" \/><\/a>Stanowili oni najliczniejsz\u0105 form\u0119 zorganizowanego oporu spo\u0142ecze\u0144stwa polskiego. Dla Strzelc\u00f3w \u017bo\u0142nierze Wykl\u0119ci s\u0105 przyk\u0142adem si\u0142y i niez\u0142omno\u015bci, dlatego w swoich dzia\u0142aniach staramy si\u0119 kierowa\u0107 warto\u015bciami, kt\u00f3re przy\u015bwieca\u0142y tym\u017ce bohaterom, a tak\u017ce odda\u0107 nale\u017cn\u0105 im cze\u015b\u0107. Z tego wzgl\u0119du Dzie\u0144 Pami\u0119ci \u017bo\u0142nierzy Wykl\u0119tych sta\u0142 si\u0119 i naszym prywatnym \u015bwi\u0119tem.<\/p>\n<p style=\"text-align: justify;\"><a href=\"http:\/\/www.info.sadowne.pl\/wp-content\/uploads\/2014\/03\/2014.03.05.6.jpg\" target=\"_blank\"><img loading=\"lazy\" decoding=\"async\" class=\"alignleft size-thumbnail wp-image-4495\" alt=\"2014.03.05.6\" src=\"http:\/\/www.info.sadowne.pl\/wp-content\/uploads\/2014\/03\/2014.03.05.6-180x130.jpg\" width=\"180\" height=\"130\" \/><\/a>Tego dnia rekruci sk\u0142adaj\u0105 przyrzeczenie i staj\u0105 si\u0119 oficjalnie cz\u0142onkami Zwi\u0105zku Strzeleckiego \u201eStrzelec\u201d J\u00f3zefa Pi\u0142sudskiego. Tak te\u017c by\u0142o i w tym roku. Czterech kandydat\u00f3w na Strzelca oraz dw\u00f3ch kandydat\u00f3w na Orl\u0119 z\u0142o\u017cy\u0142o kolejno przyrzeczenie oraz \u015blubowanie podczas uroczysto\u015bci Mszy \u015awi\u0119tej w ko\u015bciele w Prostyni, wst\u0119puj\u0105c w szeregi Zwi\u0105zku.<\/p>\n<p style=\"text-align: justify;\">strz. ZS A.G.<\/p>\n<p style=\"text-align: justify;\">pisarz JS 5001<\/p>\n","protected":false},"excerpt":{"rendered":"<p>1 marca to szczeg\u00f3lny dzie\u0144 dla Strzelc\u00f3w. Tego dnia obchodzony jest Narodowy Dzie\u0144 Pami\u0119ci \u017bo\u0142nierzy Wykl\u0119tych<\/p>\n","protected":false},"author":1,"featured_media":0,"comment_status":"open","ping_status":"open","sticky":false,"template":"","format":"standard","meta":{"footnotes":""},"categories":[5,645,42],"tags":[626,519,2284],"class_list":["post-4492","post","type-post","status-publish","format-standard","hentry","category-newsy","category-js-5001-strzelec","category-szkola-podstawowa-w-kolodziazu","tag-dzien-pamieci-zolnierzy-wykletych","tag-jednostka-strzelecka-5001","tag-szkola-podstawowa-w-kolodziazu"],"views":3108,"_links":{"self":[{"href":"http:\/\/info.sadowne.pl\/index.php?rest_route=\/wp\/v2\/posts\/4492","targetHints":{"allow":["GET"]}}],"collection":[{"href":"http:\/\/info.sadowne.pl\/index.php?rest_route=\/wp\/v2\/posts"}],"about":[{"href":"http:\/\/info.sadowne.pl\/index.php?rest_route=\/wp\/v2\/types\/post"}],"author":[{"embeddable":true,"href":"http:\/\/info.sadowne.pl\/index.php?rest_route=\/wp\/v2\/users\/1"}],"replies":[{"embeddable":true,"href":"http:\/\/info.sadowne.pl\/index.php?rest_route=%2Fwp%2Fv2%2Fcomments&post=4492"}],"version-history":[{"count":2,"href":"http:\/\/info.sadowne.pl\/index.php?rest_route=\/wp\/v2\/posts\/4492\/revisions"}],"predecessor-version":[{"id":4582,"href":"http:\/\/info.sadowne.pl\/index.php?rest_route=\/wp\/v2\/posts\/4492\/revisions\/4582"}],"wp:attachment":[{"href":"http:\/\/info.sadowne.pl\/index.php?rest_route=%2Fwp%2Fv2%2Fmedia&parent=4492"}],"wp:term":[{"taxonomy":"category","embeddable":true,"href":"http:\/\/info.sadowne.pl\/index.php?rest_route=%2Fwp%2Fv2%2Fcategories&post=4492"},{"taxonomy":"post_tag","embeddable":true,"href":"http:\/\/info.sadowne.pl\/index.php?rest_route=%2Fwp%2Fv2%2Ftags&post=4492"}],"curies":[{"name":"wp","href":"https:\/\/api.w.org\/{rel}","templated":true}]}}