{"id":4526,"date":"2014-03-08T20:06:41","date_gmt":"2014-03-08T19:06:41","guid":{"rendered":"http:\/\/www.infosadowne.boo.pl\/?p=4526"},"modified":"2014-03-17T19:53:31","modified_gmt":"2014-03-17T18:53:31","slug":"strzelcy-wkraczaja-sadownego","status":"publish","type":"post","link":"http:\/\/info.sadowne.pl\/?p=4526","title":{"rendered":"Strzelcy wkraczaj\u0105 do Sadownego"},"content":{"rendered":"<p style=\"text-align: justify;\"><strong><img loading=\"lazy\" decoding=\"async\" class=\"alignleft size-thumbnail wp-image-4527\" alt=\"2014.03.08.1\" src=\"http:\/\/www.info.sadowne.pl\/wp-content\/uploads\/2014\/03\/2014.03.08.1-180x130.jpg\" width=\"180\" height=\"130\" \/>07.03.2014 nasi Strzelcy na pro\u015bb\u0119 p. Kamila Wieliczko- dow\u00f3dcy OSP Sok\u00f3\u0142ka wzi\u0119li udzia\u0142 w wyk\u0142adzie w ramach uroczysto\u015bci z okazji Dnia Pami\u0119ci \u017bo\u0142nierzy Wykl\u0119tych.<!--more--><\/strong><\/p>\n<p style=\"text-align: justify;\"><a href=\"http:\/\/www.info.sadowne.pl\/wp-content\/uploads\/2014\/03\/2014.03.08.2.jpg\" target=\"_blank\"><img loading=\"lazy\" decoding=\"async\" class=\"alignright  wp-image-4528\" alt=\"2014.03.08.2\" src=\"http:\/\/www.info.sadowne.pl\/wp-content\/uploads\/2014\/03\/2014.03.08.2-300x225.jpg\" width=\"300\" height=\"225\" srcset=\"http:\/\/info.sadowne.pl\/wp-content\/uploads\/2014\/03\/2014.03.08.2-300x225.jpg 300w, http:\/\/info.sadowne.pl\/wp-content\/uploads\/2014\/03\/2014.03.08.2.jpg 806w\" sizes=\"auto, (max-width: 300px) 100vw, 300px\" \/><\/a>Uroczysto\u015b\u0107 odby\u0142a si\u0119 w Zespole Szk\u00f3\u0142 Ponadgimnazjalnych w miejscowo\u015bci\u00a0Sadowne. Strzelc\u00f3w reprezentowali sekc. ZS Micha\u0142 J\u00f3zefowski oraz strz. ZS Eryk Ko\u015bcielniak, kt\u00f3rzy wsp\u00f3lnie z nauczycielem historii p. Markiem Renik wyg\u0142osili prezentacj\u0119 na temat \u017bo\u0142nierzy Niez\u0142omnych.<\/p>\n<p style=\"text-align: justify;\"><strong>\u0179r\u00f3d\u0142o:<\/strong>\u00a0<a href=\"https:\/\/www.facebook.com\/js5001OSW\" target=\"_blank\">www.facebook.com\/js5001OSW<\/a><\/p>\n","protected":false},"excerpt":{"rendered":"<p>07.03.2014 nasi Strzelcy na pro\u015bb\u0119 p. Kamila Wieliczko- dow\u00f3dcy OSP Sok\u00f3\u0142ka wzi\u0119li udzia\u0142 w wyk\u0142adzie w ramach uroczysto\u015bci z okazji Dnia Pami\u0119ci \u017bo\u0142nierzy Wykl\u0119tych.<\/p>\n","protected":false},"author":1,"featured_media":0,"comment_status":"open","ping_status":"open","sticky":false,"template":"","format":"standard","meta":{"footnotes":""},"categories":[5,645,85],"tags":[626,519,182],"class_list":["post-4526","post","type-post","status-publish","format-standard","hentry","category-newsy","category-js-5001-strzelec","category-zsp","tag-dzien-pamieci-zolnierzy-wykletych","tag-jednostka-strzelecka-5001","tag-zespol-szkol-ponadgimnazjalnych-w-sadownem"],"views":3797,"_links":{"self":[{"href":"http:\/\/info.sadowne.pl\/index.php?rest_route=\/wp\/v2\/posts\/4526","targetHints":{"allow":["GET"]}}],"collection":[{"href":"http:\/\/info.sadowne.pl\/index.php?rest_route=\/wp\/v2\/posts"}],"about":[{"href":"http:\/\/info.sadowne.pl\/index.php?rest_route=\/wp\/v2\/types\/post"}],"author":[{"embeddable":true,"href":"http:\/\/info.sadowne.pl\/index.php?rest_route=\/wp\/v2\/users\/1"}],"replies":[{"embeddable":true,"href":"http:\/\/info.sadowne.pl\/index.php?rest_route=%2Fwp%2Fv2%2Fcomments&post=4526"}],"version-history":[{"count":1,"href":"http:\/\/info.sadowne.pl\/index.php?rest_route=\/wp\/v2\/posts\/4526\/revisions"}],"predecessor-version":[{"id":4529,"href":"http:\/\/info.sadowne.pl\/index.php?rest_route=\/wp\/v2\/posts\/4526\/revisions\/4529"}],"wp:attachment":[{"href":"http:\/\/info.sadowne.pl\/index.php?rest_route=%2Fwp%2Fv2%2Fmedia&parent=4526"}],"wp:term":[{"taxonomy":"category","embeddable":true,"href":"http:\/\/info.sadowne.pl\/index.php?rest_route=%2Fwp%2Fv2%2Fcategories&post=4526"},{"taxonomy":"post_tag","embeddable":true,"href":"http:\/\/info.sadowne.pl\/index.php?rest_route=%2Fwp%2Fv2%2Ftags&post=4526"}],"curies":[{"name":"wp","href":"https:\/\/api.w.org\/{rel}","templated":true}]}}