{"id":4731,"date":"2014-04-01T00:30:23","date_gmt":"2014-03-31T22:30:23","guid":{"rendered":"http:\/\/www.infosadowne.boo.pl\/?p=4731"},"modified":"2014-04-02T07:41:24","modified_gmt":"2014-04-02T05:41:24","slug":"sadowne-bedzie-miastem","status":"publish","type":"post","link":"http:\/\/info.sadowne.pl\/?p=4731","title":{"rendered":"Miasto? Prima aprilis"},"content":{"rendered":"<p style=\"text-align: justify;\">\n<p style=\"text-align: justify;\"><strong><img loading=\"lazy\" decoding=\"async\" class=\"alignleft size-thumbnail wp-image-4732\" alt=\"korona\" src=\"http:\/\/www.info.sadowne.pl\/wp-content\/uploads\/2014\/03\/korona-180x130.jpg\" width=\"180\" height=\"130\" \/>Przepraszamy Pa\u0144stwa za \u017cartobliw\u0105 informacj\u0119 na temat nadania praw miejskich naszej miejscowo\u015bci &#8211; artyku\u0142 ten powsta\u0142 wy\u0142\u0105cznie na potrzeby primaaprilisowego \u015bwi\u0119ta.<!--more--> <\/strong><\/p>\n<p style=\"text-align: justify;\">Przedstawione tu informacje zosta\u0142y wymy\u015blone, dlatego te\u017c jeszcze raz przepraszamy wszystkich, kt\u00f3rzy snuli ju\u017c plany zwi\u0105zane ze statusem obywatela nowomiejskiego, jak te\u017c tych, kt\u00f3rzy &#8222;nie pozostawili suchej nitki&#8221; na domniemanych pomys\u0142odawcach tak wielkich zmian w Sadownem. Oto ten artyku\u0142:<\/p>\n<h3 style=\"text-align: justify;\"><strong>Sadowne b\u0119dzie miastem!<\/strong><\/h3>\n<p style=\"text-align: justify;\"><strong>Z pocz\u0105tkiem przysz\u0142ego roku mieszka\u0144cy Sadownego b\u0119d\u0105 mogli pochwali\u0107 si\u0119 statusem obywatela miejscowo\u015bci posiadaj\u0105cej prawa miejskie.<\/strong><\/p>\n<p style=\"text-align: justify;\"><strong>Ju\u017c w lipcu tego roku Rada Ministr\u00f3w wyda rozporz\u0105dzenie, kt\u00f3rym &#8211; z dniem 1 stycznia 2015 roku &#8211;\u00a0 nadane zostan\u0105 prawa miejskie dla naszej miejscowo\u015bci.<\/strong><\/p>\n<p style=\"text-align: justify;\">Sadowne, aby uzyska\u0107 status miasta (okre\u015blany tradycyjnie jako prawa miejskie), musia\u0142o spe\u0142ni\u0107 kilka warunk\u00f3w. Za pozytywnym rozpatrzeniem wniosku o nadaniu praw miejskich przemawia\u0142o szereg argument\u00f3w i uwarunkowa\u0144:<\/p>\n<p style=\"text-align: justify;\"><b>Przestrzenno-urbanistyczne:<\/b><b><\/b><\/p>\n<p style=\"text-align: justify;\">&#8211; posiadanie odpowiedniej\u00a0infrastruktury\u00a0techniczno &#8211; komunalnej (ca\u0142a miejscowo\u015b\u0107 musi posiada\u0107 wodoci\u0105g, kanalizacj\u0119 z oczyszczalni\u0105 \u015bciek\u00f3w, a tak\u017ce prowadzi\u0107 selektywn\u0105 zbi\u00f3rk\u0119 odpad\u00f3w \u2013 warunki spe\u0142nione, cho\u0107 musimy szybko uko\u0144czy\u0107 pozosta\u0142e nitki kanalizacji w obr\u0119bie przysz\u0142ego miasta),<\/p>\n<p style=\"text-align: justify;\">&#8211; posiadanie uchwalonego\u00a0planu zagospodarowania przestrzennego\u00a0przewiduj\u0105cego rozbudow\u0119 przysz\u0142ego miasta oraz posiadanie miejskich cech funkcjonalno &#8211; przestrzennych (w najbli\u017cszym czasie Rada Gminy podejmie stosowne uchwa\u0142y reguluj\u0105ce uk\u0142ad urbanistyczny Sadownego z centrum miejscowo\u015bci otoczonym zwart\u0105 zabudow\u0105 typu miejskiego. Uko\u0144czone te\u017c zostan\u0105 asfaltowe nawierzchnie ulic z kanalizacj\u0105 burzow\u0105, chodniki, o\u015bwietlenie ulic, itp.)<\/p>\n<p style=\"text-align: justify;\">&#8211; w obszarze zwartej zabudowy nie powinna by\u0107 widoczna\u00a0zabudowa typu zagrodowego, dlatego te\u017c w\u0142adze zmierz\u0105 si\u0119 z problemem usuni\u0119cia z granic przysz\u0142ego miasta drobnorolniczej dzia\u0142alno\u015bci, nawet po poszerzeniu granic administracyjnych obecnej osady.<\/p>\n<p style=\"text-align: justify;\"><b>Historyczno-administracyjne:<\/b><\/p>\n<p style=\"text-align: justify;\">&#8211; posiadanie w przesz\u0142o\u015bci praw miejskich (m.in. herbu) lub stanowienie wa\u017cnego wi\u0119kszego lokalnego o\u015brodka administracyjnego (zaleta lecz nie warunek) &#8211; nowy herb, kt\u00f3ry otrzyma miasto b\u0119dzie musia\u0142 odzwierciedla\u0107 tradycj\u0119 i histori\u0119 miejscowo\u015bci (pomy\u015blmy szybko nad takim projektem). Atutem Sadownego jest sprawowanie obecnie funkcji centrum administracji gminy, a tak\u017ce posiadanie dostatecznej liczby instytucji pe\u0142ni\u0105cych ponadlokalne funkcje o charakterze miastotw\u00f3rczym (Zesp\u00f3\u0142 Szk\u00f3\u0142 Ponadgimnazjalnych, Gminny O\u015brodek Kultury, Muzeum Ziemi Sadowie\u0144skiej, Zak\u0142ad Gospodarki Komunalnej, Bank Sp\u00f3\u0142dzielczy, Urz\u0105d Pocztowy, Le\u015bnictwo, Parafia, klub sportowy, basen k\u0105pielowy i zesp\u00f3\u0142 obiekt\u00f3w sportowych).<\/p>\n<p style=\"text-align: justify;\"><b>Funkcjonalno-demograficzne:<\/b><\/p>\n<p style=\"text-align: justify;\">&#8211; posiadanie odpowiedniej liczby ludno\u015bci (przyj\u0119te kryterium to minimum 2 000 mieszka\u0144c\u00f3w, w praktyce ten warunek jest coraz mniej rygorystycznie przestrzegany, ale na wszelki wypadek w granice Sadownego w\u0142\u0105czone zostan\u0105 najbli\u017csze miejscowo\u015bci. Obecnie Sadowne posiada 1311 mieszka\u0144c\u00f3w i wymagane kryterium mo\u017ce by\u0107 spe\u0142nione (prawie) po przy\u0142\u0105czeniu do niego najbli\u017cszych miejscowo\u015bci &#8211; Oci\u0119tego z 343 mieszka\u0144cami oraz Sadolesia z 310 mieszka\u0144cami. Na naszym terenie jest coraz mniej mieszka\u0144c\u00f3w trudni\u0105cych si\u0119 rolnictwem, a wi\u0119c kolejne kryterium m\u00f3wi\u0105ce, i\u017c przynajmniej 2\/3 ludno\u015bci musi by\u0107 zatrudniona poza rolnictwem, zostanie spe\u0142nione.<\/p>\n<p style=\"text-align: justify;\"><b>I ostatnie uwarunkowanie &#8211; spo\u0142eczne:<\/b><\/p>\n<p style=\"text-align: justify;\">&#8211; poparcie lokalne (we wst\u0119pnych konsultacjach przewa\u017caj\u0105ca liczba mieszka\u0144c\u00f3w projektowanego miasta oraz otaczaj\u0105cej je gminy musi opowiedzie\u0107 si\u0119 za nadaniem statusu miejskiego) oraz pozytywna opinia wojewody. Tu chyba nie mamy w\u0105tpliwo\u015bci, wszyscy jeste\u015bmy za tymi zmianami, a wojewoda opowiada si\u0119 za g\u0142osem wi\u0119kszo\u015bci.<\/p>\n<p style=\"text-align: justify;\"><strong>Obecnie pozostaje nam tylko czeka\u0107 na stosown\u0105 decyzj\u0119 w\u0142adz centralnych. Nowy rok b\u0119dziemy wita\u0107 w nowych warunkach i z wi\u0119kszym optymizmem.<\/strong><\/p>\n<p style=\"text-align: justify;\"><strong>Tekst:<\/strong> sch<\/p>\n","protected":false},"excerpt":{"rendered":"<p>Przepraszamy Pa\u0144stwa za \u017cartobliw\u0105 informacj\u0119 na temat nadania praw miejskich naszej miejscowo\u015bci &#8211; artyku\u0142 ten powsta\u0142 wy\u0142\u0105cznie na potrzeby primaaprilisowego \u015bwi\u0119ta.<\/p>\n","protected":false},"author":1,"featured_media":0,"comment_status":"open","ping_status":"open","sticky":false,"template":"","format":"standard","meta":{"footnotes":""},"categories":[5,1],"tags":[667],"class_list":["post-4731","post","type-post","status-publish","format-standard","hentry","category-newsy","category-inne","tag-sadowne-sadowne-bedzie-miastem"],"views":3267,"_links":{"self":[{"href":"http:\/\/info.sadowne.pl\/index.php?rest_route=\/wp\/v2\/posts\/4731","targetHints":{"allow":["GET"]}}],"collection":[{"href":"http:\/\/info.sadowne.pl\/index.php?rest_route=\/wp\/v2\/posts"}],"about":[{"href":"http:\/\/info.sadowne.pl\/index.php?rest_route=\/wp\/v2\/types\/post"}],"author":[{"embeddable":true,"href":"http:\/\/info.sadowne.pl\/index.php?rest_route=\/wp\/v2\/users\/1"}],"replies":[{"embeddable":true,"href":"http:\/\/info.sadowne.pl\/index.php?rest_route=%2Fwp%2Fv2%2Fcomments&post=4731"}],"version-history":[{"count":3,"href":"http:\/\/info.sadowne.pl\/index.php?rest_route=\/wp\/v2\/posts\/4731\/revisions"}],"predecessor-version":[{"id":4751,"href":"http:\/\/info.sadowne.pl\/index.php?rest_route=\/wp\/v2\/posts\/4731\/revisions\/4751"}],"wp:attachment":[{"href":"http:\/\/info.sadowne.pl\/index.php?rest_route=%2Fwp%2Fv2%2Fmedia&parent=4731"}],"wp:term":[{"taxonomy":"category","embeddable":true,"href":"http:\/\/info.sadowne.pl\/index.php?rest_route=%2Fwp%2Fv2%2Fcategories&post=4731"},{"taxonomy":"post_tag","embeddable":true,"href":"http:\/\/info.sadowne.pl\/index.php?rest_route=%2Fwp%2Fv2%2Ftags&post=4731"}],"curies":[{"name":"wp","href":"https:\/\/api.w.org\/{rel}","templated":true}]}}