{"id":4819,"date":"2014-04-08T08:44:21","date_gmt":"2014-04-08T06:44:21","guid":{"rendered":"http:\/\/www.infosadowne.boo.pl\/?p=4819"},"modified":"2014-04-08T11:59:24","modified_gmt":"2014-04-08T09:59:24","slug":"w-sadownem-odbyla-sie-noc-sow","status":"publish","type":"post","link":"http:\/\/info.sadowne.pl\/?p=4819","title":{"rendered":"W Sadownem odby\u0142a si\u0119 NOC S\u00d3W"},"content":{"rendered":"<p style=\"text-align: justify;\"><strong><a href=\"http:\/\/www.info.sadowne.pl\/wp-content\/uploads\/2014\/04\/2014.04.08.1.jpg\" target=\"_blank\"><img loading=\"lazy\" decoding=\"async\" class=\"alignleft size-thumbnail wp-image-4820\" alt=\"2014.04.08.1\" src=\"http:\/\/www.info.sadowne.pl\/wp-content\/uploads\/2014\/04\/2014.04.08.1-180x130.jpg\" width=\"180\" height=\"130\" \/><\/a>W sobot\u0119, 5 kwietnia, w ca\u0142ej Polsce organizowano spotkania z okazji Nocy S\u00f3w. W Sadownem r\u00f3wnie\u017c. <!--more-->W sali Gminnego O\u015brodka Kultury Ko\u0142o Szalonych Ekolog\u00f3w zorganizowa\u0142o spotkanie, w kt\u00f3rym wzi\u0119\u0142o udzia\u0142 45 os\u00f3b.<\/strong><\/p>\n<p style=\"text-align: justify;\"><a href=\"http:\/\/www.info.sadowne.pl\/wp-content\/uploads\/2014\/04\/2014.04.08.2.jpg\" target=\"_blank\"><img loading=\"lazy\" decoding=\"async\" class=\"alignright size-thumbnail wp-image-4821\" alt=\"2014.04.08.2\" src=\"http:\/\/www.info.sadowne.pl\/wp-content\/uploads\/2014\/04\/2014.04.08.2-180x130.jpg\" width=\"180\" height=\"130\" \/><\/a>Spotkanie zacz\u0119\u0142o si\u0119 od opowie\u015bci o budowie, behawiorze i ekologii s\u00f3w. Nast\u0119pnie uczestnicy poznali bli\u017cej kilka najpospolitszych gatunk\u00f3w tej grupy ptak\u00f3w, a potem wszyscy obejrzeli film \u201eSowy Polski\u201d Artura Tabora.<\/p>\n<p style=\"text-align: justify;\"><a href=\"http:\/\/www.info.sadowne.pl\/wp-content\/uploads\/2014\/04\/2014.04.08.3.jpg\" target=\"_blank\"><img loading=\"lazy\" decoding=\"async\" class=\"alignleft size-thumbnail wp-image-4822\" alt=\"2014.04.08.3\" src=\"http:\/\/www.info.sadowne.pl\/wp-content\/uploads\/2014\/04\/2014.04.08.3-180x130.jpg\" width=\"180\" height=\"130\" \/><\/a>Kolejnym punktem programu by\u0142 konkurs wiedzy o tych tajemniczych ptakach, w kt\u00f3rym najbardziej aktywni byli najm\u0142odsi uczestnicy spotkania. Pierwsze miejsce zaj\u0105\u0142 Hubert Ga\u0142\u0105zka, drugie Mateusz Biernat, a trzecie Szymon Zakrzewski- uczniowie Szko\u0142y Podstawowej w Sadownem. Nagrodami by\u0142y publikacje wydane przez Ptaki Polskie, Og\u00f3lnopolskie Towarzystwo Ochrony Ptak\u00f3w oraz Towarzystwo Przyrodnicze Bocian.<\/p>\n<p style=\"text-align: justify;\"><a href=\"http:\/\/www.info.sadowne.pl\/wp-content\/uploads\/2014\/04\/2014.04.08.4.jpg\" target=\"_blank\"><img loading=\"lazy\" decoding=\"async\" class=\"alignright size-thumbnail wp-image-4823\" alt=\"2014.04.08.4\" src=\"http:\/\/www.info.sadowne.pl\/wp-content\/uploads\/2014\/04\/2014.04.08.4-180x130.jpg\" width=\"180\" height=\"130\" \/><\/a>Nast\u0119pnie, po obejrzeniu filmu \u201eP\u0142omyk\u00f3wka- sowa z s\u0105siedztwa\u201d wszyscy udali si\u0119 na ognisko. Ostatnim punktem programu by\u0142o wabienie s\u00f3w na obrze\u017cach Sadownego. Spotkanie zako\u0144czy\u0142a nie\u015bmia\u0142o odzywaj\u0105ca si\u0119 sowa uszatka.<\/p>\n<p style=\"text-align: justify;\"><strong><a href=\"http:\/\/www.info.sadowne.pl\/wp-content\/uploads\/2014\/04\/2014.04.08.5.jpg\" target=\"_blank\"><img loading=\"lazy\" decoding=\"async\" class=\"alignleft size-thumbnail wp-image-4825\" alt=\"2014.04.08.5\" src=\"http:\/\/www.info.sadowne.pl\/wp-content\/uploads\/2014\/04\/2014.04.08.5-180x130.jpg\" width=\"180\" height=\"130\" \/><\/a>Tekst\/foto:<\/strong> Ewelina Pu\u015bcian<\/p>\n","protected":false},"excerpt":{"rendered":"<p>W sobot\u0119, 5 kwietnia, w ca\u0142ej Polsce organizowano spotkania z okazji Nocy S\u00f3w. W Sadownem r\u00f3wnie\u017c.<\/p>\n","protected":false},"author":1,"featured_media":0,"comment_status":"open","ping_status":"open","sticky":false,"template":"","format":"standard","meta":{"footnotes":""},"categories":[5,83],"tags":[71,87,661],"class_list":["post-4819","post","type-post","status-publish","format-standard","hentry","category-newsy","category-gimnazjum","tag-gimnazjum-sadowne","tag-kolo-szaleni-ekolodzy","tag-noc-sow"],"views":2891,"_links":{"self":[{"href":"http:\/\/info.sadowne.pl\/index.php?rest_route=\/wp\/v2\/posts\/4819","targetHints":{"allow":["GET"]}}],"collection":[{"href":"http:\/\/info.sadowne.pl\/index.php?rest_route=\/wp\/v2\/posts"}],"about":[{"href":"http:\/\/info.sadowne.pl\/index.php?rest_route=\/wp\/v2\/types\/post"}],"author":[{"embeddable":true,"href":"http:\/\/info.sadowne.pl\/index.php?rest_route=\/wp\/v2\/users\/1"}],"replies":[{"embeddable":true,"href":"http:\/\/info.sadowne.pl\/index.php?rest_route=%2Fwp%2Fv2%2Fcomments&post=4819"}],"version-history":[{"count":2,"href":"http:\/\/info.sadowne.pl\/index.php?rest_route=\/wp\/v2\/posts\/4819\/revisions"}],"predecessor-version":[{"id":4826,"href":"http:\/\/info.sadowne.pl\/index.php?rest_route=\/wp\/v2\/posts\/4819\/revisions\/4826"}],"wp:attachment":[{"href":"http:\/\/info.sadowne.pl\/index.php?rest_route=%2Fwp%2Fv2%2Fmedia&parent=4819"}],"wp:term":[{"taxonomy":"category","embeddable":true,"href":"http:\/\/info.sadowne.pl\/index.php?rest_route=%2Fwp%2Fv2%2Fcategories&post=4819"},{"taxonomy":"post_tag","embeddable":true,"href":"http:\/\/info.sadowne.pl\/index.php?rest_route=%2Fwp%2Fv2%2Ftags&post=4819"}],"curies":[{"name":"wp","href":"https:\/\/api.w.org\/{rel}","templated":true}]}}