{"id":4829,"date":"2014-04-08T19:14:50","date_gmt":"2014-04-08T17:14:50","guid":{"rendered":"http:\/\/www.infosadowne.boo.pl\/?p=4829"},"modified":"2020-04-24T19:51:06","modified_gmt":"2020-04-24T17:51:06","slug":"warsztaty-w-gok","status":"publish","type":"post","link":"http:\/\/info.sadowne.pl\/?p=4829","title":{"rendered":"Warsztaty w GOK"},"content":{"rendered":"<p style=\"text-align: justify;\"><strong><img loading=\"lazy\" decoding=\"async\" class=\"alignleft size-thumbnail wp-image-4830\" src=\"http:\/\/www.info.sadowne.pl\/wp-content\/uploads\/2014\/04\/2014.04.08.6-180x130.jpg\" alt=\"2014.04.08.6\" width=\"180\" height=\"130\" \/>8 kwietnia w Gminnym O\u015brodku Kultury w Sadownem odby\u0142y si\u0119 warsztaty wycinanki i ozd\u00f3b wielkanocnych.<!--more--><\/strong><\/p>\n<p style=\"text-align: justify;\">Zbli\u017caj\u0105ce si\u0119 \u015awi\u0119ta Wielkanocne s\u0105 dobr\u0105 okazj\u0105 do organizowania zaj\u0119\u0107, kt\u00f3re wykszta\u0142c\u0105 umiej\u0119tno\u015bci samodzielnego przygotowania ozd\u00f3b \u015bwi\u0105tecznych. Nauka taka powinna odbywa\u0107 si\u0119 pod nadzorem fachowc\u00f3w w tej dziedzinie \u2013 warsztaty w GOK prowadzi\u0142a p. Gabriela Czarnecka \u2013 wycinarka i malarka. Jej umiej\u0119tno\u015bci w przekazaniu wiedzy i niespotykana wyobra\u017ania, a tak\u017ce zapa\u0142 kursant\u00f3w \u2013 zw\u0142aszcza dzieci, szybko przekszta\u0142ca\u0142y si\u0119 w niepowtarzalne wycinanki i ozdoby, kt\u00f3re ozdobi\u0105 niejeden sadowie\u0144ski dom.<\/p>\n<p><a href=\"https:\/\/photos.app.goo.gl\/71D4SkCBkzwsRRVz8\" target=\"_blank\" rel=\"noopener noreferrer\"><strong>Zdj\u0119cia w galerii Google&gt;&gt;&gt;<\/strong><\/a><\/p>\n<p><strong>Tekst:<\/strong> S\u0142awek Chyli\u0144ski<\/p>\n<p><strong>Foto:<\/strong> GOK<\/p>\n<p>&nbsp;<\/p>\n","protected":false},"excerpt":{"rendered":"<p>8 kwietnia w Gminnym O\u015brodku Kultury w Sadownem odby\u0142y si\u0119 warsztaty wycinanki i ozd\u00f3b wielkanocnych.<\/p>\n","protected":false},"author":1,"featured_media":0,"comment_status":"open","ping_status":"open","sticky":false,"template":"","format":"standard","meta":{"footnotes":""},"categories":[5,91,6],"tags":[169,168],"class_list":["post-4829","post","type-post","status-publish","format-standard","hentry","category-newsy","category-gminny-osrodek-kultury","category-kultura-rozrywka-edukacja","tag-gminny-osrodek-kultury-w-sadownem","tag-warsztaty-ozdob-wielkanocnych"],"views":2704,"_links":{"self":[{"href":"http:\/\/info.sadowne.pl\/index.php?rest_route=\/wp\/v2\/posts\/4829","targetHints":{"allow":["GET"]}}],"collection":[{"href":"http:\/\/info.sadowne.pl\/index.php?rest_route=\/wp\/v2\/posts"}],"about":[{"href":"http:\/\/info.sadowne.pl\/index.php?rest_route=\/wp\/v2\/types\/post"}],"author":[{"embeddable":true,"href":"http:\/\/info.sadowne.pl\/index.php?rest_route=\/wp\/v2\/users\/1"}],"replies":[{"embeddable":true,"href":"http:\/\/info.sadowne.pl\/index.php?rest_route=%2Fwp%2Fv2%2Fcomments&post=4829"}],"version-history":[{"count":3,"href":"http:\/\/info.sadowne.pl\/index.php?rest_route=\/wp\/v2\/posts\/4829\/revisions"}],"predecessor-version":[{"id":23343,"href":"http:\/\/info.sadowne.pl\/index.php?rest_route=\/wp\/v2\/posts\/4829\/revisions\/23343"}],"wp:attachment":[{"href":"http:\/\/info.sadowne.pl\/index.php?rest_route=%2Fwp%2Fv2%2Fmedia&parent=4829"}],"wp:term":[{"taxonomy":"category","embeddable":true,"href":"http:\/\/info.sadowne.pl\/index.php?rest_route=%2Fwp%2Fv2%2Fcategories&post=4829"},{"taxonomy":"post_tag","embeddable":true,"href":"http:\/\/info.sadowne.pl\/index.php?rest_route=%2Fwp%2Fv2%2Ftags&post=4829"}],"curies":[{"name":"wp","href":"https:\/\/api.w.org\/{rel}","templated":true}]}}