{"id":4975,"date":"2014-04-28T18:28:18","date_gmt":"2014-04-28T16:28:18","guid":{"rendered":"http:\/\/www.infosadowne.boo.pl\/?p=4975"},"modified":"2020-04-24T19:47:18","modified_gmt":"2020-04-24T17:47:18","slug":"cuda-i-cudenka","status":"publish","type":"post","link":"http:\/\/info.sadowne.pl\/?p=4975","title":{"rendered":"Cuda i cude\u0144ka"},"content":{"rendered":"<p style=\"text-align: justify;\"><strong><img loading=\"lazy\" decoding=\"async\" class=\"alignleft size-thumbnail wp-image-4976\" src=\"http:\/\/www.info.sadowne.pl\/wp-content\/uploads\/2014\/04\/2014.04.28.2-180x130.jpg\" alt=\"2014.04.28.2\" width=\"180\" height=\"130\" \/>Dawno nie odwiedzali\u015bmy naszych gastronom\u00f3w, ale oni na pewno nie pr\u00f3\u017cnuj\u0105.<!--more--><\/strong><\/p>\n<p style=\"text-align: justify;\">Na zaj\u0119ciach praktycznych w sadowie\u0144skim Technikum \u017bywienia i Us\u0142ug Gastronomicznych powstaj\u0105 ca\u0142y czas r\u00f3\u017cne cuda i cude\u0144ka. Nie s\u0105 to zdj\u0119cia z menu znanych hoteli lub lokali gastronomicznych, a wyniki pracy tw\u00f3rczej uczni\u00f3w Technikum, oczywi\u015bcie pod fachowym nadzorem Pa\u0144 prowadz\u0105cych tu zaj\u0119cia praktyczne. Na sam widok \u201e\u015blinka cieknie\u201d i wzmaga zazdro\u015b\u0107, \u017ce nie mo\u017cna spr\u00f3bowa\u0107 tych specja\u0142\u00f3w.<\/p>\n<p style=\"text-align: justify;\">Mogliby\u015bmy sami podj\u0105\u0107 pr\u00f3b\u0119 wykonania takich arcydzie\u0142, ale do tego trzeba\u2026 szko\u0142y. Ponawiamy wi\u0119c zaproszenie dla tegorocznych absolwent\u00f3w gimnazj\u00f3w \u2013 ju\u017c nied\u0142ugo rozpocz\u0119cie <span style=\"color: #0000ff;\"><strong><a href=\"http:\/\/www.liceumsadowne.pl\/rekrutacja-2013.html\" target=\"_blank\" rel=\"noopener noreferrer\"><span style=\"color: #0000ff;\">rekrutacji <\/span><\/a><\/strong><\/span>do Technikum i nie tylko.<\/p>\n<p style=\"text-align: justify;\"><strong>Zapraszamy!<\/strong><\/p>\n<p><a href=\"https:\/\/photos.app.goo.gl\/NfWSB5Zr9HrRnRNr8\" target=\"_blank\" rel=\"noopener noreferrer\"><strong>Zdj\u0119cia w galerii Google&gt;&gt;&gt;<\/strong><\/a><\/p>\n<p style=\"text-align: justify;\"><strong>Tekst:<\/strong> S\u0142awek Chyli\u0144ski<\/p>\n<p style=\"text-align: justify;\"><strong>Foto:<\/strong> T\u017biUG<\/p>\n<p style=\"text-align: justify;\"><strong>\u0179r\u00f3d\u0142o:\u00a0<\/strong><a href=\"http:\/\/www.facebook.com\/pages\/Technikum-%C5%BBywienia-i-Us%C5%82ug-Gastronomicznych-w-Sadownem\/243959705762262\" target=\"_blank\" rel=\"noopener noreferrer\">www.facebook.com<\/a><\/p>\n<p>&nbsp;<\/p>\n","protected":false},"excerpt":{"rendered":"<p>Dawno nie odwiedzali\u015bmy naszych gastronom\u00f3w, ale oni na pewno nie pr\u00f3\u017cnuj\u0105.<\/p>\n","protected":false},"author":1,"featured_media":0,"comment_status":"open","ping_status":"open","sticky":false,"template":"","format":"standard","meta":{"footnotes":""},"categories":[5,85],"tags":[254,182],"class_list":["post-4975","post","type-post","status-publish","format-standard","hentry","category-newsy","category-zsp","tag-technikum-zywienia-i-uslug-gastronomicznych-w-sadownem","tag-zespol-szkol-ponadgimnazjalnych-w-sadownem"],"views":3263,"_links":{"self":[{"href":"http:\/\/info.sadowne.pl\/index.php?rest_route=\/wp\/v2\/posts\/4975","targetHints":{"allow":["GET"]}}],"collection":[{"href":"http:\/\/info.sadowne.pl\/index.php?rest_route=\/wp\/v2\/posts"}],"about":[{"href":"http:\/\/info.sadowne.pl\/index.php?rest_route=\/wp\/v2\/types\/post"}],"author":[{"embeddable":true,"href":"http:\/\/info.sadowne.pl\/index.php?rest_route=\/wp\/v2\/users\/1"}],"replies":[{"embeddable":true,"href":"http:\/\/info.sadowne.pl\/index.php?rest_route=%2Fwp%2Fv2%2Fcomments&post=4975"}],"version-history":[{"count":4,"href":"http:\/\/info.sadowne.pl\/index.php?rest_route=\/wp\/v2\/posts\/4975\/revisions"}],"predecessor-version":[{"id":23339,"href":"http:\/\/info.sadowne.pl\/index.php?rest_route=\/wp\/v2\/posts\/4975\/revisions\/23339"}],"wp:attachment":[{"href":"http:\/\/info.sadowne.pl\/index.php?rest_route=%2Fwp%2Fv2%2Fmedia&parent=4975"}],"wp:term":[{"taxonomy":"category","embeddable":true,"href":"http:\/\/info.sadowne.pl\/index.php?rest_route=%2Fwp%2Fv2%2Fcategories&post=4975"},{"taxonomy":"post_tag","embeddable":true,"href":"http:\/\/info.sadowne.pl\/index.php?rest_route=%2Fwp%2Fv2%2Ftags&post=4975"}],"curies":[{"name":"wp","href":"https:\/\/api.w.org\/{rel}","templated":true}]}}