{"id":5170,"date":"2014-05-19T14:50:24","date_gmt":"2014-05-19T12:50:24","guid":{"rendered":"http:\/\/www.infosadowne.boo.pl\/?p=5170"},"modified":"2020-04-24T19:41:42","modified_gmt":"2020-04-24T17:41:42","slug":"piknik-rodzinny","status":"publish","type":"post","link":"http:\/\/info.sadowne.pl\/?p=5170","title":{"rendered":"Piknik Rodzinny"},"content":{"rendered":"<p style=\"text-align: justify;\"><strong><img loading=\"lazy\" decoding=\"async\" class=\"alignleft size-thumbnail wp-image-5171\" src=\"http:\/\/www.info.sadowne.pl\/wp-content\/uploads\/2014\/05\/2014.05.19.2-180x130.jpg\" alt=\"2014.05.19.2\" width=\"180\" height=\"130\" \/>18 maja w Sadownem odby\u0142 si\u0119 Piknik Rodzinny.<!--more--><\/strong><\/p>\n<p style=\"text-align: justify;\">Tego dnia, od po\u0142udnia, mo\u017cna by\u0142o korzysta\u0107 z wielu atrakcji, kt\u00f3re przygotowali organizatorzy Pikniku Rodzinnego \u2013 pod has\u0142em \u201eBaw si\u0119 zdrowo, bezalkoholowo\u201d. Wymarzona pogoda, muzyka i zabawy na \u015bwie\u017cym powietrzu przyci\u0105gn\u0119\u0142y na szkolny plac wielu mieszka\u0144c\u00f3w Sadownego i okolic. Zabawom, przewa\u017cnie dzieci, nie by\u0142o ko\u0144ca. Doro\u015bli natomiast mogli obejrze\u0107 wystaw\u0119 starej fotografii, ukazuj\u0105cej Sadowne przed laty, wystaw\u0119 prac konkursu fotograficznego, skorzysta\u0107 z przygotowanych stoisk, zwiedzi\u0107 Muzeum Ziemi Sadowie\u0144skiej, a tak\u017ce pos\u0142ucha\u0107 muzyki disco polo w wykonaniu Zespo\u0142u Muzycznego \u201eWIKTORIA\u201d, kt\u00f3ry r\u00f3wnie\u017c zaj\u0105\u0142 si\u0119 opraw\u0105 muzyczn\u0105 Pikniku.<\/p>\n<p style=\"text-align: justify;\">Odby\u0142 si\u0119 tak\u017ce fina\u0142 konkursu fotograficznego \u201eRok w Obiektywie\u201d. Zima to ostatnia pora roku, kt\u00f3rej dotyczy\u0142y oceniane prace \u2013 bezkonkurencyjne okaza\u0142y si\u0119 Panie: Maja Smolewska, Justyna Gryglas i Arleta Mianowicz. Z r\u0105k p. Ewy Pi\u00f3rkowskiej &#8211; Dyrektora Gminnego O\u015brodka Kultury w Sadownem &#8211;\u00a0zwyci\u0119\u017cczynie otrzyma\u0142y zas\u0142u\u017cone nagrody.<\/p>\n<p style=\"text-align: justify;\">Podsumowaniem Pikniku i efektownym zako\u0144czeniem by\u0142o wystawienie sztuki pt. \u201eOdsun\u0105\u0142 si\u0119 Jan\u2026\u201d, kt\u00f3r\u0105 przygotowali uczniowie Gimnazjum im. b\u0142. Edwarda Grzyma\u0142y w Sadownem. Scenariusz, scenografi\u0119\u2026 wszystko, zupe\u0142nie wszystko przygotowali sami uczniowie pod okiem pp. Doroty Ga\u0142\u0105zki i Anny Gierej. W czym rzecz w tej sztuce? &#8211; mieszka\u0144cy Sadownego i okolic chyba dobrze znaj\u0105 histori\u0119 kapliczki \u015bw. Jana Nepomucena i jej \u201eucieczki\u201d od Sadownego. Przedstawienie by\u0142o \u015bwietne, a wyrazem tego by\u0142y nieko\u0144cz\u0105ce si\u0119 brawa licznie przyby\u0142ej publiczno\u015bci. \u017byczymy dalszych sukces\u00f3w aktorom z Grupy Edwarda.<\/p>\n<p style=\"text-align: justify;\">W tym miejscu dzi\u0119kujemy r\u00f3wnie\u017c organizatorom tak \u015bwietnej imprezy: W\u00f3jtowi Gminy Sadowne, Gminnej Komisji Rozwi\u0105zywania Problem\u00f3w Alkoholowych, Gminnemu O\u015brodkowi Pomocy Spo\u0142ecznej, Gimnazjum w Sadownem, a w szczeg\u00f3lno\u015bci Gminnemu O\u015brodkowi Kultury w Sadownem i jego pracownikom, kt\u00f3rzy zaplanowali i przygotowali dla nas te wszystkie atrakcje. Szczeg\u00f3lne te\u017c wyrazy uznania dla druh\u00f3w z OSP Sok\u00f3\u0142ka, kt\u00f3rzy dzielnie zabezpieczali przebieg ca\u0142ej imprezy i s\u0142u\u017cyli pomoc\u0105 wszystkim potrzebuj\u0105cym.<\/p>\n<p><a href=\"https:\/\/photos.app.goo.gl\/rBHb6yYNGXSoUSCb6\" target=\"_blank\" rel=\"noopener noreferrer\"><strong>Zdj\u0119cia w galerii Google&gt;&gt;&gt;<\/strong><\/a><\/p>\n<p style=\"text-align: justify;\"><span style=\"color: #0000ff;\"><strong><a href=\"http:\/\/youtu.be\/IQKaQO5kZCI\" target=\"_blank\" rel=\"noopener noreferrer\"><span style=\"color: #0000ff;\">Zobacz te\u017c film &gt;&gt;&gt;<\/span><\/a><\/strong><\/span><\/p>\n<p style=\"text-align: justify;\"><strong>Tekst\/foto:<\/strong> S\u0142awek Chyli\u0144ski<\/p>\n<p>&nbsp;<\/p>\n","protected":false},"excerpt":{"rendered":"<p>18 maja w Sadownem odby\u0142 si\u0119 Piknik Rodzinny.<\/p>\n","protected":false},"author":1,"featured_media":0,"comment_status":"open","ping_status":"open","sticky":false,"template":"","format":"standard","meta":{"footnotes":""},"categories":[5,91,6],"tags":[169,731],"class_list":["post-5170","post","type-post","status-publish","format-standard","hentry","category-newsy","category-gminny-osrodek-kultury","category-kultura-rozrywka-edukacja","tag-gminny-osrodek-kultury-w-sadownem","tag-piknik-rodzinny-w-sadownem"],"views":3901,"_links":{"self":[{"href":"http:\/\/info.sadowne.pl\/index.php?rest_route=\/wp\/v2\/posts\/5170","targetHints":{"allow":["GET"]}}],"collection":[{"href":"http:\/\/info.sadowne.pl\/index.php?rest_route=\/wp\/v2\/posts"}],"about":[{"href":"http:\/\/info.sadowne.pl\/index.php?rest_route=\/wp\/v2\/types\/post"}],"author":[{"embeddable":true,"href":"http:\/\/info.sadowne.pl\/index.php?rest_route=\/wp\/v2\/users\/1"}],"replies":[{"embeddable":true,"href":"http:\/\/info.sadowne.pl\/index.php?rest_route=%2Fwp%2Fv2%2Fcomments&post=5170"}],"version-history":[{"count":3,"href":"http:\/\/info.sadowne.pl\/index.php?rest_route=\/wp\/v2\/posts\/5170\/revisions"}],"predecessor-version":[{"id":23335,"href":"http:\/\/info.sadowne.pl\/index.php?rest_route=\/wp\/v2\/posts\/5170\/revisions\/23335"}],"wp:attachment":[{"href":"http:\/\/info.sadowne.pl\/index.php?rest_route=%2Fwp%2Fv2%2Fmedia&parent=5170"}],"wp:term":[{"taxonomy":"category","embeddable":true,"href":"http:\/\/info.sadowne.pl\/index.php?rest_route=%2Fwp%2Fv2%2Fcategories&post=5170"},{"taxonomy":"post_tag","embeddable":true,"href":"http:\/\/info.sadowne.pl\/index.php?rest_route=%2Fwp%2Fv2%2Ftags&post=5170"}],"curies":[{"name":"wp","href":"https:\/\/api.w.org\/{rel}","templated":true}]}}