{"id":5309,"date":"2014-05-28T21:10:01","date_gmt":"2014-05-28T19:10:01","guid":{"rendered":"http:\/\/www.infosadowne.boo.pl\/?p=5309"},"modified":"2020-04-24T19:36:01","modified_gmt":"2020-04-24T17:36:01","slug":"xiv-plener-malarski","status":"publish","type":"post","link":"http:\/\/info.sadowne.pl\/?p=5309","title":{"rendered":"XIV Plener Malarski"},"content":{"rendered":"<p style=\"text-align: justify;\"><strong><img loading=\"lazy\" decoding=\"async\" class=\"alignleft size-thumbnail wp-image-5310\" src=\"http:\/\/www.info.sadowne.pl\/wp-content\/uploads\/2014\/05\/2014.05.28.10-180x130.jpg\" alt=\"2014.05.28.10\" width=\"180\" height=\"130\" \/>28 maja w Gminnym O\u015brodku Kultury w Sadownem odby\u0142 si\u0119 wernisa\u017c XIV Pleneru Malarskiego.<!--more--><\/strong><\/p>\n<p style=\"text-align: justify;\">Artyst\u00f3w prezentuj\u0105cych tu swoje prace oraz przyby\u0142ych go\u015bci powita\u0142a P. Ewa Pi\u00f3rkowska \u2013 Dyrektor Gminnego O\u015brodka Kultury, wprowadzaj\u0105c zebranych w tajniki tegorocznego Pleneru, po czym \u2013 tradycyjnie \u2013 g\u0142os przekazany zosta\u0142 p. Edwardowi Hermanowi, dzi\u0119ki kt\u00f3remu po raz kolejny arty\u015bci mieli okazj\u0119 spotka\u0107 si\u0119 w Sadownem.<\/p>\n<p style=\"text-align: justify;\">&#8211; XIV Plener Malarski m\u00f3g\u0142 odby\u0107 si\u0119 dzi\u0119ki wsp\u00f3\u0142organizatorom reprezentuj\u0105cym Urz\u0105d Gminy Sadowne, Gminny O\u015brodek Kultury, miejscowe plac\u00f3wki o\u015bwiatowe oraz osobom prywatnym, kt\u00f3rzy jednocze\u015bnie stali si\u0119 sponsorami dwutygodniowego pobytu artyst\u00f3w na naszym terenie \u2013 rozpocz\u0105\u0142 p. Herman, wymieniaj\u0105c z imienia i nazwiska osoby \u201ezas\u0142u\u017cone dla kultury w tym wydaniu\u201d. \u2013 Witamy serdecznie obecnych z nami artyst\u00f3w plastyk\u00f3w, uczestnik\u00f3w tegorocznego Pleneru \u2013 kontynuowa\u0142 p. Dyrektor, prezentuj\u0105c kolejno czternastu artyst\u00f3w z jednoczesnym om\u00f3wieniem ich dokona\u0144 zawodowych.<\/p>\n<p style=\"text-align: justify;\">Uczestnikami XIV Pleneru Malarskiego w Sadownem, kt\u00f3ry rozpocz\u0105\u0142 si\u0119 19 maja, byli pp.: Wanda Falencik \u2013 Masznicz \u2013 Komisarz Pleneru, Regina Balinow, Gabriela Czarnecka, Romana Freudenreich \u2013 \u015alubowska, Ma\u0142gorzata Wiktoria Gajewska \u2013 Margasi\u0144ska, El\u017cbieta Kaniecka \u2013 Siegoczy\u0144ska, Adam Kunikowski, Ryszard Marian Owczarek, Kinga Ramus, Danuta Rasi\u0144ska, Lidia Snitko \u2013 Pleszko, Krystyna Sommer, Lucyna Starczewska i Ryszard Stryjewski.<\/p>\n<p style=\"text-align: justify;\">Po cz\u0119\u015bci oficjalnej mo\u017cna by\u0142o zapozna\u0107 si\u0119 z pracami b\u0119d\u0105cymi efektem tegorocznego Pleneru &#8211; pejza\u017cami Sadownego i okolic, portretami, w oleju lub wykonanych akrylem, o\u0142\u00f3wkiem, pastelami, niekt\u00f3re na porcelanie\u2026 ale te\u017c po raz pierwszy pracami rze\u017abiarskimi, wycinankami i gobelinami. Trudno tu w skr\u00f3cie odda\u0107 r\u00f3\u017cnorodno\u015b\u0107 technik artystycznych i tematyk\u0119 prac. Warto je obejrze\u0107 samodzielnie i oceni\u0107 kunszt artyst\u00f3w. Wystawa b\u0119dzie czynna do 30 maja \u2013 zapraszamy do Gminnego O\u015brodka Kultury w Sadownem.<\/p>\n<p><a href=\"https:\/\/photos.app.goo.gl\/kr5JuKFKqSZsqotF6\" target=\"_blank\" rel=\"noopener noreferrer\"><strong>Zdj\u0119cia w galerii Google&gt;&gt;&gt;<\/strong><\/a><\/p>\n<p style=\"text-align: justify;\"><strong>Tekst\/foto:<\/strong> S\u0142awek Chyli\u0144ski<\/p>\n<p>&nbsp;<\/p>\n","protected":false},"excerpt":{"rendered":"<p>28 maja w Gminnym O\u015brodku Kultury w Sadownem odby\u0142 si\u0119 wernisa\u017c XIV Pleneru Malarskiego.<\/p>\n","protected":false},"author":1,"featured_media":0,"comment_status":"open","ping_status":"open","sticky":false,"template":"","format":"standard","meta":{"footnotes":""},"categories":[5,91,6],"tags":[169,775],"class_list":["post-5309","post","type-post","status-publish","format-standard","hentry","category-newsy","category-gminny-osrodek-kultury","category-kultura-rozrywka-edukacja","tag-gminny-osrodek-kultury-w-sadownem","tag-xiv-plener-malarski-w-sadownem"],"views":3854,"_links":{"self":[{"href":"http:\/\/info.sadowne.pl\/index.php?rest_route=\/wp\/v2\/posts\/5309","targetHints":{"allow":["GET"]}}],"collection":[{"href":"http:\/\/info.sadowne.pl\/index.php?rest_route=\/wp\/v2\/posts"}],"about":[{"href":"http:\/\/info.sadowne.pl\/index.php?rest_route=\/wp\/v2\/types\/post"}],"author":[{"embeddable":true,"href":"http:\/\/info.sadowne.pl\/index.php?rest_route=\/wp\/v2\/users\/1"}],"replies":[{"embeddable":true,"href":"http:\/\/info.sadowne.pl\/index.php?rest_route=%2Fwp%2Fv2%2Fcomments&post=5309"}],"version-history":[{"count":4,"href":"http:\/\/info.sadowne.pl\/index.php?rest_route=\/wp\/v2\/posts\/5309\/revisions"}],"predecessor-version":[{"id":23330,"href":"http:\/\/info.sadowne.pl\/index.php?rest_route=\/wp\/v2\/posts\/5309\/revisions\/23330"}],"wp:attachment":[{"href":"http:\/\/info.sadowne.pl\/index.php?rest_route=%2Fwp%2Fv2%2Fmedia&parent=5309"}],"wp:term":[{"taxonomy":"category","embeddable":true,"href":"http:\/\/info.sadowne.pl\/index.php?rest_route=%2Fwp%2Fv2%2Fcategories&post=5309"},{"taxonomy":"post_tag","embeddable":true,"href":"http:\/\/info.sadowne.pl\/index.php?rest_route=%2Fwp%2Fv2%2Ftags&post=5309"}],"curies":[{"name":"wp","href":"https:\/\/api.w.org\/{rel}","templated":true}]}}