{"id":5341,"date":"2014-06-02T16:59:55","date_gmt":"2014-06-02T14:59:55","guid":{"rendered":"http:\/\/www.infosadowne.boo.pl\/?p=5341"},"modified":"2020-04-24T19:32:01","modified_gmt":"2020-04-24T17:32:01","slug":"gminny-dzien-dziecka-2","status":"publish","type":"post","link":"http:\/\/info.sadowne.pl\/?p=5341","title":{"rendered":"Gminny Dzie\u0144 Dziecka"},"content":{"rendered":"<p style=\"text-align: justify;\"><b><img loading=\"lazy\" decoding=\"async\" class=\"alignleft size-thumbnail wp-image-5342\" src=\"http:\/\/www.info.sadowne.pl\/wp-content\/uploads\/2014\/06\/2014.06.02.1-180x130.jpg\" alt=\"2014.06.02.1\" width=\"180\" height=\"130\" \/>Ryk syren, g\u0142o\u015bne krzyki dzieci \u2013 to nie nag\u0142e zdarzenie, a odg\u0142osy zabaw dobiegaj\u0105ce do uszu mieszka\u0144c\u00f3w Sadownego.<!--more--><\/b><\/p>\n<p style=\"text-align: justify;\">2. czerwca zorganizowano dla sadowie\u0144skich dzieciak\u00f3w Gminny Dzie\u0144 Dziecka. Od samego rana, pomimo deszczowej pogody, dzieci ze szk\u00f3\u0142 i przedszkoli Gminy gromadzi\u0142y si\u0119 przy obiektach szkolnych w Sadownem, gdzie czeka\u0142o na nie du\u017co atrakcji.<\/p>\n<p style=\"text-align: justify;\"><b>Oficjalne otwarcie imprezy nast\u0105pi\u0142o w hali sportowej Gimnazjum. Tu organizatorzy tegorocznego Dnia Dziecka \u2013 pp. Zdzis\u0142aw Tracz -W\u00f3jt Gminy Sadowne, Jadwiga Gutowska &#8211; Przewodnicz\u0105ca Gminnej Komisji Rozwi\u0105zywania Problem\u00f3w Alkoholowych w Sadownem, Ma\u0142gorzata Zy\u015bk &#8211; Dyrektor Gimnazjum w Sadownem i Ma\u0142gorzata Koro\u015b &#8211; Dyrektor Szko\u0142y Podstawowej w Sadownem \u2013 powitali uczni\u00f3w.<\/b> Spotkanie, kt\u00f3rego mottem by\u0142a walka z na\u0142ogami, by\u0142o r\u00f3wnie\u017c okazj\u0105 do promowania zdrowego stylu \u017cycia i w\u0142a\u015bciwego sp\u0119dzania wolnego czasu, np. poprzez udzia\u0142 w organizowanych konkursach. <b>Wyniki takich konkurs\u00f3w, organizowanych przez Gminny O\u015brodek Kultury w Sadownem w ramach obchod\u00f3w rocznicy 500-lecia Sadownego, og\u0142oszono, a ich finali\u015bci otrzymali z r\u0105k organizator\u00f3w imprezy i p. Ewy Pi\u00f3rkowskiej \u2013 Dyrektora GOK, zas\u0142u\u017cone nagrody i pami\u0105tkowe dyplomy.<\/b> Cz\u0119\u015b\u0107 oficjalna zako\u0144czona zosta\u0142a wyst\u0119pem Grupy Tanecznej ze Szko\u0142y Podstawowej w Sadownem, nosz\u0105cej nazw\u0119 \u201eStudio Ta\u0144ca Fen\u201d. Grupa, \u0107wicz\u0105ca od trzech miesi\u0119cy pod kierownictwem Instruktorki ta\u0144ca p. Blanki Malinowskiej, zaprezentowa\u0142a 3 ta\u0144ce: Hip \u2013 hop, Hip hop lejdis i Haus fanki.<\/p>\n<p style=\"text-align: justify;\"><b>I dopiero teraz rozpocz\u0119\u0142o si\u0119 \u201ezamieszanie\u201d \u2013 kontrolowane zamieszanie.<\/b> Dzieci ch\u0119tnie korzysta\u0142y z przygotowanych atrakcji: malowania twarzy, zaj\u0119\u0107 artystyczno-plastycznych, konkurs\u00f3w plastycznych (na kostce), zaj\u0119\u0107 sportowych i muzealnych oraz oczywi\u015bcie zje\u017cd\u017calni, karuzel itp., itd.<\/p>\n<p style=\"text-align: justify;\"><b>Jak zawsze, niezawodni byli druhowie z OSP Sok\u00f3\u0142ka, kt\u00f3rych dru\u017cyna przyby\u0142a wozem bojowym na plac przed Gimnazjum, a tak\u017ce policjanci z Komisariatu Policji w \u0141ochowie, kt\u00f3rzy znakowali rowery.<\/b> Obydwie formacje udost\u0119pni\u0142y swoje pojazdy oznakowane dla gawiedzi, kt\u00f3ra licznie korzysta\u0142a z przejazd\u00f3w po placu w atmosferze \u201eprowadzonej akcji\u201d ga\u015bniczej\u201d lub \u201epo\u015bcigu policyjnego\u201d \u2013 st\u0105d sygna\u0142y d\u017awi\u0119kowe nios\u0105ce si\u0119 Dalego po polach i \u0142\u0105kach wok\u00f3\u0142 Sadownego.<\/p>\n<p style=\"text-align: justify;\"><b>Na uwag\u0119 zas\u0142uguje udzia\u0142 w Dniu Dziecka, po raz kolejny, przedstawicieli Nadle\u015bnictwa \u0141och\u00f3w<\/b>, kt\u00f3rzy jednocze\u015bnie \u015bwi\u0119tuj\u0105 90-lecie las\u00f3w pa\u0144stwowych. Stoisko Nadle\u015bnictwa przyci\u0105ga\u0142o dzieci propozycjami zabaw ekologicznych, jak te\u017c gad\u017cetami i eksponatami ukazuj\u0105cymi zawarto\u015b\u0107 przyrodnicz\u0105 naszych las\u00f3w.<\/p>\n<p style=\"text-align: justify;\"><b>Po raz pierwszy w tego rodzaju imprezie wzi\u0119li udzia\u0142 strzelcy z Jednostki Strzeleckiej 5001,<\/b> kt\u00f3ra od niedawna organizuje na terenie Sadownego dru\u017cyn\u0119 strzeleck\u0105. Za\u0142o\u017cenia i cele strzelc\u00f3w, zw\u0142aszcza uwielbienie dla militari\u00f3w i kultywowanie tradycji historycznych, s\u0105 atrakcyjne dla m\u0142odych ludzi. Pokaz zatrzymania samochodu, chwyt\u00f3w obronnych oraz dzia\u0142ania patrolu medycznego, przyci\u0105gn\u0119\u0142y spor\u0105 grupk\u0119 m\u0142odzie\u017cy, kt\u00f3ra w przysz\u0142o\u015bci mo\u017ce stanowi\u0107 kadr\u0119 miejscowej dru\u017cyny strzeleckiej.<\/p>\n<p style=\"text-align: justify;\"><b>Organizatorzy zadbali te\u017c o regeneracj\u0119 zu\u017cytych podczas zabawy kalorii.<\/b> Dzieci pokrzepi\u0142y si\u0119 ciep\u0142ym posi\u0142kiem, napojami i lodami. Mog\u0142yby si\u0119 bawi\u0107 bez ko\u0144ca, ale \u2013 jak to si\u0119 m\u00f3wi \u2013 wszystko, co dobre, szybko si\u0119 ko\u0144czy. Dzi\u0119kujemy w imieniu dzieci za tak wspania\u0142y dzie\u0144 i do zobaczenia za rok.<\/p>\n<p><a href=\"https:\/\/photos.app.goo.gl\/e4YwiEsV48dcMzkw8\" target=\"_blank\" rel=\"noopener noreferrer\"><strong>Zdj\u0119cia w galerii Google&gt;&gt;&gt;<\/strong><\/a><\/p>\n<p style=\"text-align: justify;\"><b>Tekst\/foto:<\/b> S\u0142awek Chyli\u0144ski<\/p>\n<p>&nbsp;<\/p>\n","protected":false},"excerpt":{"rendered":"<p>Ryk syren, g\u0142o\u015bne krzyki dzieci \u2013 to nie nag\u0142e zdarzenie, a odg\u0142osy zabaw dobiegaj\u0105ce do uszu mieszka\u0144c\u00f3w Sadownego.<\/p>\n","protected":false},"author":1,"featured_media":0,"comment_status":"open","ping_status":"open","sticky":false,"template":"","format":"standard","meta":{"footnotes":""},"categories":[5,83],"tags":[523,71,230],"class_list":["post-5341","post","type-post","status-publish","format-standard","hentry","category-newsy","category-gimnazjum","tag-500-lecie-sadownego","tag-gimnazjum-sadowne","tag-gminny-dzien-dziecka-w-sadownem"],"views":4098,"_links":{"self":[{"href":"http:\/\/info.sadowne.pl\/index.php?rest_route=\/wp\/v2\/posts\/5341","targetHints":{"allow":["GET"]}}],"collection":[{"href":"http:\/\/info.sadowne.pl\/index.php?rest_route=\/wp\/v2\/posts"}],"about":[{"href":"http:\/\/info.sadowne.pl\/index.php?rest_route=\/wp\/v2\/types\/post"}],"author":[{"embeddable":true,"href":"http:\/\/info.sadowne.pl\/index.php?rest_route=\/wp\/v2\/users\/1"}],"replies":[{"embeddable":true,"href":"http:\/\/info.sadowne.pl\/index.php?rest_route=%2Fwp%2Fv2%2Fcomments&post=5341"}],"version-history":[{"count":2,"href":"http:\/\/info.sadowne.pl\/index.php?rest_route=\/wp\/v2\/posts\/5341\/revisions"}],"predecessor-version":[{"id":23326,"href":"http:\/\/info.sadowne.pl\/index.php?rest_route=\/wp\/v2\/posts\/5341\/revisions\/23326"}],"wp:attachment":[{"href":"http:\/\/info.sadowne.pl\/index.php?rest_route=%2Fwp%2Fv2%2Fmedia&parent=5341"}],"wp:term":[{"taxonomy":"category","embeddable":true,"href":"http:\/\/info.sadowne.pl\/index.php?rest_route=%2Fwp%2Fv2%2Fcategories&post=5341"},{"taxonomy":"post_tag","embeddable":true,"href":"http:\/\/info.sadowne.pl\/index.php?rest_route=%2Fwp%2Fv2%2Ftags&post=5341"}],"curies":[{"name":"wp","href":"https:\/\/api.w.org\/{rel}","templated":true}]}}