{"id":5417,"date":"2014-06-05T15:43:45","date_gmt":"2014-06-05T13:43:45","guid":{"rendered":"http:\/\/www.infosadowne.boo.pl\/?p=5417"},"modified":"2020-04-24T19:30:23","modified_gmt":"2020-04-24T17:30:23","slug":"iii-mazowiecki-przystanek-pat","status":"publish","type":"post","link":"http:\/\/info.sadowne.pl\/?p=5417","title":{"rendered":"III Mazowiecki Przystanek PaT"},"content":{"rendered":"<p style=\"text-align: justify;\"><strong><img loading=\"lazy\" decoding=\"async\" class=\"alignleft size-thumbnail wp-image-5418\" src=\"http:\/\/www.info.sadowne.pl\/wp-content\/uploads\/2014\/06\/2014.06.05.3-180x130.jpg\" alt=\"2014.06.05.3\" width=\"180\" height=\"130\" \/>Komenda Wojew\u00f3dzka Policji z siedzib\u0105 w Radomiu, Urz\u0105d Miasta w Ostrowi Mazowieckiej oraz Mazowieckie Centrum Polityki Spo\u0142ecznej organizuj\u0105 III Mazowiecki Przystanek PaT<!--more-->, kt\u00f3ry odb\u0119dzie si\u0119 w dniach 13-14.06.2014 r. w Ostrowi Mazowieckiej.<\/strong><\/p>\n<p style=\"text-align: justify;\">Akcja b\u0119dzie przedsi\u0119wzi\u0119ciem dwudniowym i zostanie po\u0142\u0105czona z Og\u00f3lnopolskim G\u0142osem Profilaktyki, kt\u00f3ry b\u0119dzie mia\u0142 miejsce w dniu 14.06.2014 r. przed Ratuszem przy ul. 3 Maja 66.<\/p>\n<p style=\"text-align: justify;\"><strong><a href=\"http:\/\/www.info.sadowne.pl\/wp-content\/uploads\/2014\/06\/2014.06.05.4.jpg\" target=\"_blank\" rel=\"noopener noreferrer\"><img loading=\"lazy\" decoding=\"async\" class=\"alignright size-medium wp-image-5419\" src=\"http:\/\/www.info.sadowne.pl\/wp-content\/uploads\/2014\/06\/2014.06.05.4-210x300.jpg\" alt=\"2014.06.05.4\" width=\"210\" height=\"300\" srcset=\"http:\/\/info.sadowne.pl\/wp-content\/uploads\/2014\/06\/2014.06.05.4-210x300.jpg 210w, http:\/\/info.sadowne.pl\/wp-content\/uploads\/2014\/06\/2014.06.05.4.jpg 561w\" sizes=\"auto, (max-width: 210px) 100vw, 210px\" \/><\/a>Moda na \u017cycie bez uzale\u017cnie\u0144 &#8211; \u017cycie bez narkotyk\u00f3w, alkoholu, bez przemocy. Takim przes\u0142aniem w dniu 14.06.2014 r. rozpocznie si\u0119 na terenie ca\u0142ego kraju Og\u00f3lnopolski G\u0142os Profilaktyki,<\/strong> kt\u00f3ry jest krajowym zrywem wzmocnienia tw\u00f3rczej profilaktyki realizowanej przez spo\u0142eczno\u015b\u0107 programu Komendy G\u0142\u00f3wnej Policji \u201eProfilaktyka a Ty&#8221;.<\/p>\n<p style=\"text-align: justify;\" align=\"center\"><span style=\"color: #0000ff;\"><b>Og\u00f3lnopolski G\u0142os Profilaktyki &#8211; 14.06.2014 r.<\/b>\u00a0<\/span><b><\/b><\/p>\n<p style=\"text-align: justify;\">Moda na \u017cycie bez uzale\u017cnie\u0144 &#8212; \u017cycie bez narkotyk\u00f3w, alkoholu, bez przemocy. Takim przes\u0142aniem w dniu 14.06.2014r. rozpocznie si\u0119 na terenie ca\u0142ego kraju Og\u00f3lnopolski G\u0142os Profilaktyki, kt\u00f3ry jest krajowym zrywem wzmocnienia tw\u00f3rczej profilaktyki realizowanej przez spo\u0142eczno\u015b\u0107 programu Komendy G\u0142\u00f3wnej Policji \u201eProfilaktyka a Ty&#8221;. Og\u00f3lnonarodowy zryw jedno\u015bci pokoleniowej, instytucjonalnej i \u015brodowiskowej, dok\u0142adnie wpisuje si\u0119 w za\u0142o\u017cenia rz\u0105dowego programu ograniczania przest\u0119pczo\u015bci i aspo\u0142ecznych zachowa\u0144 \u201eRazem bezpieczniej&#8221; Ministerstwa Spraw Wewn\u0119trznych. Partnerem inicjatywy jest Ministerstwo Edukacji Narodowej.<\/p>\n<p style=\"text-align: justify;\">Wi\u0119cej o Przystanku PaT i Og\u00f3lnopolskim G\u0142osie Profilaktyki mo\u017cna przeczyta\u0107 na stronie <span style=\"color: #0000ff;\"><strong><a href=\"http:\/\/www.kwp.radom.pl\/komenda-powiatowa-policji-w-wegrowie\" target=\"_blank\" rel=\"noopener noreferrer\"><span style=\"color: #0000ff;\">Komendy Powiatowej Policji w W\u0119growie<\/span><\/a><\/strong><\/span>.<\/p>\n<p style=\"text-align: justify;\"><strong>st. sier\u017c. Anna Maliszewska<\/strong><\/p>\n","protected":false},"excerpt":{"rendered":"<p>Komenda Wojew\u00f3dzka Policji z siedzib\u0105 w Radomiu, Urz\u0105d Miasta w Ostrowi Mazowieckiej oraz Mazowieckie Centrum Polityki Spo\u0142ecznej organizuj\u0105 III Mazowiecki Przystanek PaT<\/p>\n","protected":false},"author":1,"featured_media":0,"comment_status":"open","ping_status":"open","sticky":false,"template":"","format":"standard","meta":{"footnotes":""},"categories":[5,266,4],"tags":[797,261,798],"class_list":["post-5417","post","type-post","status-publish","format-standard","hentry","category-newsy","category-policja-policja-straz-pozarna-pogotowie-ratunkowe","category-policja-straz-pozarna-pogotowie-ratunkowe","tag-iii-mazowiecki-przystanek-pat","tag-komenda-powiatowa-policji-w-wegrowie","tag-ogolnopolski-glos-profilaktyki"],"views":2712,"_links":{"self":[{"href":"http:\/\/info.sadowne.pl\/index.php?rest_route=\/wp\/v2\/posts\/5417","targetHints":{"allow":["GET"]}}],"collection":[{"href":"http:\/\/info.sadowne.pl\/index.php?rest_route=\/wp\/v2\/posts"}],"about":[{"href":"http:\/\/info.sadowne.pl\/index.php?rest_route=\/wp\/v2\/types\/post"}],"author":[{"embeddable":true,"href":"http:\/\/info.sadowne.pl\/index.php?rest_route=\/wp\/v2\/users\/1"}],"replies":[{"embeddable":true,"href":"http:\/\/info.sadowne.pl\/index.php?rest_route=%2Fwp%2Fv2%2Fcomments&post=5417"}],"version-history":[{"count":3,"href":"http:\/\/info.sadowne.pl\/index.php?rest_route=\/wp\/v2\/posts\/5417\/revisions"}],"predecessor-version":[{"id":23325,"href":"http:\/\/info.sadowne.pl\/index.php?rest_route=\/wp\/v2\/posts\/5417\/revisions\/23325"}],"wp:attachment":[{"href":"http:\/\/info.sadowne.pl\/index.php?rest_route=%2Fwp%2Fv2%2Fmedia&parent=5417"}],"wp:term":[{"taxonomy":"category","embeddable":true,"href":"http:\/\/info.sadowne.pl\/index.php?rest_route=%2Fwp%2Fv2%2Fcategories&post=5417"},{"taxonomy":"post_tag","embeddable":true,"href":"http:\/\/info.sadowne.pl\/index.php?rest_route=%2Fwp%2Fv2%2Ftags&post=5417"}],"curies":[{"name":"wp","href":"https:\/\/api.w.org\/{rel}","templated":true}]}}