{"id":5664,"date":"2014-06-29T18:39:59","date_gmt":"2014-06-29T16:39:59","guid":{"rendered":"http:\/\/www.infosadowne.boo.pl\/?p=5664"},"modified":"2020-04-24T19:23:09","modified_gmt":"2020-04-24T17:23:09","slug":"bieg-grzymaly","status":"publish","type":"post","link":"http:\/\/info.sadowne.pl\/?p=5664","title":{"rendered":"Bieg Grzyma\u0142y"},"content":{"rendered":"<p style=\"text-align: justify;\"><strong><img loading=\"lazy\" decoding=\"async\" class=\"alignleft size-thumbnail wp-image-5665\" src=\"http:\/\/www.info.sadowne.pl\/wp-content\/uploads\/2014\/06\/2014.06.29.1-180x130.jpg\" alt=\"2014.06.29.1\" width=\"180\" height=\"130\" \/>29 czerwca w Sadownem odby\u0142 si\u0119 I Bieg ku czci b\u0142. Edwarda Grzyma\u0142y.<\/strong><!--more--><\/p>\n<p style=\"text-align: justify;\">29 czerwca, punktualnie go godz. 12.30, na starcie biegu przy polanie Ko\u0142a \u0141owieckiego \u201eKszyk\u201d w Sadownem stawi\u0142o si\u0119 53. biegaczy, po czym &#8211; punktualnie go godz. 12.30 &#8211; ruszyli duktami le\u015bnymi lasu \u201eJegiel\u201d do miejsca urodzenia b\u0142. E. Grzyma\u0142y, by po ok. 10. kilometrach dotrze\u0107 do mety, kt\u00f3ra usytuowana by\u0142a w miejscu startu.<\/p>\n<p style=\"text-align: justify;\">Organizatorzy, przygotowuj\u0105c imprez\u0119 sportow\u0105 w Sadownem, mieli na celu popularyzacj\u0119 biegania, jako najprostszej formy rekreacji fizycznej oraz uczczenie 500. rocznicy powstania Sadownego i 90-lecia Las\u00f3w Pa\u0144stwowych, a tak\u017ce przybli\u017cenie postaci b\u0142ogos\u0142awionego Edwarda Grzyma\u0142y i oddanie ho\u0142du ok. 300. wi\u0119\u017aniom z obozu w Treblince zamordowanym w pobli\u017cu startu-mety.<\/p>\n<p style=\"text-align: justify;\">I uda\u0142o si\u0119 \u2013 bieg spotka\u0142 si\u0119 ze sporym zainteresowaniem os\u00f3b uprawiaj\u0105cych na co dzie\u0144 bieganie, a tak\u017ce zgromadzi\u0142 liczn\u0105 publiczno\u015b\u0107. Miejmy nadziej\u0119, \u017ce w kolejnych latach inicjatywa ta b\u0119dzie w Sadownem kontynuowana.<\/p>\n<p style=\"text-align: justify;\"><strong>Chwa\u0142a organizatorom, kt\u00f3rzy stan\u0119li na wysoko\u015bci zadania przygotowuj\u0105c imprez\u0119 sportow\u0105 na wysokim poziomie. A byli nimi:<\/strong>\u00a0Gminny O\u015brodek Kultury w Sadownem, Nadle\u015bnictwo \u0141och\u00f3w, Klub Sportowy \u201eWicher\u201d Sadowne, Zarz\u0105d Powiatowy Szkolnego Zwi\u0105zku Sportowego w W\u0119growie, Ko\u0142o \u0141owieckie \u201eKszyk\u201d Warszawa i Ko\u0142o W\u0119dkarskie nr 27 Sadowne, a patronat medialny nad imprez\u0105 sprawowa\u0142 Nieoficjalny Portal Informacyjny Gminy Sadowne INFO SADOWNE.<\/p>\n<p style=\"text-align: justify;\">Jeszcze przed startem przedstawiciele organizator\u00f3w oddali ho\u0142d b\u0142. E. Grzymale i pomordowanym w pobliskim miejscu wi\u0119\u017aniom z Treblinki, zapalaj\u0105c symboliczne lampiony w miejscach ich upami\u0119tniaj\u0105cych.<\/p>\n<p style=\"text-align: justify;\"><strong>Ale wr\u00f3\u0107my do biegu. <\/strong><\/p>\n<p style=\"text-align: justify;\">Wszyscy zawodnicy, kt\u00f3rzy stan\u0119li na starcie, uko\u0144czyli bieg, za co otrzymali honorowe medale. Pucharami natomiast nagrodzono najlepszych zawodnik\u00f3w w poszczeg\u00f3lnych kategoriach \u2013 po trzy kategorie kobiece i m\u0119skie (kat. wiekowe: 16 \u2013 29, 30 \u2013 50 i powy\u017cej 50 lat) oraz kategoria open.<\/p>\n<p style=\"text-align: justify;\"><strong>Bieg wygra\u0142 Andrzej Piwo\u0144ski z Budziszewa z czasem 35:52:13 min., na drugim miejscu uplasowa\u0142a si\u0119 Anna Szyszka z Oci\u0119tego \u2013 czas: 36:47:63 min., natomiast jako trzeci met\u0119 przekroczy\u0142: \u0141ukasz Kowalczyk z Toporu \u2013 czas: 37:00:36 min. Miejsca te odwzorowuj\u0105 kategori\u0119 open biegu.<\/strong><\/p>\n<p style=\"text-align: justify;\"><strong>W poszczeg\u00f3lnych kategoriach na podium stan\u0119li:<\/strong><\/p>\n<p style=\"text-align: justify;\"><strong>&#8211; kat. K-1<\/strong><\/p>\n<p style=\"text-align: justify;\">I miejsce \u2013 Anna Szyszka z Oci\u0119tego<\/p>\n<p style=\"text-align: justify;\">II miejsce \u2013 Magdalena Jemielity z \u0141om\u017cy<\/p>\n<p style=\"text-align: justify;\">III miejsce \u2013 Anna Rutkowska z Warszawy<\/p>\n<p style=\"text-align: justify;\"><strong>&#8211; kat. K-2<\/strong><\/p>\n<p style=\"text-align: justify;\">I miejsce \u2013 Monika Szczechura z Sadownego<\/p>\n<p style=\"text-align: justify;\">II miejsce \u2013 Agnieszka Taborska z Ostrowi Mazowieckiej<\/p>\n<p style=\"text-align: justify;\">III miejsce \u2013 Sylwia Antoniak z Ma\u0142kini<\/p>\n<p style=\"text-align: justify;\"><strong>&#8211; kat. K-3<\/strong><\/p>\n<p style=\"text-align: justify;\">I miejsce \u2013 Ewa Ko\u0142odziej z Ostrowi Mazowieckiej<\/p>\n<p style=\"text-align: justify;\"><strong>&#8211; kat. M-1<\/strong><\/p>\n<p style=\"text-align: justify;\">I miejsce \u2013 Andrzej Piwo\u0144ski z Budziszewa<\/p>\n<p style=\"text-align: justify;\">II miejsce \u2013 \u0141ukasz Kowalczyk z Toporu<\/p>\n<p style=\"text-align: justify;\">III miejsce \u2013 Kamil Kandulski z Sadownego<\/p>\n<p style=\"text-align: justify;\"><strong>&#8211; kat. M-2<\/strong><\/p>\n<p style=\"text-align: justify;\">I miejsce \u2013 Bart\u0142omiej Doma\u0144ski z Piaseczna<\/p>\n<p style=\"text-align: justify;\">II miejsce \u2013 Dariusz Wojtkowski z Ma\u0142kini G\u00f3rnej<\/p>\n<p style=\"text-align: justify;\">III miejsce \u2013 Przemys\u0142aw Murawski z Warszawy<\/p>\n<p style=\"text-align: justify;\"><strong>&#8211; kat. M-3<\/strong><\/p>\n<p style=\"text-align: justify;\">I miejsce \u2013 Tadeusz Danaj z Sadownego<\/p>\n<p style=\"text-align: justify;\">II miejsce \u2013 Tomasz Klepacki z Warszawy<\/p>\n<p style=\"text-align: justify;\">III miejsce \u2013 S\u0142awomir D\u0142ugo\u0142\u0119cki z Zar\u0105b Ko\u015bcielnych<\/p>\n<p style=\"text-align: justify;\"><strong>Lista startowa, miejsca zawodnik\u00f3w i czasy dost\u0119pne <span style=\"color: #0000ff;\"><a href=\"http:\/\/www.info.sadowne.pl\/wp-content\/uploads\/2014\/06\/Wyniki-uczestnik\u00f3w-I-biegu-Ku-Czczi-b\u0142.doc\" target=\"_blank\" rel=\"noopener noreferrer\"><span style=\"color: #0000ff;\">tutaj&gt;&gt;&gt;<\/span><\/a><\/span><\/strong><\/p>\n<p style=\"text-align: justify;\">Wszystkim zwyci\u0119zcom i uczestnikom biegu gratulujemy uzyskanych wynik\u00f3w i dzi\u0119kujemy za udzia\u0142.<\/p>\n<p style=\"text-align: justify;\">Jeszcze raz dzi\u0119kujemy r\u00f3wnie\u017c organizatorom, kt\u00f3rzy zadbali tak\u017ce o sprawn\u0105 obs\u0142ug\u0119 techniczn\u0105 imprezy, w tym tak\u017ce pocz\u0119stunek dla zawodnik\u00f3w i kibic\u00f3w. Mamy nadziej\u0119, \u017ce spotkamy si\u0119 za rok na II. Biegu ku czci b\u0142ogos\u0142awionego Edwarda Grzyma\u0142y.<\/p>\n<p><a href=\"https:\/\/photos.app.goo.gl\/6eg89fc79q1CFSHG8\" target=\"_blank\" rel=\"noopener noreferrer\"><strong>Zdj\u0119cia w galerii Google&gt;&gt;&gt;<\/strong><\/a><\/p>\n<p style=\"text-align: justify;\"><strong>Tekst\/foto:<\/strong> S\u0142awek Chyli\u0144ski<\/p>\n<p>&nbsp;<\/p>\n","protected":false},"excerpt":{"rendered":"<p>29 czerwca w Sadownem odby\u0142 si\u0119 I Bieg ku czci b\u0142. Edwarda Grzyma\u0142y.<\/p>\n","protected":false},"author":1,"featured_media":0,"comment_status":"open","ping_status":"open","sticky":false,"template":"","format":"standard","meta":{"footnotes":""},"categories":[5,2135,7],"tags":[523,694,25],"class_list":["post-5664","post","type-post","status-publish","format-standard","hentry","category-newsy","category-bieganie","category-sport","tag-500-lecie-sadownego","tag-i-bieg-blogoslawionego-edwarda-grzymaly","tag-sadowne"],"views":4196,"_links":{"self":[{"href":"http:\/\/info.sadowne.pl\/index.php?rest_route=\/wp\/v2\/posts\/5664","targetHints":{"allow":["GET"]}}],"collection":[{"href":"http:\/\/info.sadowne.pl\/index.php?rest_route=\/wp\/v2\/posts"}],"about":[{"href":"http:\/\/info.sadowne.pl\/index.php?rest_route=\/wp\/v2\/types\/post"}],"author":[{"embeddable":true,"href":"http:\/\/info.sadowne.pl\/index.php?rest_route=\/wp\/v2\/users\/1"}],"replies":[{"embeddable":true,"href":"http:\/\/info.sadowne.pl\/index.php?rest_route=%2Fwp%2Fv2%2Fcomments&post=5664"}],"version-history":[{"count":6,"href":"http:\/\/info.sadowne.pl\/index.php?rest_route=\/wp\/v2\/posts\/5664\/revisions"}],"predecessor-version":[{"id":23320,"href":"http:\/\/info.sadowne.pl\/index.php?rest_route=\/wp\/v2\/posts\/5664\/revisions\/23320"}],"wp:attachment":[{"href":"http:\/\/info.sadowne.pl\/index.php?rest_route=%2Fwp%2Fv2%2Fmedia&parent=5664"}],"wp:term":[{"taxonomy":"category","embeddable":true,"href":"http:\/\/info.sadowne.pl\/index.php?rest_route=%2Fwp%2Fv2%2Fcategories&post=5664"},{"taxonomy":"post_tag","embeddable":true,"href":"http:\/\/info.sadowne.pl\/index.php?rest_route=%2Fwp%2Fv2%2Ftags&post=5664"}],"curies":[{"name":"wp","href":"https:\/\/api.w.org\/{rel}","templated":true}]}}