{"id":5798,"date":"2014-07-13T20:18:56","date_gmt":"2014-07-13T18:18:56","guid":{"rendered":"http:\/\/www.infosadowne.boo.pl\/?p=5798"},"modified":"2020-04-24T18:51:17","modified_gmt":"2020-04-24T16:51:17","slug":"zawody-wedkarskie","status":"publish","type":"post","link":"http:\/\/info.sadowne.pl\/?p=5798","title":{"rendered":"Zawody w\u0119dkarskie"},"content":{"rendered":"<p style=\"text-align: justify;\"><strong><img loading=\"lazy\" decoding=\"async\" class=\"alignleft size-thumbnail wp-image-5799\" src=\"http:\/\/www.info.sadowne.pl\/wp-content\/uploads\/2014\/07\/2014.07.13.3-180x130.jpg\" alt=\"2014.07.13.3\" width=\"180\" height=\"130\" \/>13 lipca Ko\u0142o nr 27 PZW rozegra\u0142o zawody na Jeziorze Kot\u0142o.<\/strong><!--more--><\/p>\n<p style=\"text-align: justify;\">Ko\u0142o nr 27 Polskiego Zwi\u0105zku W\u0119dkarskiego w Sadownem, okr\u0119g siedlecki, uczci\u0142o Jubileusz 500-lecia Sadownego organizuj\u0105c 13 lipca Towarzyskie Zawody Sp\u0142awikowe o \u201ePuchar Sadownego\u201d.<\/p>\n<p style=\"text-align: justify;\">Zawody odby\u0142y si\u0119 na wodach Jeziora Kot\u0142o w Wilczog\u0119bach i wzi\u0119\u0142o w nich udzia\u0142 dziewi\u0119tnastu w\u0119dkarzy z K\u00f3\u0142 PZW: Ma\u0142kinia G\u00f3rna, Komorowo, \u0141och\u00f3w, Nowy Dw\u00f3r Mazowiecki i Sadowne.<\/p>\n<p style=\"text-align: justify;\">Po dwuetapowych, dwugodzinnych \u201ezmaganiach\u201d uczestnik\u00f3w Zawod\u00f3w z \u201ewielk\u0105 ryb\u0105\u201d, dokonano komisyjnego wa\u017cenia po\u0142ow\u00f3w, kt\u00f3re wy\u0142oni\u0142o zwyci\u0119zc\u00f3w. Najlepszymi okazali si\u0119:<\/p>\n<p style=\"text-align: justify;\"><strong>I miejsce<\/strong> &#8211; Pawe\u0142 Soko\u0142owski (Sadole\u015b \u2013 Ko\u0142o PZW Komorowo),<\/p>\n<p style=\"text-align: justify;\"><strong>II miejsce<\/strong> &#8211; \u00a0Krzysztof Koro\u015b \u00a0(Ko\u0142o PZW Sadowne),<\/p>\n<p style=\"text-align: justify;\"><strong>III miejsce<\/strong> &#8211; Wojciech Wujek (Ko\u0142o PZW Ma\u0142kinia G\u00f3rna),<\/p>\n<p style=\"text-align: justify;\"><strong>IV miejsce &#8211;<\/strong> Miros\u0142aw Roguszewski (Ko\u0142o PZW \u0141och\u00f3w),<\/p>\n<p style=\"text-align: justify;\"><strong>V miejsce<\/strong> &#8211; Ryszard Warda (Ko\u0142o PZW Sadowne),<\/p>\n<p style=\"text-align: justify;\"><strong>VI miejsce<\/strong> &#8211; Dominika Wujek (Ko\u0142o PZW Ma\u0142kinia G\u00f3rna).<\/p>\n<p style=\"text-align: justify;\">Zawodnicy zajmuj\u0105cy miejsca I-VI zostali nagrodzeni pucharami.<\/p>\n<p style=\"text-align: justify;\"><strong>Komisja wy\u0142oni\u0142a tak\u017ce zwyci\u0119zc\u0119 dodatkowej kategorii \u2013 \u201eNajwi\u0119ksza ryba\u201d. W tej kategorii nagrodzona statuetk\u0105 zosta\u0142a Dominika Wujek (jedyna kobieta zawod\u00f3w i najwi\u0119ksza ryba!).<\/strong><\/p>\n<p style=\"text-align: justify;\">Towarzysk\u0105 imprez\u0119 zako\u0144czy\u0142y w\u0119dkarskie opowie\u015bci toczone przy ognisku rozpalonym nad brzegiem malowniczego Jeziora Kot\u0142o w Wilczog\u0119bach.<\/p>\n<p style=\"text-align: justify;\"><strong>Wszystkim zawodnikom dzi\u0119kujemy za udzia\u0142 w Zawodach, a kibicom za doping. Mamy nadziej\u0119, \u017ce spotkamy si\u0119 ju\u017c wkr\u00f3tce \u2013 na kolejnych \u201ezmaganiach z wielk\u0105 ryb\u0105\u201d.<\/strong><\/p>\n<p><a href=\"https:\/\/photos.app.goo.gl\/JGUz2QjnGCi4nA5F9\" target=\"_blank\" rel=\"noopener noreferrer\"><strong>Zdj\u0119cia w galerii Google&gt;&gt;&gt;<\/strong><\/a><\/p>\n<p style=\"text-align: justify;\"><strong>Tekst\/foto:<\/strong> S\u0142awek Chyli\u0144ski\/organizatorzy<\/p>\n<p>&nbsp;<\/p>\n","protected":false},"excerpt":{"rendered":"<p>13 lipca Ko\u0142o nr 27 PZW rozegra\u0142o zawody na Jeziorze Kot\u0142o.<\/p>\n","protected":false},"author":1,"featured_media":0,"comment_status":"open","ping_status":"open","sticky":false,"template":"","format":"standard","meta":{"footnotes":""},"categories":[5,1,689],"tags":[523,530,847],"class_list":["post-5798","post","type-post","status-publish","format-standard","hentry","category-newsy","category-inne","category-wedkarstwo","tag-500-lecie-sadownego","tag-kolo-nr-27-w-sadownem-pzw","tag-zawody-wedkarskie-puchar-sadownego"],"views":3703,"_links":{"self":[{"href":"http:\/\/info.sadowne.pl\/index.php?rest_route=\/wp\/v2\/posts\/5798","targetHints":{"allow":["GET"]}}],"collection":[{"href":"http:\/\/info.sadowne.pl\/index.php?rest_route=\/wp\/v2\/posts"}],"about":[{"href":"http:\/\/info.sadowne.pl\/index.php?rest_route=\/wp\/v2\/types\/post"}],"author":[{"embeddable":true,"href":"http:\/\/info.sadowne.pl\/index.php?rest_route=\/wp\/v2\/users\/1"}],"replies":[{"embeddable":true,"href":"http:\/\/info.sadowne.pl\/index.php?rest_route=%2Fwp%2Fv2%2Fcomments&post=5798"}],"version-history":[{"count":3,"href":"http:\/\/info.sadowne.pl\/index.php?rest_route=\/wp\/v2\/posts\/5798\/revisions"}],"predecessor-version":[{"id":23316,"href":"http:\/\/info.sadowne.pl\/index.php?rest_route=\/wp\/v2\/posts\/5798\/revisions\/23316"}],"wp:attachment":[{"href":"http:\/\/info.sadowne.pl\/index.php?rest_route=%2Fwp%2Fv2%2Fmedia&parent=5798"}],"wp:term":[{"taxonomy":"category","embeddable":true,"href":"http:\/\/info.sadowne.pl\/index.php?rest_route=%2Fwp%2Fv2%2Fcategories&post=5798"},{"taxonomy":"post_tag","embeddable":true,"href":"http:\/\/info.sadowne.pl\/index.php?rest_route=%2Fwp%2Fv2%2Ftags&post=5798"}],"curies":[{"name":"wp","href":"https:\/\/api.w.org\/{rel}","templated":true}]}}