{"id":5846,"date":"2014-07-20T09:25:57","date_gmt":"2014-07-20T07:25:57","guid":{"rendered":"http:\/\/www.infosadowne.boo.pl\/?p=5846"},"modified":"2020-04-24T18:49:28","modified_gmt":"2020-04-24T16:49:28","slug":"festyn-dzien-pierwszy","status":"publish","type":"post","link":"http:\/\/info.sadowne.pl\/?p=5846","title":{"rendered":"Festyn &#8211; dzie\u0144 pierwszy"},"content":{"rendered":"<p style=\"text-align: justify;\"><strong><img loading=\"lazy\" decoding=\"async\" class=\"alignleft size-thumbnail wp-image-5847\" src=\"http:\/\/www.info.sadowne.pl\/wp-content\/uploads\/2014\/07\/2014.07.20.1-180x130.jpg\" alt=\"2014.07.20.1\" width=\"180\" height=\"130\" \/>19 lipca rozpocz\u0105\u0142 si\u0119 dwudniowy Festyn Jubileuszowy z okazji 500-lecia Sadownego.<\/strong><!--more--><\/p>\n<p style=\"text-align: justify;\">Organizatorzy obchod\u00f3w 500-lecia Sadownego postanowili uczci\u0107 t\u0119 rocznic\u0119 organizuj\u0105c dwudniowy Festyn Jubileuszowy. Zaplanowano go na weekend wakacyjny, 19-20 lipca.<\/p>\n<p style=\"text-align: justify;\">Organizatorami tak znacz\u0105cej dla naszej miejscowo\u015bci uroczysto\u015bci s\u0105: W\u00f3jt Gminy Sadowne \u2013 p. Zdzis\u0142aw Tracz oraz Dyrektor Gminnego O\u015brodka Kultury w Sadownem \u2013 p. Ewa Pi\u00f3rkowska. To oni w\u0142a\u015bnie powitali wszystkich przyby\u0142ych wczesnym popo\u0142udniem pierwszego dnia Festynu.<\/p>\n<p style=\"text-align: justify;\">Prowadz\u0105cym i konferansjerem imprezy by\u0142 p. W\u0142adys\u0142aw Grzywna \u2013 aktor estrady i scen teatr\u00f3w warszawskich, kt\u00f3ry podzi\u0119kowa\u0142 r\u00f3wnie\u017c instytucjom pomagaj\u0105cym w organizacji Festynu: Urz\u0119dowi Gminy w Sadownem, Gminnej Bibliotece Publicznej w Sadownem, Muzeum Ziemi Sadowie\u0144skiej, Zespo\u0142owi Szk\u00f3\u0142 Ponadgimnazjalnych w Sadownem, Gimnazjum w Sadownem, Przedszkolu w Sadownem i Zesp\u0142owi Szkolno-Przedszkolnemu w Grabinach, a tak\u017ce sponsorom, dzi\u0119ki kt\u00f3rym impreza ta mog\u0142a si\u0119 odby\u0107: Fabryce Mebli \u201e Forte\u201d z Ostrowi Mazowieckiej, Piekarni \u201eRobson\u201d z \u0141ochowa, Reginie i Wojciechowi \u0141opaci\u0144skim z Sadownego, Sklepowi \u201eTopaz Express\u201d z Sadownego, Sklepowi \u201eRobert\u201d z Sadownego, Cukierni \u201eMarica\u201d z Sadownego i Markowi Pu\u015bcionowi z Sadownego.<\/p>\n<p style=\"text-align: justify;\">Po tym powitaniu mo\u017cna by\u0142o przyst\u0105pi\u0107 do zabawy, a na scenie w kolejno\u015bci prezentowali swoje umiej\u0119tno\u015bci muzyczne:<\/p>\n<p style=\"text-align: justify;\">&#8211; Zesp\u00f3\u0142 Muzyczny Mirage &#8211; grupa wokalno \u2013 instrumentalna, w sk\u0142ad kt\u00f3rej wchodz\u0105 do\u015bwiadczeni, profesjonalni muzycy pochodz\u0105cy mi\u0119dzy innymi z Sadownego,<\/p>\n<p style=\"text-align: justify;\">&#8211; Anna Melchner \u2013 wokalistka, laureatka wielu konkurs\u00f3w piosenki, obecnie studiuj\u0105ca w Wy\u017cszej Szkole Pedagogicznej w Bia\u0142ymstoku,<\/p>\n<p style=\"text-align: justify;\">&#8211; Zesp\u00f3\u0142 Muzyczny DanceDay pochodz\u0105cy z Mi\u0144ska Mazowieckiego, prezentuj\u0105cy covery zespo\u0142\u00f3w disco, rock, pop, country i autorski materia\u0142 w stylu dance,<\/p>\n<p style=\"text-align: justify;\">&#8211; Zesp\u00f3\u0142 Muzyczny Focus \u2013 polski zesp\u00f3\u0142 muzyczny disco polo, kt\u00f3ry powsta\u0142 w 1999\u00a0roku w Bia\u0142ymstoku. Nazwa zespo\u0142u zosta\u0142a zaczerpni\u0119ta od nazwy modelu samochodu marki Ford. Liderem i wokalist\u0105 zespo\u0142u jest Zbigniew Perkowski.<\/p>\n<p style=\"text-align: justify;\">Wiecz\u00f3r muzyczny sadowie\u0144skiego, pierwszego dnia Festynu zako\u0144czy\u0142 Zesp\u00f3\u0142 Muzyczny Albion, kt\u00f3ry gra muzyk\u0119 pop, klimaty etniczne, rockowe i Dance, a do tego wyst\u0119pu przygotowywa\u0142 si\u0119 przy Gminnym O\u015brodku Kultury w Sadownem. W jego sk\u0142ad wchodz\u0105: Janusz Urbankowski \u2013 gitara, wokal, Asia Klimek \u2013 wokal, Asia Gruszczy\u0144ska \u2013 wokal, Adam Powierza \u2013 syntezator, Stanis\u0142aw Tymi\u0144ski \u2013 perkusja elektroniczna, \u0141ukasz Kotwica \u2013 b\u0119bny etniczne.<\/p>\n<p style=\"text-align: justify;\">Nie mo\u017cna te\u017c zapomnie\u0107 o strzelcach, kt\u00f3rzy ju\u017c chyba na dobre zago\u015bcili w Sadownem i okolicy. Troch\u0119 wytchnienia od rytm\u00f3w dobiegaj\u0105cych ze sceny dali nam w\u0142a\u015bnie strzelcy z Jednostki Strzeleckiej 5001 ZS \u201eStrzelec\u201d J\u00f3zefa Pi\u0142sudskiego, kt\u00f3rzy zaprezentowali &#8211; z udzia\u0142em publiczno\u015bci &#8211; pokaz samoobrony i udzielania pierwszej pomocy. Zgromadzi\u0142 on liczn\u0105 publiczno\u015b\u0107 zw\u0142aszcza, \u017ce by\u0142 zapowiedzi\u0105 kolejnego naboru m\u0142odych strzelc\u00f3w w szeregi Jednostki.<\/p>\n<p style=\"text-align: justify;\">Uczestnicy Festynu, opr\u00f3cz tych atrakcji, mogli r\u00f3wnie\u017c skorzysta\u0107 z bogactw licznych stoisk gastronomiczno-handlowych, w kt\u00f3rych kr\u00f3lowa\u0142y napoje, r\u00f3wnie\u017c te niskoprocentowe, grillowane dania, lody\u2026, a tak\u017ce r\u0119kodzie\u0142o artystyczne. Mo\u017cna te\u017c by\u0142o wygra\u0107 lub naby\u0107 gad\u017cety zwi\u0105zane z obchodami rocznicy albo te\u017c pomalowa\u0107 sobie twarz w i\u015bcie wymy\u015blny spos\u00f3b.<\/p>\n<p style=\"text-align: justify;\">Dzi\u0119kujemy organizatorom za bezawaryjne i na wysokim poziomie przygotowanie Festynu. Drugi dzie\u0144 tej imprezy to prezentacje zespo\u0142\u00f3w ludowych, cyga\u0144skich, wyst\u0119p fakira oraz Zespo\u0142u Muzycznego Diament. Zapraszamy.<\/p>\n<p><a href=\"https:\/\/photos.app.goo.gl\/1hEGfVLnKHhnvmfu6\" target=\"_blank\" rel=\"noopener noreferrer\"><strong>Zdj\u0119cia w galerii Google&gt;&gt;&gt;<\/strong><\/a><\/p>\n<p style=\"text-align: justify;\"><strong>Zobacz te\u017c <span style=\"color: #0000ff;\"><a href=\"http:\/\/youtu.be\/KsUq0u3De_w\" target=\"_blank\" rel=\"noopener noreferrer\"><span style=\"color: #0000ff;\">film &gt;&gt;&gt;<\/span><\/a><\/span><\/strong><\/p>\n<p style=\"text-align: justify;\"><strong>Tekst\/foto:<\/strong> S\u0142awek Chyli\u0144ski<\/p>\n<p>&nbsp;<\/p>\n","protected":false},"excerpt":{"rendered":"<p>19 lipca rozpocz\u0105\u0142 si\u0119 dwudniowy Festyn Jubileuszowy z okazji 500-lecia Sadownego.<\/p>\n","protected":false},"author":1,"featured_media":0,"comment_status":"open","ping_status":"open","sticky":false,"template":"","format":"standard","meta":{"footnotes":""},"categories":[5,91,6],"tags":[857,169],"class_list":["post-5846","post","type-post","status-publish","format-standard","hentry","category-newsy","category-gminny-osrodek-kultury","category-kultura-rozrywka-edukacja","tag-festyn-jubileuszowy-w-sadownem","tag-gminny-osrodek-kultury-w-sadownem"],"views":3732,"_links":{"self":[{"href":"http:\/\/info.sadowne.pl\/index.php?rest_route=\/wp\/v2\/posts\/5846","targetHints":{"allow":["GET"]}}],"collection":[{"href":"http:\/\/info.sadowne.pl\/index.php?rest_route=\/wp\/v2\/posts"}],"about":[{"href":"http:\/\/info.sadowne.pl\/index.php?rest_route=\/wp\/v2\/types\/post"}],"author":[{"embeddable":true,"href":"http:\/\/info.sadowne.pl\/index.php?rest_route=\/wp\/v2\/users\/1"}],"replies":[{"embeddable":true,"href":"http:\/\/info.sadowne.pl\/index.php?rest_route=%2Fwp%2Fv2%2Fcomments&post=5846"}],"version-history":[{"count":3,"href":"http:\/\/info.sadowne.pl\/index.php?rest_route=\/wp\/v2\/posts\/5846\/revisions"}],"predecessor-version":[{"id":23314,"href":"http:\/\/info.sadowne.pl\/index.php?rest_route=\/wp\/v2\/posts\/5846\/revisions\/23314"}],"wp:attachment":[{"href":"http:\/\/info.sadowne.pl\/index.php?rest_route=%2Fwp%2Fv2%2Fmedia&parent=5846"}],"wp:term":[{"taxonomy":"category","embeddable":true,"href":"http:\/\/info.sadowne.pl\/index.php?rest_route=%2Fwp%2Fv2%2Fcategories&post=5846"},{"taxonomy":"post_tag","embeddable":true,"href":"http:\/\/info.sadowne.pl\/index.php?rest_route=%2Fwp%2Fv2%2Ftags&post=5846"}],"curies":[{"name":"wp","href":"https:\/\/api.w.org\/{rel}","templated":true}]}}