{"id":5850,"date":"2014-07-20T23:04:21","date_gmt":"2014-07-20T21:04:21","guid":{"rendered":"http:\/\/www.infosadowne.boo.pl\/?p=5850"},"modified":"2020-04-24T18:47:36","modified_gmt":"2020-04-24T16:47:36","slug":"festyn-dzien-drugi","status":"publish","type":"post","link":"http:\/\/info.sadowne.pl\/?p=5850","title":{"rendered":"Festyn &#8211; dzie\u0144 drugi"},"content":{"rendered":"<p style=\"text-align: justify;\"><strong><img loading=\"lazy\" decoding=\"async\" class=\"alignleft size-thumbnail wp-image-5851\" src=\"http:\/\/www.info.sadowne.pl\/wp-content\/uploads\/2014\/07\/2014.07.20.2-180x130.jpg\" alt=\"2014.07.20.2\" width=\"180\" height=\"130\" \/>Drugi dzie\u0144 Festynu Jubileuszowego w Sadownem to g\u0142\u00f3wnie spotkanie z folklorem.<\/strong><!--more--><\/p>\n<p style=\"text-align: justify;\">20 lipca, po uroczystej mszy \u015bwi\u0119tej w miejscowym ko\u015bciele, w po\u0142udnie ponownie spotkali\u015bmy si\u0119 pod scen\u0105 Jubileuszowego Festynu w Sadownem. Jak poprzedniego dnia, imprez\u0119 rozpocz\u0105\u0142 \u015bpiewaj\u0105co i na weso\u0142o konferansjer, aktor W\u0142adys\u0142aw Grzywna, witaj\u0105c organizator\u00f3w, sponsor\u00f3w i wystawc\u00f3w stoisk, w\u015br\u00f3d kt\u00f3rych pojawili si\u0119 przedstawiciele Zespo\u0142u Szk\u00f3\u0142 Ponadgimnazjalnych w Sadownem z w\u0142asnymi wyrobami cukierniczymi, kt\u00f3re przygotowali na t\u0119 okazj\u0119 uczniowie Technikum \u017bywienia i Us\u0142ug Gastronomicznych.<\/p>\n<p style=\"text-align: justify;\">Wst\u0119p musia\u0142 by\u0107 kr\u00f3tki, gdy\u017c na scenie niecierpliwili si\u0119 ju\u017c pierwsi wykonawcy \u2013 Kapela \u201eSterdyniacy\u201d ze Sterdyni z repertuarem muzyki ludowej swojej okolicy. Szybko po nich na plac przed scen\u0119 wkroczyli m\u0142odzi tancerze z M\u0142odzie\u017cowego Zespo\u0142u Pie\u015bni i Ta\u0144ca NIWA z Krzeska, dzia\u0142aj\u0105cy przy Gminnym O\u015brodku Kultury w Zbuczynie.<\/p>\n<p style=\"text-align: justify;\">Chwila przerwy w wyst\u0119pach scenicznych by\u0142a okazj\u0105 do podsumowania przez Gminny O\u015brodek Kultury w Sadownem konkurs\u00f3w przeprowadzonych z okazji obchodzonego Jubileuszu 500-lecia Sadownego. P. Ewa Pi\u00f3rkowska, w asy\u015bcie W\u00f3jta Gminy \u2013 p. Zdzis\u0142awa Tracza i Sekretarza Gminy \u2013 p. Zbigniewa Bociana, og\u0142osi\u0142a wyniki dw\u00f3ch konkurs\u00f3w. Laureatom wr\u0119czono nagrody. W\u015br\u00f3d nich znale\u017ali si\u0119:<\/p>\n<p style=\"text-align: justify;\"><strong>Szkolny konkurs \u201eOlimpiada wiedzy o regionie\u201d<\/strong><\/p>\n<p style=\"text-align: justify;\"><strong>Kategoria \u2013 szko\u0142y podstawowe:<\/strong><\/p>\n<p style=\"text-align: justify;\"><strong>I miejsce<\/strong>\u00a0\u2013 Rafa\u0142 Szczechura \u2013 SP Sadowne,<\/p>\n<p style=\"text-align: justify;\"><strong>II miejsce<\/strong>\u00a0\u2013 Dawid Siadkowski \u2013 SP Ko\u0142odzi\u0105\u017c i Martyna Kowalczyk \u2013 SP Grabiny,<\/p>\n<p style=\"text-align: justify;\"><strong>III miejsce<\/strong>\u00a0\u2013 Aleksandra Nozderka- SP Sadowne i Laura Rostek \u2013 SP Grabiny,<\/p>\n<p style=\"text-align: justify;\"><strong>Wyr\u00f3\u017cnienie<\/strong>\u00a0\u2013 Natalia Kalbarczyk.<\/p>\n<p style=\"text-align: justify;\"><strong>Kategoria \u2013 m\u0142odzie\u017c gimnazjalna i ponadgimnazjalna:<\/strong><\/p>\n<p style=\"text-align: justify;\"><strong>I miejsce<\/strong>\u00a0\u2013 Klaudia Rostek,<\/p>\n<p style=\"text-align: justify;\"><strong>II miejsce<\/strong>\u00a0\u2013 Aneta W\u00f3dka,<\/p>\n<p style=\"text-align: justify;\"><strong>III miejsce<\/strong>\u00a0\u2013 Kinga Skonieczna,<\/p>\n<p style=\"text-align: justify;\"><strong>Wyr\u00f3\u017cnienie<\/strong>\u00a0\u2013 Tomasz J\u00f3\u017awik.<\/p>\n<p style=\"text-align: justify;\"><strong>Konkurs fotograficzny \u201eSadowne w obiektywie\u201d:<\/strong><\/p>\n<p style=\"text-align: justify;\"><strong>I miejsce<\/strong>\u00a0\u2013 Karolina Daniluk,<\/p>\n<p style=\"text-align: justify;\"><strong>II miejsce<\/strong>\u00a0\u2013 Andrzej Wijatkowski,<\/p>\n<p style=\"text-align: justify;\"><strong>III miejsce<\/strong>\u00a0\u2013 Maja Smolewska i Katarzyna Komorek.<\/p>\n<p style=\"text-align: justify;\">Ale jakby tego by\u0142o ma\u0142o, po wr\u0119czeniu nagr\u00f3d organizatorzy przygotowali dla uczestnik\u00f3w Festynu niespodziank\u0119, kt\u00f3r\u0105 by\u0142 olbrzymi, jubileuszowy tort oraz s\u0142odko\u015bci \u2013 babeczki. Sprawiedliwie tort zosta\u0142 podzielony w\u015br\u00f3d ch\u0119tnych, nad czym osobi\u015bcie czuwa\u0142 Sekretarz Gminy, a jego degustacj\u0119 u\u015bwietni\u0142 wyst\u0119p Zespo\u0142u Ludowego \u201eMa\u0142kinianki\u201d z Ma\u0142kini G\u00f3rnej.<\/p>\n<p style=\"text-align: justify;\">Kolejny wyst\u0119p to pokaz kunsztu \u015bpiewaczego miejscowego Zespo\u0142u \u015apiewaczego \u201eSadowianki\u201d, kt\u00f3remu dzielnie przewodzi od 1987 roku pani Krystyna Wetoszka. Zespo\u0142owi akompaniuje akordeonista o wspania\u0142ym s\u0142uchu i doskonale opanowanej technice gry \u2013 pan Andrzej Olton. Nad w\u0142a\u015bciwym brzmieniem piosenek i doborem repertuaru stosownie do okoliczno\u015bci, czuwa pani Barbara Wr\u00f3bel. Bardzo du\u017co wnios\u0142a do zespo\u0142u pani Genowefa Sych, kt\u00f3ra doskonale pami\u0119ta s\u0142owa i melodi\u0119 starych ludowych piosenek. Obecnie zesp\u00f3\u0142 liczy 15 pa\u0144 i 3 pan\u00f3w. Sk\u0142ad zespo\u0142u czasami zmienia si\u0119, w zale\u017cno\u015bci od tego, na co pozwalaj\u0105 obowi\u0105zki domowe, czy s\u0142u\u017cbowe cz\u0142onk\u00f3w zespo\u0142u. Oczywi\u015bcie nadal jest to zesp\u00f3\u0142 amatorski, kt\u00f3ry aktualnie nawi\u0105za\u0142 wsp\u00f3\u0142prac\u0119 z istniej\u0105cym od niedawna Gminnym O\u015brodkiem Kultury w Sadownem.<\/p>\n<p style=\"text-align: justify;\">A p\u00f3\u017aniej nadszed\u0142 czas na pokazy umiej\u0119tno\u015bci naszych najm\u0142odszych. Tu r\u00f3wnie\u017c nast\u0105pi\u0142a niespodzianka, niebo pociemnia\u0142o, zagrzmia\u0142o i zap\u0142aka\u0142o, mocno zap\u0142aka\u0142o. Strugi deszczu nie wystraszy\u0142y m\u0142odych artyst\u00f3w i ich kibic\u00f3w, kt\u00f3rzy licznie zgromadzili si\u0119 przy scenie. W kolejno\u015bci wyst\u0105pi\u0142y dzieci: z Przedszkola w Sadownem, Gminazjum w Sadownem i Zespo\u0142u Szkolno \u2013 Przedszkolnego w Grabinach. Za swoje ta\u0144ce i popisy otrzyma\u0142y mocne brawa.<\/p>\n<p style=\"text-align: justify;\">W ostatniej cz\u0119\u015bci Festynu widzowie mogli obejrze\u0107 wyst\u0119py fakira \u201eGIN ALIF\u201d, Zespo\u0142u romskiego \u201eJAME ROMA\u201d i ko\u0144cz\u0105cego Festyn \u2013 Zespo\u0142u Muzycznego \u201eDiament\u201d.<\/p>\n<p style=\"text-align: justify;\">A\u017c szkoda, \u017ce czas biesiadowania si\u0119 sko\u0144czy\u0142. Ale to jeszcze nie koniec obchod\u00f3w Jubileuszu 500-lecia Sadownego. Kolejne uroczyste wydarzenia ju\u017c wkr\u00f3tce. Prosimy o \u015bledzenie ich zapowiedzi.<\/p>\n<p><a href=\"https:\/\/photos.app.goo.gl\/H8jdH4F1eQLxuut87\" target=\"_blank\" rel=\"noopener noreferrer\"><strong>Zdj\u0119cia w galerii Google&gt;&gt;&gt;<\/strong><\/a><\/p>\n<p style=\"text-align: justify;\"><strong>Tekst\/foto:<\/strong> S\u0142awek Chyli\u0144ski<\/p>\n<p>&nbsp;<\/p>\n","protected":false},"excerpt":{"rendered":"<p>Drugi dzie\u0144 Festynu Jubileuszowego w Sadownem to g\u0142\u00f3wnie spotkanie z folklorem.<\/p>\n","protected":false},"author":1,"featured_media":0,"comment_status":"open","ping_status":"open","sticky":false,"template":"","format":"standard","meta":{"footnotes":""},"categories":[5,91,6],"tags":[857,169],"class_list":["post-5850","post","type-post","status-publish","format-standard","hentry","category-newsy","category-gminny-osrodek-kultury","category-kultura-rozrywka-edukacja","tag-festyn-jubileuszowy-w-sadownem","tag-gminny-osrodek-kultury-w-sadownem"],"views":3889,"_links":{"self":[{"href":"http:\/\/info.sadowne.pl\/index.php?rest_route=\/wp\/v2\/posts\/5850","targetHints":{"allow":["GET"]}}],"collection":[{"href":"http:\/\/info.sadowne.pl\/index.php?rest_route=\/wp\/v2\/posts"}],"about":[{"href":"http:\/\/info.sadowne.pl\/index.php?rest_route=\/wp\/v2\/types\/post"}],"author":[{"embeddable":true,"href":"http:\/\/info.sadowne.pl\/index.php?rest_route=\/wp\/v2\/users\/1"}],"replies":[{"embeddable":true,"href":"http:\/\/info.sadowne.pl\/index.php?rest_route=%2Fwp%2Fv2%2Fcomments&post=5850"}],"version-history":[{"count":2,"href":"http:\/\/info.sadowne.pl\/index.php?rest_route=\/wp\/v2\/posts\/5850\/revisions"}],"predecessor-version":[{"id":23312,"href":"http:\/\/info.sadowne.pl\/index.php?rest_route=\/wp\/v2\/posts\/5850\/revisions\/23312"}],"wp:attachment":[{"href":"http:\/\/info.sadowne.pl\/index.php?rest_route=%2Fwp%2Fv2%2Fmedia&parent=5850"}],"wp:term":[{"taxonomy":"category","embeddable":true,"href":"http:\/\/info.sadowne.pl\/index.php?rest_route=%2Fwp%2Fv2%2Fcategories&post=5850"},{"taxonomy":"post_tag","embeddable":true,"href":"http:\/\/info.sadowne.pl\/index.php?rest_route=%2Fwp%2Fv2%2Ftags&post=5850"}],"curies":[{"name":"wp","href":"https:\/\/api.w.org\/{rel}","templated":true}]}}