{"id":5856,"date":"2014-07-22T20:39:32","date_gmt":"2014-07-22T18:39:32","guid":{"rendered":"http:\/\/www.infosadowne.boo.pl\/?p=5856"},"modified":"2020-04-24T18:46:04","modified_gmt":"2020-04-24T16:46:04","slug":"jeszcze-raz-festyn","status":"publish","type":"post","link":"http:\/\/info.sadowne.pl\/?p=5856","title":{"rendered":"Jeszcze raz Festyn"},"content":{"rendered":"<p style=\"text-align: justify;\"><strong><img loading=\"lazy\" decoding=\"async\" class=\"alignleft size-thumbnail wp-image-5857\" src=\"http:\/\/www.info.sadowne.pl\/wp-content\/uploads\/2014\/07\/2014.07.22.4-180x130.jpg\" alt=\"2014.07.22.4\" width=\"180\" height=\"130\" \/>Jeszcze s\u0142\u00f3w kilka o Festynie Jubileuszowym.<\/strong><!--more--><\/p>\n<p style=\"text-align: justify;\">Na specjalne \u017cyczenie internaut\u00f3w i dzi\u0119ki uprzejmo\u015bci Gminnego O\u015brodka Kultury w Sadownem, g\u0142\u00f3wnego organizatora Festynu Jubileuszowego w Sadownem, prezentujemy Pa\u0144stwu foto-relacj\u0119 z wieczornych, sobotnio &#8211; niedzielnych wyst\u0119p\u00f3w zespo\u0142\u00f3w muzycznych.<\/p>\n<p style=\"text-align: justify;\">Zapraszamy do ogl\u0105dania.<\/p>\n<p><a href=\"https:\/\/photos.app.goo.gl\/WUyDrCGV3Geeu5dA8\" target=\"_blank\" rel=\"noopener noreferrer\"><strong>Zdj\u0119cia w galerii Google&gt;&gt;&gt;<\/strong><\/a><\/p>\n<p style=\"text-align: justify;\"><strong>Tekst:<\/strong> S\u0142awek Chyli\u0144ski<\/p>\n<p style=\"text-align: justify;\"><strong>Foto:<\/strong> GOK<\/p>\n<p>&nbsp;<\/p>\n","protected":false},"excerpt":{"rendered":"<p>Jeszcze s\u0142\u00f3w kilka o Festynie Jubileuszowym.<\/p>\n","protected":false},"author":1,"featured_media":0,"comment_status":"open","ping_status":"open","sticky":false,"template":"","format":"standard","meta":{"footnotes":""},"categories":[5,91,6],"tags":[857,169],"class_list":["post-5856","post","type-post","status-publish","format-standard","hentry","category-newsy","category-gminny-osrodek-kultury","category-kultura-rozrywka-edukacja","tag-festyn-jubileuszowy-w-sadownem","tag-gminny-osrodek-kultury-w-sadownem"],"views":3371,"_links":{"self":[{"href":"http:\/\/info.sadowne.pl\/index.php?rest_route=\/wp\/v2\/posts\/5856","targetHints":{"allow":["GET"]}}],"collection":[{"href":"http:\/\/info.sadowne.pl\/index.php?rest_route=\/wp\/v2\/posts"}],"about":[{"href":"http:\/\/info.sadowne.pl\/index.php?rest_route=\/wp\/v2\/types\/post"}],"author":[{"embeddable":true,"href":"http:\/\/info.sadowne.pl\/index.php?rest_route=\/wp\/v2\/users\/1"}],"replies":[{"embeddable":true,"href":"http:\/\/info.sadowne.pl\/index.php?rest_route=%2Fwp%2Fv2%2Fcomments&post=5856"}],"version-history":[{"count":2,"href":"http:\/\/info.sadowne.pl\/index.php?rest_route=\/wp\/v2\/posts\/5856\/revisions"}],"predecessor-version":[{"id":23311,"href":"http:\/\/info.sadowne.pl\/index.php?rest_route=\/wp\/v2\/posts\/5856\/revisions\/23311"}],"wp:attachment":[{"href":"http:\/\/info.sadowne.pl\/index.php?rest_route=%2Fwp%2Fv2%2Fmedia&parent=5856"}],"wp:term":[{"taxonomy":"category","embeddable":true,"href":"http:\/\/info.sadowne.pl\/index.php?rest_route=%2Fwp%2Fv2%2Fcategories&post=5856"},{"taxonomy":"post_tag","embeddable":true,"href":"http:\/\/info.sadowne.pl\/index.php?rest_route=%2Fwp%2Fv2%2Ftags&post=5856"}],"curies":[{"name":"wp","href":"https:\/\/api.w.org\/{rel}","templated":true}]}}