{"id":6001,"date":"2014-08-16T10:20:18","date_gmt":"2014-08-16T08:20:18","guid":{"rendered":"http:\/\/www.infosadowne.boo.pl\/?p=6001"},"modified":"2014-08-16T10:20:18","modified_gmt":"2014-08-16T08:20:18","slug":"przyrzeczenie-strzeleckie","status":"publish","type":"post","link":"http:\/\/info.sadowne.pl\/?p=6001","title":{"rendered":"Przyrzeczenie strzeleckie"},"content":{"rendered":"<p style=\"text-align: justify;\"><strong><a href=\"http:\/\/www.info.sadowne.pl\/wp-content\/uploads\/2014\/08\/2014.08.16.2.jpg\" target=\"_blank\"><img loading=\"lazy\" decoding=\"async\" class=\"alignleft wp-image-6002 size-thumbnail\" src=\"http:\/\/www.info.sadowne.pl\/wp-content\/uploads\/2014\/08\/2014.08.16.2-180x130.jpg\" alt=\"2014.08.16.2\" width=\"180\" height=\"130\" \/><\/a>15 sierpnia w Sadownem odby\u0142o si\u0119 przyrzeczenie kolejnych strzelc\u00f3w wst\u0119puj\u0105cych w szeregi Jednostki Strzeleckiej 5001 im. Dywizjonu Huzar\u00f3w \u015amierci.<\/strong><!--more--><\/p>\n<p style=\"text-align: justify;\"><a href=\"http:\/\/www.info.sadowne.pl\/wp-content\/uploads\/2014\/08\/2014.08.16.1.jpg\" target=\"_blank\"><img loading=\"lazy\" decoding=\"async\" class=\"alignright wp-image-6003 size-thumbnail\" src=\"http:\/\/www.info.sadowne.pl\/wp-content\/uploads\/2014\/08\/2014.08.16.1-180x130.jpg\" alt=\"2014.08.16.1\" width=\"180\" height=\"130\" \/><\/a>\u201e\u2026 dobro Rzeczypospolitej Polskiej nade wszystko inne wy\u017csze dla mnie b\u0119dzie, niepodleg\u0142o\u015bci Jej zawsze got\u00f3w b\u0119d\u0119 broni\u0107 do ostatniej kropli krwi\u2026\u201d \u2013 s\u0142owa przyrzeczenia tym razem p\u0142yn\u0119\u0142y z ust trzech nowych strzelc\u00f3w, kt\u00f3rzy wst\u0105pili w szeregi JS 5001.<\/p>\n<p style=\"text-align: justify;\"><a href=\"http:\/\/www.info.sadowne.pl\/wp-content\/uploads\/2014\/08\/2014.08.16.8.jpg\" target=\"_blank\"><img loading=\"lazy\" decoding=\"async\" class=\"alignleft wp-image-6004 size-thumbnail\" src=\"http:\/\/www.info.sadowne.pl\/wp-content\/uploads\/2014\/08\/2014.08.16.8-180x130.jpg\" alt=\"2014.08.16.8\" width=\"180\" height=\"130\" \/><\/a>Uroczysto\u015b\u0107 poprowadzi\u0142 i przyrzeczenie odebra\u0142 dow\u00f3dca Jednostki sier\u017c. ZS Micha\u0142 J\u00f3zefowski, a wst\u0119puj\u0105cym w szeregi strzeleckie towarzyszyli koledzy oraz zaproszeni go\u015bcie \u2013 pp. Marek Renik i Stanis\u0142aw Bolchajmer.<\/p>\n<p style=\"text-align: justify;\"><a href=\"http:\/\/www.info.sadowne.pl\/wp-content\/uploads\/2014\/08\/2014.08.16.3.jpg\" target=\"_blank\"><img loading=\"lazy\" decoding=\"async\" class=\"alignright wp-image-6005 size-thumbnail\" src=\"http:\/\/www.info.sadowne.pl\/wp-content\/uploads\/2014\/08\/2014.08.16.3-180x130.jpg\" alt=\"2014.08.16.3\" width=\"180\" height=\"130\" \/><\/a>Spotkanie by\u0142o r\u00f3wnie\u017c okazj\u0105 z\u0142o\u017cenia ho\u0142du poleg\u0142ym \u017co\u0142nierzom kampanii wrze\u015bniowej i okresu okupacji.<\/p>\n<p style=\"text-align: justify;\"><strong>Dlaczego na sadowie\u0144skim cmentarzu?<\/strong><\/p>\n<p style=\"text-align: justify;\"><a href=\"http:\/\/www.info.sadowne.pl\/wp-content\/uploads\/2014\/08\/2014.08.16.6.jpg\" target=\"_blank\"><img loading=\"lazy\" decoding=\"async\" class=\"alignleft wp-image-6006 size-thumbnail\" src=\"http:\/\/www.info.sadowne.pl\/wp-content\/uploads\/2014\/08\/2014.08.16.6-180x130.jpg\" alt=\"2014.08.16.6\" width=\"180\" height=\"130\" \/><\/a>Przyrzeczenie nowych strzelc\u00f3w odby\u0142o si\u0119 po raz pierwszy na sadowie\u0144skim cmentarzu, przy grobie nieznanego \u017co\u0142nierza, kt\u00f3ry \u2013 jak si\u0119 okazuje \u2013 mia\u0142 wiele wsp\u00f3lnego z organizacj\u0105 strzeleck\u0105. Ten fakt z \u017cycia bohaterskiego obro\u0144cy ziemi sadowie\u0144skiej zadecydowa\u0142 o wyborze miejsca uroczystego przyrzeczenia dla kolejnego pokolenia strzeleckiego.<\/p>\n<p style=\"text-align: justify;\">Przypomnijmy, co m\u00f3wi historia o poleg\u0142ym \u017co\u0142nierzu kampanii wrze\u015bniowej. Opis tych dni i bohaterskiej \u015bmierci mo\u017cemy znale\u017a\u0107 w pozycji ksi\u0105\u017ckowej Andrzeja Firewicza \u201eSadowne i okolice wczoraj i dzi\u015b\u201d \u2013 oto jej fragment:<\/p>\n<p style=\"text-align: justify;\">\u201e<em>Na cmentarzu tym jest r\u00f3wnie\u017c pogrzebany pierwszy polski \u017co\u0142nierz poleg\u0142y w obronie Sadownego\u2026 zw\u0142oki znaleziono w rowie przy szosie Brok &#8211; Sadowne, naprzeciw domostwa rodziny Szabelskich, przy tzw. \u201erynnie\u201d. By\u0142 to jeden z \u017co\u0142nierzy obs\u0142uguj\u0105cych usytuowane w pobliskich zaro\u015blach gniazdo karabin\u00f3w maszynowych \u2013 punkt oporu wojsk polskich. \u015amier\u0107 musia\u0142a zaskoczy\u0107 go w tym w\u0142a\u015bnie rowie. \u017bo\u0142nierz w wieku oko\u0142o 30 lat mia\u0142 obie nogi oberwane powy\u017cej kolan i rozerwany lewy bok, a mundur by\u0142 straszliwie poszarpany i zbroczony krwi\u0105. Nale\u017cy przypuszcza\u0107, \u017ce zgin\u0105\u0142 na miejscu od wybuchu pocisku artyleryjskiego, gdy Niemcy z Broku ostrzelali nacieraj\u0105cych w kierunku P\u0142atkownicy \u017co\u0142nierzy polskich\u2026 Cia\u0142o przewieziono natychmiast na pobliski cmentarz i z\u0142o\u017cono bez trumny w napr\u0119dce wykopanej mogile przy zachodniej bramie cmentarza.\u00a0Dopiero kilka dni p\u00f3\u017aniej na cmentarzu tym pogrzebano 50 innych poleg\u0142ych tu \u017co\u0142nierzy polskich i 62 niemieckich\u2026\u00a0Przed poch\u00f3wkiem Stefan Paw\u0142owski wyj\u0105\u0142 z kieszeni munduru dokumenty poleg\u0142ego, z kt\u00f3rych wynika\u0142o, \u017ce mia\u0142 on stopie\u0144 plutonowego i by\u0142 mieszka\u0144cem Wilna\u2026<\/em> (\u017co\u0142nierz posiada\u0142 r\u00f3wnie\u017c przy sobie dokument, z kt\u00f3rego wynika\u0142o, i\u017c w cywilu by\u0142 dow\u00f3dc\u0105 wile\u0144skich \u201eStrzelc\u00f3w\u201d \u2013 przyp. red.).\u201d<\/p>\n<p style=\"text-align: justify;\"><a href=\"http:\/\/www.info.sadowne.pl\/wp-content\/uploads\/2014\/08\/2014.08.16.4.jpg\" target=\"_blank\"><img loading=\"lazy\" decoding=\"async\" class=\"alignright wp-image-6007 size-thumbnail\" src=\"http:\/\/www.info.sadowne.pl\/wp-content\/uploads\/2014\/08\/2014.08.16.4-180x130.jpg\" alt=\"2014.08.16.4\" width=\"180\" height=\"130\" \/><\/a><strong>Historia, jej kontynuacja, pami\u0119\u0107 &#8211; mamy nadziej\u0119, \u017ce tradycj\u0105 stanie si\u0119 dla Jednostki Strzeleckiej 5001 sk\u0142adanie przyrzecze\u0144 przez m\u0142odych strzelc\u00f3w przy grobie nieznanego, bohaterskiego obro\u0144cy Sadownego.<\/strong><\/p>\n<p style=\"text-align: justify;\"><strong>Tekst:<\/strong> sch<\/p>\n<p style=\"text-align: justify;\"><strong>Foto:<\/strong> JS 5001<\/p>\n","protected":false},"excerpt":{"rendered":"<p>15 sierpnia w Sadownem odby\u0142o si\u0119 przyrzeczenie kolejnych strzelc\u00f3w wst\u0119puj\u0105cych w szeregi Jednostki Strzeleckiej 5001 im. Dywizjonu Huzar\u00f3w \u015amierci.<\/p>\n","protected":false},"author":1,"featured_media":0,"comment_status":"open","ping_status":"open","sticky":false,"template":"","format":"standard","meta":{"footnotes":""},"categories":[5,645],"tags":[519,900],"class_list":["post-6001","post","type-post","status-publish","format-standard","hentry","category-newsy","category-js-5001-strzelec","tag-jednostka-strzelecka-5001","tag-przyrzeczenie-strzelcow"],"views":4675,"_links":{"self":[{"href":"http:\/\/info.sadowne.pl\/index.php?rest_route=\/wp\/v2\/posts\/6001","targetHints":{"allow":["GET"]}}],"collection":[{"href":"http:\/\/info.sadowne.pl\/index.php?rest_route=\/wp\/v2\/posts"}],"about":[{"href":"http:\/\/info.sadowne.pl\/index.php?rest_route=\/wp\/v2\/types\/post"}],"author":[{"embeddable":true,"href":"http:\/\/info.sadowne.pl\/index.php?rest_route=\/wp\/v2\/users\/1"}],"replies":[{"embeddable":true,"href":"http:\/\/info.sadowne.pl\/index.php?rest_route=%2Fwp%2Fv2%2Fcomments&post=6001"}],"version-history":[{"count":1,"href":"http:\/\/info.sadowne.pl\/index.php?rest_route=\/wp\/v2\/posts\/6001\/revisions"}],"predecessor-version":[{"id":6008,"href":"http:\/\/info.sadowne.pl\/index.php?rest_route=\/wp\/v2\/posts\/6001\/revisions\/6008"}],"wp:attachment":[{"href":"http:\/\/info.sadowne.pl\/index.php?rest_route=%2Fwp%2Fv2%2Fmedia&parent=6001"}],"wp:term":[{"taxonomy":"category","embeddable":true,"href":"http:\/\/info.sadowne.pl\/index.php?rest_route=%2Fwp%2Fv2%2Fcategories&post=6001"},{"taxonomy":"post_tag","embeddable":true,"href":"http:\/\/info.sadowne.pl\/index.php?rest_route=%2Fwp%2Fv2%2Ftags&post=6001"}],"curies":[{"name":"wp","href":"https:\/\/api.w.org\/{rel}","templated":true}]}}