{"id":6284,"date":"2014-09-11T15:46:47","date_gmt":"2014-09-11T13:46:47","guid":{"rendered":"http:\/\/www.infosadowne.boo.pl\/?p=6284"},"modified":"2016-08-30T18:30:02","modified_gmt":"2016-08-30T16:30:02","slug":"narodowe-czytanie","status":"publish","type":"post","link":"http:\/\/info.sadowne.pl\/?p=6284","title":{"rendered":"Narodowe czytanie&#8230;"},"content":{"rendered":"<p style=\"text-align: justify;\"><strong><a href=\"http:\/\/www.info.sadowne.pl\/wp-content\/uploads\/2014\/09\/2014.09.11.5.jpg\" target=\"_blank\"><img loading=\"lazy\" decoding=\"async\" class=\"alignleft wp-image-6285 size-thumbnail\" src=\"http:\/\/www.info.sadowne.pl\/wp-content\/uploads\/2014\/09\/2014.09.11.5-180x130.jpg\" alt=\"2014.09.11.5\" width=\"180\" height=\"130\" \/><\/a>Narodowe Czytanie stanowi wspania\u0142\u0105 okazj\u0119, by raz jeszcze prze\u017cy\u0107 zapieraj\u0105ce dech w piersiach przygody Sienkiewiczowskich bohater\u00f3w. <\/strong><!--more--><\/p>\n<p style=\"text-align: justify;\"><a href=\"http:\/\/www.info.sadowne.pl\/wp-content\/uploads\/2014\/09\/2014.09.11.6.jpg\" target=\"_blank\"><img loading=\"lazy\" decoding=\"async\" class=\"alignright wp-image-6286 size-medium\" src=\"http:\/\/www.info.sadowne.pl\/wp-content\/uploads\/2014\/09\/2014.09.11.6-200x300.jpg\" alt=\"2014.09.11.6\" width=\"200\" height=\"300\" srcset=\"http:\/\/info.sadowne.pl\/wp-content\/uploads\/2014\/09\/2014.09.11.6-200x300.jpg 200w, http:\/\/info.sadowne.pl\/wp-content\/uploads\/2014\/09\/2014.09.11.6.jpg 320w\" sizes=\"auto, (max-width: 200px) 100vw, 200px\" \/><\/a>Cho\u0107 doskonale znamy tre\u015b\u0107 jego ksi\u0105\u017cek, to przecie\u017c podczas ka\u017cdej kolejnej lektury na nowo trzymamy kciuki za Kmicica, Wo\u0142odyjowskiego czy Skrzetuskiego. Wsp\u00f3lna lektura to r\u00f3wnie\u017c doskona\u0142y moment, by odczyta\u0107 ten tekst na nowo, by zada\u0107 mu wsp\u00f3\u0142czesne pytania, zastanowi\u0107 si\u0119 nad tym, co m\u00f3wi Nam dzi\u015b o Polsce i Polakach. Dlatego zaprosili\u015bmy do Biblioteki \u00a0klasy trzecie gimnazjum, \u00a0aby\u015bmy razem przeczytali \u201eTrylogi\u0119\u201d Henryka Sienkiewicza, pami\u0119taj\u0105c o tym, i\u017c najwybitniejsze dzie\u0142a rodzimej literatury tak pi\u0119knie jednocz\u0105 nas jako wsp\u00f3lnot\u0119, wzmacniaj\u0105 polsk\u0105 to\u017csamo\u015b\u0107 i narodow\u0105 dum\u0119.<\/p>\n<p style=\"text-align: justify;\"><strong>Wi\u0119cej na stronie<\/strong> <span style=\"color: #0000ff;\"><a href=\"http:\/\/www.gbpsadowne.pl\/\" target=\"_blank\"><span style=\"color: #0000ff;\"><strong>Gminnej Biblioteki Publicznej w Sadownem<\/strong><\/span><\/a><\/span><\/p>\n<p style=\"text-align: justify;\">\u00a0<img loading=\"lazy\" decoding=\"async\" class=\"alignleft size-full wp-image-6287\" src=\"http:\/\/www.info.sadowne.pl\/wp-content\/uploads\/2014\/09\/2014.09.11.7.jpg\" alt=\"2014.09.11.7\" width=\"640\" height=\"426\" srcset=\"http:\/\/info.sadowne.pl\/wp-content\/uploads\/2014\/09\/2014.09.11.7.jpg 640w, http:\/\/info.sadowne.pl\/wp-content\/uploads\/2014\/09\/2014.09.11.7-300x199.jpg 300w\" sizes=\"auto, (max-width: 640px) 100vw, 640px\" \/><\/p>\n<p style=\"text-align: justify;\"><strong>\u0179r\u00f3d\u0142o:<\/strong>\u00a0<a href=\"http:\/\/www.gbpsadowne.pl\/\" target=\"_blank\">www.gbpsadowne.pl<\/a><\/p>\n","protected":false},"excerpt":{"rendered":"<p>Narodowe Czytanie stanowi wspania\u0142\u0105 okazj\u0119, by raz jeszcze prze\u017cy\u0107 zapieraj\u0105ce dech w piersiach przygody Sienkiewiczowskich bohater\u00f3w.<\/p>\n","protected":false},"author":1,"featured_media":0,"comment_status":"open","ping_status":"open","sticky":false,"template":"","format":"standard","meta":{"footnotes":""},"categories":[5,2149,91,6],"tags":[113,169,957],"class_list":["post-6284","post","type-post","status-publish","format-standard","hentry","category-newsy","category-gminna-biblioteka-publiczna","category-gminny-osrodek-kultury","category-kultura-rozrywka-edukacja","tag-gminna-biblioteka-publiczna-w-sadownem","tag-gminny-osrodek-kultury-w-sadownem","tag-narodowe-czytanie"],"views":2914,"_links":{"self":[{"href":"http:\/\/info.sadowne.pl\/index.php?rest_route=\/wp\/v2\/posts\/6284","targetHints":{"allow":["GET"]}}],"collection":[{"href":"http:\/\/info.sadowne.pl\/index.php?rest_route=\/wp\/v2\/posts"}],"about":[{"href":"http:\/\/info.sadowne.pl\/index.php?rest_route=\/wp\/v2\/types\/post"}],"author":[{"embeddable":true,"href":"http:\/\/info.sadowne.pl\/index.php?rest_route=\/wp\/v2\/users\/1"}],"replies":[{"embeddable":true,"href":"http:\/\/info.sadowne.pl\/index.php?rest_route=%2Fwp%2Fv2%2Fcomments&post=6284"}],"version-history":[{"count":2,"href":"http:\/\/info.sadowne.pl\/index.php?rest_route=\/wp\/v2\/posts\/6284\/revisions"}],"predecessor-version":[{"id":6289,"href":"http:\/\/info.sadowne.pl\/index.php?rest_route=\/wp\/v2\/posts\/6284\/revisions\/6289"}],"wp:attachment":[{"href":"http:\/\/info.sadowne.pl\/index.php?rest_route=%2Fwp%2Fv2%2Fmedia&parent=6284"}],"wp:term":[{"taxonomy":"category","embeddable":true,"href":"http:\/\/info.sadowne.pl\/index.php?rest_route=%2Fwp%2Fv2%2Fcategories&post=6284"},{"taxonomy":"post_tag","embeddable":true,"href":"http:\/\/info.sadowne.pl\/index.php?rest_route=%2Fwp%2Fv2%2Ftags&post=6284"}],"curies":[{"name":"wp","href":"https:\/\/api.w.org\/{rel}","templated":true}]}}