{"id":6461,"date":"2014-09-30T16:37:47","date_gmt":"2014-09-30T14:37:47","guid":{"rendered":"http:\/\/www.infosadowne.boo.pl\/?p=6461"},"modified":"2020-04-24T18:28:07","modified_gmt":"2020-04-24T16:28:07","slug":"gabriel-fleszar-w-gimnazjum","status":"publish","type":"post","link":"http:\/\/info.sadowne.pl\/?p=6461","title":{"rendered":"Gabriel Fleszar w Gimnazjum"},"content":{"rendered":"<p style=\"text-align: justify;\"><strong><img loading=\"lazy\" decoding=\"async\" class=\"alignleft size-thumbnail wp-image-6462\" src=\"http:\/\/www.info.sadowne.pl\/wp-content\/uploads\/2014\/09\/2014.09.30.1-180x130.jpg\" alt=\"2014.09.30.1\" width=\"180\" height=\"130\" \/>30 wrze\u015bnia w sadowie\u0144skim Gimnazjum odby\u0142o si\u0119 spotkanie z Gabrielem Fleszarem.<\/strong><!--more--><\/p>\n<p style=\"text-align: justify;\">Gminna Komisja Rozwi\u0105zywania Problem\u00f3w Alkoholowych w Sadownem stan\u0119\u0142a na wysoko\u015bci zadania i zorganizowa\u0142a spotkanie profilaktyczne dla uczni\u00f3w Gimnazjum w Sadownem i Zespo\u0142u Szkolno \u2013 Przedszkolnego w Grabinach. Postanowiono tym razem w inny spos\u00f3b dotrze\u0107 z profilaktyk\u0105 do m\u0142odych ludzi \u2013 zorganizowano spotkanie ze znanym muzykiem i wokalist\u0105, Gabrielem Fleszarem.<\/p>\n<p style=\"text-align: justify;\"><strong>Kilka s\u0142\u00f3w o nim.<\/strong><\/p>\n<p style=\"text-align: justify;\">Ma 35 lat i pochodzi ze Z\u0142otoryi. Od dziecka mia\u0142 zwi\u0105zek z muzyk\u0105, kt\u00f3rego korzenie si\u0119gaj\u0105 kilku pokole\u0144. On sam ju\u017c od szko\u0142y podstawowej gra\u0142 na gitarze i fortepianie, a tak\u017ce zwi\u0105za\u0142 si\u0119 z kilkoma zespo\u0142ami muzycznymi. Swoich si\u0142 pr\u00f3bowa\u0142 te\u017c w amatorskich teatrach i \u201eigraszkach\u201d z poezj\u0105. Prze\u0142omem okaza\u0142 si\u0119 rok 1999, gdy wygra\u0142 Og\u00f3lnopolskie Przes\u0142uchania Wokalist\u00f3w i podpisa\u0142 kilkuletni kontrakt fonograficzny. Tego samego roku wyda\u0142 p\u0142yt\u0119 o tytule \u201eNiespokojny\u201d i zagra\u0142 jedn\u0105 z g\u0142\u00f3wnych r\u00f3l w filmie Bogus\u0142awa Lindy \u201eSezon na leszcza\u201d. Potem mo\u017cna by\u0142o us\u0142ysze\u0107 jeszcze jego p\u0142yty: \u201eNiespokojny 2\u201d i \u201ePe\u0142nia\u201d, a jeszcze potem\u2026 muzyk zamilk\u0142 na kilka lat, co sta\u0142o si\u0119 powodem wielu plotek i domys\u0142\u00f3w \u2013 widziano go lub s\u0142yszano tu i tam. Obecnie wraca na scen\u0119, ale ju\u017c inny, odmieniony, co da\u0142o si\u0119 zauwa\u017cy\u0107 podczas szkolnego spotkania.<\/p>\n<p style=\"text-align: justify;\"><strong>Profilaktyka?<\/strong><\/p>\n<p style=\"text-align: justify;\">Wokalista pe\u0142en zapa\u0142u i p\u0142ynnie opowiada o zagro\u017ceniach wynikaj\u0105cych z kontakt\u00f3w z tytoniem, alkoholem, narkotykami\u2026 a nawet internetem i grami komputerowymi. Wszystko to podparte jest przyk\u0142adami z w\u0142asnego \u017cycia i znanych mu oraz nam wszystkim gwiazd muzyki i sceny. Tematy dotycz\u0105cego otaczaj\u0105cych nas, a szczeg\u00f3lnie m\u0142odzie\u017c, zagro\u017ce\u0144, przeplataj\u0105 si\u0119 podczas spotkania z muzyk\u0105 gitarow\u0105 i wykonywanymi przez Fleszara piosenkami \u2013 w\u0142asnej kompozycji oraz tymi znanymi z radia i telewizji.<\/p>\n<p style=\"text-align: justify;\"><strong>Jakie wnioski?<\/strong><\/p>\n<p style=\"text-align: justify;\">Wa\u017cny jest kontakt z kim\u015b, kto do\u015bwiadczy\u0142 tych zagro\u017ce\u0144 na sobie. Wokalista m\u00f3wi o sobie: przeszed\u0142em to wszystko i od dw\u00f3ch lat staram si\u0119 t\u0142umaczy\u0107 m\u0142odym ludziom, co ich czeka, gdy przejd\u0105 ze stanu zainteresowania w stan uzale\u017cnienia.<\/p>\n<p style=\"text-align: justify;\">&#8211; Opr\u00f3cz muzyki, kt\u00f3ra jest moim hobby, obecnie stawiam sobie za cel u\u015bwiadomienie jak najwi\u0119kszej grupy ludzi w zakresie zagro\u017ce\u0144, kt\u00f3re na nas czyhaj\u0105, a kt\u00f3rych \u2013 dzi\u0119ki naszej wiedzy \u2013 mo\u017cemy unikn\u0105\u0107 \u2013 podsumowuje Gabriel Fleszar.<\/p>\n<p style=\"text-align: justify;\">I tymi oto s\u0142owami mo\u017cemy zako\u0144czy\u0107 opis spotkania, kt\u00f3re nie zosta\u0142o \u201eodhaczone\u201d jako jedna z wielu pogadanek, ale posiada\u0142o pewne przes\u0142anie \u2013 nie tylko dla m\u0142odzie\u017cy, ale dla nas wszystkich. Dzi\u0119ki Gminnej Komisji Rozwi\u0105zywania Problem\u00f3w Alkoholowych i Gimnazjum w Sadownem mieli\u015bmy okazj\u0119 odbycia interesuj\u0105cego spotkania i jak\u017ce pouczaj\u0105cego.<\/p>\n<p><a href=\"https:\/\/photos.app.goo.gl\/hnvVqhHc16aXZK9F9\" target=\"_blank\" rel=\"noopener noreferrer\"><strong>Zdj\u0119cia w galerii Google&gt;&gt;&gt;<\/strong><\/a><\/p>\n<p style=\"text-align: justify;\"><strong>Tekst\/foto:<\/strong> S\u0142awek Chyli\u0144ski<\/p>\n<p style=\"text-align: justify;\"><span style=\"color: #0000ff;\"><a href=\"http:\/\/youtu.be\/aKtA-wNxQhY\" target=\"_blank\" rel=\"noopener noreferrer\"><span style=\"color: #0000ff;\"><strong>Zobacz te\u017c film &gt;&gt;&gt;<\/strong><\/span><\/a><\/span><\/p>\n<p>&nbsp;<\/p>\n","protected":false},"excerpt":{"rendered":"<p>30 wrze\u015bnia w sadowie\u0144skim Gimnazjum odby\u0142o si\u0119 spotkanie z Gabrielem Fleszarem.<\/p>\n","protected":false},"author":1,"featured_media":0,"comment_status":"open","ping_status":"open","sticky":false,"template":"","format":"standard","meta":{"footnotes":""},"categories":[5,83],"tags":[978,71,125],"class_list":["post-6461","post","type-post","status-publish","format-standard","hentry","category-newsy","category-gimnazjum","tag-gabriel-fleszar","tag-gimnazjum-sadowne","tag-gminna-komisja-rozwiazywania-problemow-alkoholowych-w-sadownem"],"views":3082,"_links":{"self":[{"href":"http:\/\/info.sadowne.pl\/index.php?rest_route=\/wp\/v2\/posts\/6461","targetHints":{"allow":["GET"]}}],"collection":[{"href":"http:\/\/info.sadowne.pl\/index.php?rest_route=\/wp\/v2\/posts"}],"about":[{"href":"http:\/\/info.sadowne.pl\/index.php?rest_route=\/wp\/v2\/types\/post"}],"author":[{"embeddable":true,"href":"http:\/\/info.sadowne.pl\/index.php?rest_route=\/wp\/v2\/users\/1"}],"replies":[{"embeddable":true,"href":"http:\/\/info.sadowne.pl\/index.php?rest_route=%2Fwp%2Fv2%2Fcomments&post=6461"}],"version-history":[{"count":4,"href":"http:\/\/info.sadowne.pl\/index.php?rest_route=\/wp\/v2\/posts\/6461\/revisions"}],"predecessor-version":[{"id":23300,"href":"http:\/\/info.sadowne.pl\/index.php?rest_route=\/wp\/v2\/posts\/6461\/revisions\/23300"}],"wp:attachment":[{"href":"http:\/\/info.sadowne.pl\/index.php?rest_route=%2Fwp%2Fv2%2Fmedia&parent=6461"}],"wp:term":[{"taxonomy":"category","embeddable":true,"href":"http:\/\/info.sadowne.pl\/index.php?rest_route=%2Fwp%2Fv2%2Fcategories&post=6461"},{"taxonomy":"post_tag","embeddable":true,"href":"http:\/\/info.sadowne.pl\/index.php?rest_route=%2Fwp%2Fv2%2Ftags&post=6461"}],"curies":[{"name":"wp","href":"https:\/\/api.w.org\/{rel}","templated":true}]}}