{"id":6682,"date":"2014-10-23T08:49:26","date_gmt":"2014-10-23T06:49:26","guid":{"rendered":"http:\/\/www.infosadowne.boo.pl\/?p=6682"},"modified":"2014-10-23T08:49:26","modified_gmt":"2014-10-23T06:49:26","slug":"oswiata-i-kultura-cz-vii","status":"publish","type":"post","link":"http:\/\/info.sadowne.pl\/?p=6682","title":{"rendered":"O\u015aWIATA I KULTURA &#8211; cz. VII"},"content":{"rendered":"<p style=\"text-align: justify;\"><strong><img loading=\"lazy\" decoding=\"async\" class=\"alignleft size-thumbnail wp-image-5637\" src=\"http:\/\/www.info.sadowne.pl\/wp-content\/uploads\/2014\/06\/ES.-113x130.jpg\" alt=\"ES.\" width=\"113\" height=\"130\" \/>Rozwijaj\u0105ca si\u0119 coraz bardziej z ka\u017cdym rokiem sadowie\u0144ska szko\u0142a, nie mog\u0142a w pe\u0142ni pracowa\u0107 normalnie ze wzgl\u0119du na ci\u0105gle wzrastaj\u0105c\u0105 ciasnot\u0119 lokalow\u0105.<\/strong><!--more--><\/p>\n<p style=\"text-align: justify;\">Stan liczebny m\u0142odzie\u017cy wzrasta\u0142, przybywa\u0142o oddzia\u0142\u00f3w, nauczycieli i pomna\u017ca\u0142 si\u0119 stale maj\u0105tek szko\u0142y i jej zasoby materialne. Wszystko to razem wzi\u0119te nie mie\u015bci\u0142o si\u0119 swobodnie w dotychczasowych pomieszczeniach dawnego budynku szkolnego. Nale\u017cy tu przypomnie\u0107, \u017ce poprzedni budynek pobudowany przed wojn\u0105 mia\u0142 s\u0142u\u017cy\u0107 tylko szkole podstawowej. Pracuj\u0105ce naraz dwie plac\u00f3wki o\u015bwiatowe napotykaj\u0105 na coraz to wi\u0119ksze trudno\u015bci organizacyjne i z trudem mieszcz\u0105 si\u0119 w budynku nie maj\u0105cym przy tym pracowni naukowych. Z ka\u017cdym rokiem narastaj\u0105 w pracy uczni\u00f3w i nauczycieli trudno\u015bci spowodowane brakiem pomieszcze\u0144 i urz\u0105dze\u0144 higieniczno \u2013 sanitarnych. Du\u017co k\u0142opotu nastr\u0119cza tak\u017ce w okresie zimowym palenie ogrzewcze w kilkudziesi\u0119ciu piecach kaflowych. Tote\u017c po wybudowaniu elektrowni i za\u0142o\u017ceniu w\u0142asnego o\u015bwietlenia elektrycznego, naczeln\u0105 trosk\u0105 Dyrekcji szko\u0142y w tym czasie sta\u0142a si\u0119 sprawa rozbudowy istniej\u0105cego budynku szkolnego. Powo\u0142ano spo\u0142eczny komitet do realizacji tego zamierzenia, kt\u00f3ry od razu przyst\u0105pi\u0142 do gromadzenia cz\u0119\u015bci fundusz\u00f3w i materia\u0142\u00f3w budowlanych. Dzi\u0119ki wydatnej i troskliwej pomocy w\u0142adz o\u015bwiatowych, administracji powiatowej, Gromadzkiej Rady Narodowej, miejscowego spo\u0142ecze\u0144stwa oraz rodaka ziemi sadowie\u0144skiej \u00f3wczesnego Wiceprzewodnicz\u0105cego Rady Pa\u0144stwa Czes\u0142awa Wycecha, w\u0142\u0105czono rozbudow\u0119 szko\u0142y w Sadownem do Pa\u0144stwowego Planu Inwestycyjnego.<\/p>\n<p style=\"text-align: justify;\">Kosztorys rozbudowy zamyka\u0142 si\u0119 w sumie czterech i p\u00f3\u0142 miliona z\u0142otych. Po wykonaniu za\u0142o\u017ce\u0144 wst\u0119pnych, pe\u0142nej dokumentacji i zabezpieczeniu finansowym, wiosn\u0105 1955 roku Powiatowe Przedsi\u0119biorstwo Budowlane w Soko\u0142owie Podlaskim, otrzymawszy zlecenie jako wykonawca, przyst\u0105pi\u0142o do zagospodarowania placu budowy, zw\u00f3zki materia\u0142\u00f3w, robienia wykop\u00f3w i zak\u0142adania fundament\u00f3w.<\/p>\n<p style=\"text-align: justify;\">Dnia 16 wrze\u015bnia 1955 r. z udzia\u0142em miejscowych w\u0142adz partyjnych i terenowych oraz spo\u0142ecze\u0144stwa i m\u0142odzie\u017cy szkolnej, dyrektor szko\u0142y Helena Pu\u015bcionowa dokona\u0142a za\u0142o\u017cenia kamienia w\u0119gielnego w naro\u017cnym fundamencie nowego budynku od strony p\u00f3\u0142nocno \u2013 wschodniej.<\/p>\n<div id=\"attachment_6683\" style=\"width: 190px\" class=\"wp-caption alignright\"><a href=\"http:\/\/www.info.sadowne.pl\/wp-content\/uploads\/2014\/10\/2014.10.23.1.jpg\" target=\"_blank\"><img loading=\"lazy\" decoding=\"async\" aria-describedby=\"caption-attachment-6683\" class=\"wp-image-6683 size-thumbnail\" src=\"http:\/\/www.info.sadowne.pl\/wp-content\/uploads\/2014\/10\/2014.10.23.1-180x130.jpg\" alt=\"2014.10.23.1\" width=\"180\" height=\"130\" \/><\/a><p id=\"caption-attachment-6683\" class=\"wp-caption-text\">Foto: Kronika SP Sadowne<\/p><\/div>\n<p style=\"text-align: justify;\">W\u015br\u00f3d wielu trudno\u015bci, k\u0142opot\u00f3w i przeszk\u00f3d organizacyjnych, nie przerywaj\u0105c ani na chwil\u0119 zaj\u0119\u0107 szkolnych, trwa\u0142y prace budowlane przez ponad 2 i p\u00f3\u0142 roku a\u017c do 7.XI.1957 r., w kt\u00f3rym to dniu rozbudowany budynek przekazano oficjalnie do u\u017cytku m\u0142odzie\u017cy i \u015brodowiska. Kubatur\u0119 budynku zwi\u0119kszono o drugie tyle tj. o ponad 6000 m3. W nowej cz\u0119\u015bci znalaz\u0142y pomieszczenie pracownie naukowe, sala gimnastyczna, sale lekcyjne, pomieszczenia higieniczno \u2013 sanitarne i gospodarcze. Zmieniono sie\u0107 o\u015bwietleniow\u0105, skasowano piece kaflowe zast\u0119puj\u0105c je centralnym ogrzewaniem, za\u0142o\u017cono instalacj\u0119 wodno \u2013 kanalizacyjn\u0105, na korytarzach I i II pi\u0119tra oraz w licznych salach i pracowniach po\u0142ozono parkiet z klepki d\u0119bowej i jesionowej, za\u015b ca\u0142y dach budynku pokryto eternitem falistym. Zmieni\u0142o si\u0119 wiele na lepsze. Od tej pory budynek sta\u0142 si\u0119 wygodnym i nowoczesnym pomieszczeniem do kontynuowania pracy szkolnej zar\u00f3wno dla uczni\u00f3w, jak i nauczycielstwa. By\u0142o to du\u017ce i powa\u017cne osi\u0105gni\u0119cie dla dalszego rozwoju sadowie\u0144skiej szko\u0142y i jej zmieniaj\u0105cego szybko swe oblicze wiejskiego, zacofanego niegdy\u015b \u015brodowiska.<\/p>\n<div id=\"attachment_6684\" style=\"width: 190px\" class=\"wp-caption alignleft\"><a href=\"http:\/\/www.info.sadowne.pl\/wp-content\/uploads\/2014\/10\/2014.10.23.2.jpg\" target=\"_blank\"><img loading=\"lazy\" decoding=\"async\" aria-describedby=\"caption-attachment-6684\" class=\"wp-image-6684 size-thumbnail\" src=\"http:\/\/www.info.sadowne.pl\/wp-content\/uploads\/2014\/10\/2014.10.23.2-180x130.jpg\" alt=\"2014.10.23.2\" width=\"180\" height=\"130\" \/><\/a><p id=\"caption-attachment-6684\" class=\"wp-caption-text\">Foto: www.fotopolska.pl<\/p><\/div>\n<p style=\"text-align: justify;\">W ten spos\u00f3b Sadowne zyska\u0142o pe\u0142ne mo\u017cliwo\u015bci sta\u0142ego, na zawsze istnienia \u015bredniego zak\u0142adu naukowego w warunkach odpowiadaj\u0105cych wszelkim wymogom przepis\u00f3w szkolnych.<\/p>\n<div id=\"attachment_6685\" style=\"width: 190px\" class=\"wp-caption alignright\"><a href=\"http:\/\/www.info.sadowne.pl\/wp-content\/uploads\/2014\/10\/2014.10.23.3.jpg\" target=\"_blank\"><img loading=\"lazy\" decoding=\"async\" aria-describedby=\"caption-attachment-6685\" class=\"wp-image-6685 size-thumbnail\" src=\"http:\/\/www.info.sadowne.pl\/wp-content\/uploads\/2014\/10\/2014.10.23.3-180x130.jpg\" alt=\"2014.10.23.3\" width=\"180\" height=\"130\" \/><\/a><p id=\"caption-attachment-6685\" class=\"wp-caption-text\">Foto: Kronika SP Sadowne<\/p><\/div>\n<p style=\"text-align: justify;\">Dnia 4.IX.1958 r. po 6-letnim owocnym kierownictwie ust\u0105pi\u0142a ze stanowiska dyrektora szko\u0142y Helena Pu\u015bcionowa, jednocze\u015bnie z funkcji wicedyrektora zwolni\u0142 si\u0119 r\u00f3wnie\u017c Edward S\u00f3wka. Tymczasowe pe\u0142nienie obowi\u0105zk\u00f3w dyrektora w\u0142adze o\u015bwiatowe powierzy\u0142y nauczycielowi chemii Edmundowi Oksytowiczowi. Funkcj\u0119 t\u0119 pe\u0142ni\u0142 on do czasu przybycia mianowanego przez Kuratorium Okr\u0119gu Szkonego Warszawskiego nowego dyrektora tej plac\u00f3wki przyby\u0142ego z Liceum w Ostrowi Maz. Stanis\u0142awa Dragana, kt\u00f3ry do wsp\u00f3\u0142pracy powo\u0142a\u0142 na stanowisko swego zast\u0119pcy Edmunda Oksytowicza. Obaj oni obj\u0119li swe funkcje od dnia 28.X.1958 r. Od tej chwili rozpocznie si\u0119 nowy, obfituj\u0105cy w wiele wa\u017cnych moment\u00f3w i wydarze\u0144 etap pracy szko\u0142y sadowie\u0144skiej, zmierzaj\u0105cy ku dalszemu jej rozkwitowi.<\/p>\n<p style=\"text-align: justify;\">Dalszy pomy\u015blny rozw\u00f3j szko\u0142y stwarza\u0142 coraz to nowe potrzeby, kt\u00f3re mog\u0142y by\u0107 realizowane tylko w oparciu o nowe inwestycje. Rodz\u0105 si\u0119 my\u015bli o budowie odpowiedniego obiektu do wyczyn\u00f3w sportowych i \u0107wicze\u0144 w zakresie podnoszenia i doskonalenia kultury fizycznej. Koniec roku 1958 b\u0119dzie jednym z pierwszych owocnych krok\u00f3w administracji sadowie\u0144skiej szko\u0142y i jej nauczycieli, a szczeg\u00f3lnie Mieczys\u0142awa Chmielewskiego w kierunku pobudowania tak bardzo potrzebnego szkole i \u015brodowisku stadionu sportowego. Utworzony w tym celu Spo\u0142eczny Komitet przy wydatnej pomocy Redakcji Sportowej Polskiego Radia, inspirowanej przez redaktor Iren\u0119 Kiepuszewsk\u0105 i pod og\u00f3lnym kierunkiem dyrektora Dragana, doprowadzi bardzo szybko podj\u0119te dzie\u0142o do pomy\u015blnego ko\u0144ca i w dniu 19.IX.1959 r., z udzia\u0142em Marsza\u0142ka Sejmu Cz. Wycecha, Ministra O\u015bwiaty W\u0142. Bie\u0144kowskiego oraz Przewodnicz\u0105cego GKKP W\u0142odzimierza Reczka, pi\u0119kny stadion sportowy zostaje oddany do u\u017cytku. Od tej chwili znajdzie tu m\u0142odzie\u017c miejsce do rozgrywek i wy\u017cycia sportowego, a poza tym obiekt ten, jako nieliczny tego rodzaju przy szko\u0142ach w og\u00f3le, stanie si\u0119 miejscem cz\u0119stych spotka\u0144 sportowych \u015bci\u0105gaj\u0105cej tu licznie m\u0142odzie\u017cy szk\u00f3\u0142 wojew\u00f3dztwa warszawskiego.<\/p>\n<p style=\"text-align: justify;\">Trudna sytuacja na odcinku mieszkaniowym w Sadownem, by\u0142a przez d\u0142ugi okres czasu powa\u017cn\u0105 przeszkod\u0105 w ustabilizowaniu \u017cycia kadry nauczycielskiej, kt\u00f3ra, z braku odpowiednich mieszka\u0144, cz\u0119sto nie zagrzawszy d\u0142ugo miejsca porzuca\u0142a prac\u0119 w szkole, szukaj\u0105c lepszych, dogodniejszych warunk\u00f3w gdzie indziej. Nie sprzyja\u0142o to rzecz jasna pracy dla dobra szko\u0142y i wobec ci\u0105g\u0142ej p\u0142ynno\u015bci kadry nauczycielskiej trzeba by\u0142o znale\u017a\u0107 korzystne dla obu stron rozwi\u0105zanie. Powstawa\u0142a konieczno\u015b\u0107 budowy obiektu, kt\u00f3ry m\u00f3g\u0142by zapewni\u0107 nauczycielstwu sta\u0142e i wygodne mieszkanie. I znowu pod kierownictwem dyrektora Dragana powstaje z jego inicjatywy w roku 1962 Spo\u0142eczny Komitet Budowy Domu Nauczyciela. Uchwa\u0142\u0105 miejscowej Gromadzkiej Rady Narodowej zostaje przekazana na w\u0142asno\u015b\u0107 szkole cz\u0119\u015b\u0107 parceli budowlanej po\u0142o\u017conej przy ulicy Grunwaldzkiej, z przeznaczeniem na budow\u0119 wspomnianego wy\u017cej obiektu. Przez trudne 2 lata b\u0119dzie si\u0119 teraz boryka\u0142 powo\u0142any do tego Komitet i po wielu ogromnych przeszkodach i trudach oraz dzi\u0119ki niezmordowanemu uporowi dyrektora Dragana rozpocz\u0119te z niema\u0142ym nak\u0142adem wysi\u0142ku i stara\u0144 dzie\u0142o zostanie doprowadzone do ko\u0144ca i w grudniu 1964 r. zostanie przekazane 5-ciu rodzinom nauczycielskim do u\u017cytku. Obecnie dzi\u0119ki poparciu finansowemu SPBSi Int. dobudowuje si\u0119 jeszcze do tego budynku cztery mieszkania co znacznie poprawi wygody u\u017cytkowe jego mieszka\u0144c\u00f3w.<\/p>\n<p style=\"text-align: justify;\">Podobnie coraz dotkliwiej dawa\u0142a si\u0119 odczuwa\u0107 sytuacja na odcinku mieszkaniowym m\u0142odzie\u017cy, z kt\u00f3rej znaczna wi\u0119kszo\u015b\u0107 rekrutowa\u0142a si\u0119 spoza Sadownego. Dotychczasowe baraki internackie, ze wzgl\u0119du na ich staro\u015b\u0107 i sta\u0142\u0105 konserwacj\u0119, by\u0142y kosztowne w utrzymaniu, a ponadto zbyt ch\u0142odne i ciasne. S\u0142u\u017cy\u0142y ju\u017c one jako pomieszczenia tymczasowe i nader prymitywne, a przy tym nie dostosowane do potrzeb wychowawczych i organizacyjnych m\u0142odzie\u017cy, z g\u00f3r\u0105 15 lat i funkcjonalno\u015b\u0107 ich powoli wygasa\u0142a. Troska o zapewnienie m\u0142odzie\u017cy pozamiejscowej zno\u015bnych warunk\u00f3w \u017cycia internackiego stanowi\u0142a codzienny niemal\u017ce problem, kt\u00f3ry mo\u017cna by\u0142o rozwi\u0105za\u0107 jedynie przez zbudowanie typowego obiektu internackiego dla ucz\u0105cej si\u0119 m\u0142odzie\u017cy. W ten spos\u00f3b rodzi si\u0119 projekt budowy nowego internatu, kt\u00f3ry znowu jak inne zostaje \u017cyczliwie poparty przez czu\u0142ego opiekuna sadowie\u0144skiej szko\u0142y Marsza\u0142ka Cz. Wycecha, i b\u0119dzie zrealizowany niespodziewanie szybko, bo w ci\u0105gu niespe\u0142na dw\u00f3ch kolejnych lat. Dnia 7 maja 1966 r. nowocze\u015bnie urz\u0105dzony i wyposa\u017cony budynek internatu dla 100 wychowank\u00f3w zostaje uroczy\u015bcie, przy udziale wysokiego protektora Marsza\u0142ka Cz. Wycecha, Min. O\u015bwiaty W. Tu\u0142odzieckiego i innych wybitnych osobisto\u015bci, oddany do u\u017cytku. I zn\u00f3w nale\u017cy stwierdzi\u0107, \u017ce wybudowanie tego obiektu zwi\u0119kszy\u0142o jeszcze bardziej rang\u0119 tej szko\u0142y i bardziej umocni\u0142o przekonanie o wytworzeniu si\u0119 w Sadownem bardzo korzystnych warunk\u00f3w dla istnienia \u015bredniego zak\u0142adu naukowego.<\/p>\n<p style=\"text-align: justify;\">Dzi\u0119ki du\u017cemu i szczeg\u00f3lnemu poparciu powiatowych w\u0142adz w W\u0119growie zwi\u0119ksza si\u0119 stale i wydatnie poprawia wyposa\u017cenie Liceum sadowie\u0144skiego. Nowy sprz\u0119t i liczne pomoce naukowe dope\u0142niaj\u0105 stanu zamo\u017cno\u015bci tej plac\u00f3wki, a sta\u0142a troska dyrekcji szko\u0142y o jej dalszy rozw\u00f3j zmierza nieprzerwanie do maksymalnego jej wyposa\u017cenia we wszystkie niezb\u0119dne rekwizyty potrzebne do jej sprawnego i pomy\u015blnego funkcjonowania.<\/p>\n<p style=\"text-align: justify;\">Szko\u0142a tak rok rocznie zasila kadry pracownicze dla potrzeb kraju i ze zdrowo i trze\u017awo my\u015bl\u0105cej m\u0142odzie\u017cy ch\u0142opskiej czyni przydatnych i u\u017cytecznych obywateli naszego kraju. Je\u015bli przy tym dodamy, \u017ce od pocz\u0105tku swego istnienia Liceum to wypu\u015bci\u0142o ze swych mur\u00f3w ju\u017c ponad 800 absolwent\u00f3w, to b\u0119dzie to najlepszy dow\u00f3d jego korzystnej i po\u017cytecznej dzia\u0142alno\u015bci, kt\u00f3ra w ka\u017cdym roku szkolnym rodzi warto\u015bciowe zast\u0119py polskiej inteligencji pracuj\u0105cej.<\/p>\n<p style=\"text-align: justify;\">Rok 1966 b\u0119dzie w \u017cyciu obu sadowie\u0144skich szk\u00f3\u0142, pracuj\u0105cych przez 18 lat zgodnie pod jednym kierownictwem, momentem rozdzia\u0142u na dwie znowu, jak kiedy\u015b, odr\u0119bne jednostki administracyjne. Stanie si\u0119 to zgodnie z ustaw\u0105 o reformie szkolnej. W roku uroczystych w kraju ojczystym obchod\u00f3w 1000-lecia istnienia Pa\u0144stwa Polskiego. Momentem tego prze\u0142omu b\u0119dzie dzie\u0144 1.VII.66 r., w kt\u00f3rym to Wydzia\u0142 O\u015bwiaty w W\u0119growie oficjalnie dokona\u0142 rozdzia\u0142u dotychczasowej 11-letniej szko\u0142y og\u00f3lnokszta\u0142c\u0105cej na Szko\u0142\u0119 Podstawow\u0105 i Liceum Og\u00f3lnokszta\u0142c\u0105ce. Pe\u0142nienie obowi\u0105zk\u00f3w kierownika Szko\u0142y Podstawowej zosta\u0142o powierzone nauczycielowi Edwardowi S\u00f3wce. Od tej chwili rozpocznie si\u0119 nowy etap pracy obu szk\u00f3\u0142, kt\u00f3re na skutek podzia\u0142u stworz\u0105 odr\u0119bne i niezale\u017cne od siebie w\u0142asne systemy administracyjne i wychowawcze. Pozostanie tylko nadal w gestii Liceum administrowanie budynkiem szkolnym.<\/p>\n<p><strong>\u0179r\u00f3d\u0142o:\u00a0SADOWIE\u0143SKIE OBRAZY &#8211;\u00a0<\/strong>Zebrane wspomnienia z dawnego i bli\u017cszego \u017cycia Sadownego i okolic, Edward S\u00f3wka &#8211;\u00a0SADOWNE 1970<\/p>\n","protected":false},"excerpt":{"rendered":"<p>Rozwijaj\u0105ca si\u0119 coraz bardziej z ka\u017cdym rokiem sadowie\u0144ska szko\u0142a, nie mog\u0142a w pe\u0142ni pracowa\u0107 normalnie ze wzgl\u0119du na ci\u0105gle wzrastaj\u0105c\u0105 ciasnot\u0119 lokalow\u0105.<\/p>\n","protected":false},"author":1,"featured_media":0,"comment_status":"open","ping_status":"open","sticky":false,"template":"","format":"standard","meta":{"footnotes":""},"categories":[5,841,31],"tags":[843,2288],"class_list":["post-6682","post","type-post","status-publish","format-standard","hentry","category-newsy","category-sadowienskie-obrazy","category-historia-gminy","tag-edward-sowka","tag-sadowienskie-obrazy"],"views":2983,"_links":{"self":[{"href":"http:\/\/info.sadowne.pl\/index.php?rest_route=\/wp\/v2\/posts\/6682","targetHints":{"allow":["GET"]}}],"collection":[{"href":"http:\/\/info.sadowne.pl\/index.php?rest_route=\/wp\/v2\/posts"}],"about":[{"href":"http:\/\/info.sadowne.pl\/index.php?rest_route=\/wp\/v2\/types\/post"}],"author":[{"embeddable":true,"href":"http:\/\/info.sadowne.pl\/index.php?rest_route=\/wp\/v2\/users\/1"}],"replies":[{"embeddable":true,"href":"http:\/\/info.sadowne.pl\/index.php?rest_route=%2Fwp%2Fv2%2Fcomments&post=6682"}],"version-history":[{"count":1,"href":"http:\/\/info.sadowne.pl\/index.php?rest_route=\/wp\/v2\/posts\/6682\/revisions"}],"predecessor-version":[{"id":6686,"href":"http:\/\/info.sadowne.pl\/index.php?rest_route=\/wp\/v2\/posts\/6682\/revisions\/6686"}],"wp:attachment":[{"href":"http:\/\/info.sadowne.pl\/index.php?rest_route=%2Fwp%2Fv2%2Fmedia&parent=6682"}],"wp:term":[{"taxonomy":"category","embeddable":true,"href":"http:\/\/info.sadowne.pl\/index.php?rest_route=%2Fwp%2Fv2%2Fcategories&post=6682"},{"taxonomy":"post_tag","embeddable":true,"href":"http:\/\/info.sadowne.pl\/index.php?rest_route=%2Fwp%2Fv2%2Ftags&post=6682"}],"curies":[{"name":"wp","href":"https:\/\/api.w.org\/{rel}","templated":true}]}}