{"id":6692,"date":"2014-10-25T15:00:59","date_gmt":"2014-10-25T13:00:59","guid":{"rendered":"http:\/\/www.infosadowne.boo.pl\/?p=6692"},"modified":"2020-04-24T18:24:28","modified_gmt":"2020-04-24T16:24:28","slug":"patron-mysliwych","status":"publish","type":"post","link":"http:\/\/info.sadowne.pl\/?p=6692","title":{"rendered":"Patron my\u015bliwych"},"content":{"rendered":"<p style=\"text-align: justify;\"><strong><img loading=\"lazy\" decoding=\"async\" class=\"alignleft size-thumbnail wp-image-6693\" src=\"http:\/\/www.info.sadowne.pl\/wp-content\/uploads\/2014\/10\/2014.10.25.1-180x130.jpg\" alt=\"2014.10.25.1\" width=\"180\" height=\"130\" \/>Patron my\u015bliwych zosta\u0142 upami\u0119tniony.<\/strong><!--more--><\/p>\n<p style=\"text-align: justify;\">Tradycj\u0105 w\u015br\u00f3d my\u015bliwych sta\u0142o si\u0119 organizowanie uroczystego polowania ku czci patrona braci \u0142owieckiej \u2013 \u015bw. Huberta.<\/p>\n<p style=\"text-align: justify;\">W tym samym dniu \u2013 tym razem 25 pa\u017adziernika &#8211; wszystkie ko\u0142a \u0142owieckie odbywaj\u0105 hubertowiny w swoich obwodach \u0142owieckich, po czym spotykaj\u0105 si\u0119 na wsp\u00f3lnym biesiadowaniu.<\/p>\n<p style=\"text-align: justify;\">Na terenie gminy Sadowne sw\u00f3j obw\u00f3d posiada warszawskie Ko\u0142o \u0141owieckie \u201eKszyk\u201d, kt\u00f3rego cz\u0142onkami s\u0105 r\u00f3wnie\u017c my\u015bliwi zamieszkuj\u0105cy na naszym terenie. Tegoroczne obchody \u015bwi\u0119ta \u0142owieckiego zwi\u0105zane s\u0105 z imprez\u0105 pn. \u201eHubertus Wegrowski 2014\u201d, kt\u00f3ra rozpocz\u0119\u0142a si\u0119 porann\u0105 msz\u0105 polow\u0105 w Liwie, celebrowan\u0105 przez ks. Tomasza Duszkiewicza \u2013 kapelana my\u015bliwych i wikariusza naszej parafii.<\/p>\n<p style=\"text-align: justify;\">My\u015bliwi Ko\u0142a \u0141owieckiego \u201eKszyk\u201d, udaj\u0105c si\u0119 w rejon \u0142owiecki, postanowili dodatkowo uczci\u0107 patrona i wzi\u0119li udzia\u0142 w po\u015bwi\u0119ceniu drewnianej kapliczki, kt\u00f3rej s\u0105 fundatorami, a kt\u00f3r\u0105 wykona\u0142 p. Marian Subda z Sok\u00f3\u0142ki. Na skwerku przy ko\u015bciele w Sadownem ods\u0142oni\u0119to r\u00f3wnie\u017c tablic\u0119 upami\u0119tniaj\u0105c\u0105 koleg\u00f3w my\u015bliwych, le\u015bnik\u00f3w i spo\u0142eczno\u015b\u0107 lokaln\u0105.<\/p>\n<p style=\"text-align: justify;\">Zaproszeni go\u015bcie, kt\u00f3rzy wspieraj\u0105 bra\u0107 my\u015bliwsk\u0105, mieli te\u017c okazj\u0119 skosztowa\u0107 potraw podczas \u015bniadania my\u015bliwskiego, ale czas nagli\u0142, a \u201eogary ju\u017c chcia\u0142y i\u015b\u0107 w las\u201d \u2013 rozpocz\u0119\u0142o si\u0119 polowanie.<\/p>\n<p><a href=\"https:\/\/photos.app.goo.gl\/7fvzQcBWEtjSWzSk6\" target=\"_blank\" rel=\"noopener noreferrer\"><strong>Zdj\u0119cia w galerii Google&gt;&gt;&gt;<\/strong><\/a><\/p>\n<p style=\"text-align: justify;\"><strong>Tekst\/foto:<\/strong> S\u0142awek Chyli\u0144ski<\/p>\n<p>&nbsp;<\/p>\n","protected":false},"excerpt":{"rendered":"<p>Patron my\u015bliwych zosta\u0142 upami\u0119tniony.<\/p>\n","protected":false},"author":1,"featured_media":0,"comment_status":"open","ping_status":"open","sticky":false,"template":"","format":"standard","meta":{"footnotes":""},"categories":[5,1,690],"tags":[458,459,1003],"class_list":["post-6692","post","type-post","status-publish","format-standard","hentry","category-newsy","category-inne","category-lowiectwo","tag-hubertus-sadowienski","tag-kolo-lowieckie-kszyk","tag-vi-hubertus-wegrowski"],"views":3741,"_links":{"self":[{"href":"http:\/\/info.sadowne.pl\/index.php?rest_route=\/wp\/v2\/posts\/6692","targetHints":{"allow":["GET"]}}],"collection":[{"href":"http:\/\/info.sadowne.pl\/index.php?rest_route=\/wp\/v2\/posts"}],"about":[{"href":"http:\/\/info.sadowne.pl\/index.php?rest_route=\/wp\/v2\/types\/post"}],"author":[{"embeddable":true,"href":"http:\/\/info.sadowne.pl\/index.php?rest_route=\/wp\/v2\/users\/1"}],"replies":[{"embeddable":true,"href":"http:\/\/info.sadowne.pl\/index.php?rest_route=%2Fwp%2Fv2%2Fcomments&post=6692"}],"version-history":[{"count":2,"href":"http:\/\/info.sadowne.pl\/index.php?rest_route=\/wp\/v2\/posts\/6692\/revisions"}],"predecessor-version":[{"id":23296,"href":"http:\/\/info.sadowne.pl\/index.php?rest_route=\/wp\/v2\/posts\/6692\/revisions\/23296"}],"wp:attachment":[{"href":"http:\/\/info.sadowne.pl\/index.php?rest_route=%2Fwp%2Fv2%2Fmedia&parent=6692"}],"wp:term":[{"taxonomy":"category","embeddable":true,"href":"http:\/\/info.sadowne.pl\/index.php?rest_route=%2Fwp%2Fv2%2Fcategories&post=6692"},{"taxonomy":"post_tag","embeddable":true,"href":"http:\/\/info.sadowne.pl\/index.php?rest_route=%2Fwp%2Fv2%2Ftags&post=6692"}],"curies":[{"name":"wp","href":"https:\/\/api.w.org\/{rel}","templated":true}]}}