{"id":6744,"date":"2014-10-29T16:39:27","date_gmt":"2014-10-29T15:39:27","guid":{"rendered":"http:\/\/www.infosadowne.boo.pl\/?p=6744"},"modified":"2015-06-01T17:17:25","modified_gmt":"2015-06-01T15:17:25","slug":"pomaganie-potrzebujacym","status":"publish","type":"post","link":"http:\/\/info.sadowne.pl\/?p=6744","title":{"rendered":"Pomaganie potrzebuj\u0105cym&#8230;"},"content":{"rendered":"<p style=\"text-align: justify;\"><strong><img loading=\"lazy\" decoding=\"async\" class=\"alignleft size-thumbnail wp-image-6745\" src=\"http:\/\/www.info.sadowne.pl\/wp-content\/uploads\/2014\/10\/nakretki-180x130.jpg\" alt=\"nakretki\" width=\"180\" height=\"130\" srcset=\"http:\/\/info.sadowne.pl\/wp-content\/uploads\/2014\/10\/nakretki-180x130.jpg 180w, http:\/\/info.sadowne.pl\/wp-content\/uploads\/2014\/10\/nakretki-300x216.jpg 300w, http:\/\/info.sadowne.pl\/wp-content\/uploads\/2014\/10\/nakretki.jpg 414w\" sizes=\"auto, (max-width: 180px) 100vw, 180px\" \/>Pom\u00f3\u017cmy sadowie\u0144skim wolontariuszom w ich akcjach.<\/strong><!--more--><\/p>\n<p style=\"text-align: justify;\"><strong>Pomaganie potrzebuj\u0105cym jest bardzo pozytywne i potrzebne. Zaszczepienie w m\u0142odych ludziach bakcyla wra\u017cliwo\u015bci na cierpienie i problemy drugiego cz\u0142owieka przejawia si\u0119 wielk\u0105 ch\u0119ci\u0105 niesienia pomocy i ich zaanga\u017cowaniem w r\u00f3\u017cnego rodzaju akcje charytatywne.<\/strong><\/p>\n<p style=\"text-align: justify;\">W naszej szkole odbywaj\u0105 si\u0119 aktualnie dwie akcje, kt\u00f3re maj\u0105 na celu pom\u00f3c potrzebuj\u0105cym ludziom. Jedna z nich to zbieranie plastikowych nakr\u0119tek r\u00f3\u017cnego rodzaju, kt\u00f3rych w ka\u017cdym domu jest bardzo du\u017co i najcz\u0119\u015bciej si\u0119 je wyrzuca. Nakr\u0119tki zbieramy dla chorego na autyzm Kubusia, kt\u00f3ry potrzebuje specjalistycznej terapii. Ma ona pom\u00f3c ch\u0142opczykowi w lepszym codziennym funkcjonowaniu. M\u0142odzie\u017c naszej szko\u0142y, nauczyciele oraz pracownicy bardzo zaanga\u017cowali si\u0119 w akcj\u0119 i systematycznie donosz\u0105 zakr\u0119tki do specjalnie na ten cel przygotowanego pojemnika. Dwa dodatkowe pojemniki zosta\u0142y ustawione w dw\u00f3ch najwi\u0119kszych sklepach w Sadownem: \u201e U Roberta\u201d i w \u201eTopazie\u201d. Przy tej okazji bardzo dzi\u0119kuj\u0119, \u017ce kierownicy sklep\u00f3w tak ch\u0119tnie przyst\u0105pili do akcji i zgodzili si\u0119 na ustawienie pojemnik\u00f3w na zakr\u0119tki w ich sklepach.<\/p>\n<p style=\"text-align: justify;\"><strong>Bardzo zach\u0119camy spo\u0142eczno\u015b\u0107 Sadownego do przynoszenia zakr\u0119tek i wrzucania ich do pojemnik\u00f3w w w\/w sklepach, b\u0119dziemy bardzo wdzi\u0119czni za przy\u0142\u0105czenie si\u0119 do naszej akcji. Te zakr\u0119tki mog\u0105 bardzo pom\u00f3c siedmioletniemu Kubusiowi, kt\u00f3ry dzi\u0119ki tej zbi\u00f3rce mo\u017ce zmieni\u0107 swoje \u017cycie.<\/strong><\/p>\n<p style=\"text-align: justify;\">Druga akcja, w kt\u00f3rej uczestnicz\u0105 uczniowie ZSZ w Sadownem to zbi\u00f3rka pieni\u0119dzy dla \u201esamotnego Ojca z dw\u00f3jk\u0105 ma\u0142ych dzieci\u201d z Gwizda\u0142, kt\u00f3rzy \u017cyj\u0105 w trudnych warunkach i potrzebuj\u0105 pomocy w wyko\u0144czeniu domu. We wrze\u015bniu na raka trzustki zmar\u0142a matka dw\u00f3jki ma\u0142ych dzieci. Dwuip\u00f3\u0142letnim ch\u0142opcem oraz siedmioletni\u0105 dziewczynk\u0105 opiekuje si\u0119 teraz sam ojciec. Ich dom jest w op\u0142akanym stanie: brakuje \u0142azienki, budynek osiada, przecieka dach. Potrzebni s\u0105 fachowcy budowlani, materia\u0142y budowlane potrzebne do wyko\u0144czenia domu.<\/p>\n<p style=\"text-align: justify;\"><strong>Rodzin\u0119 mo\u017cna wspiera\u0107 wp\u0142acaj\u0105c pieni\u0105dze na konto fundacji \u201eDar Serca\u201d na numer 93 1240 6074 1111 0000 4992 4664 w tytule wpisuj\u0105c: Pomoc dla Pana Krystiana i jego dzieci. Ponadto mo\u017cna zadzwoni\u0107 pod nr 500-27-12-63 i dowiedzie\u0107 si\u0119 co jest najbardziej tej rodzinie potrzebne.<\/strong><\/p>\n<p style=\"text-align: justify;\">Reporta\u017c o rodzinie dost\u0119pny na <span style=\"color: #0000ff;\"><a href=\"http:\/\/www.diecezja.waw.pl\/3733\" target=\"_blank\"><span style=\"color: #0000ff;\"><strong>stronie Diecezji Warszawsko \u2013 Praskiej<\/strong><\/span><\/a><\/span>.<\/p>\n<p style=\"text-align: justify;\">Ko\u0142o Wolontariuszek ze szko\u0142y ponadgimnazjalnej pod opiek\u0105 pedagoga p. Ma\u0142gorzaty Olton koordynuje obie te akcje i b\u0119dzie je prowadzi\u0107 d\u0142ugofalowo, aby pomoc tym rodzinom nie by\u0142a tylko jednorazowa.<\/p>\n<p style=\"text-align: justify;\"><strong>Bardzo zach\u0119camy ca\u0142\u0105 spo\u0142eczno\u015b\u0107 Sadownego do wzi\u0119cia udzia\u0142u w tych akcjach! Dobro powraca ze zdwojon\u0105 si\u0142\u0105, a do tego u\u015bmiech na twarzy szcz\u0119\u015bliwego dziecka i jego rodzic\u00f3w wystarczy aby\u015bmy poczuli si\u0119 pomocni i potrzebni.<\/strong><\/p>\n<p style=\"text-align: justify;\">Ma\u0142gorzata Olton \u2013 pedagog ZSP<\/p>\n","protected":false},"excerpt":{"rendered":"<p>Pom\u00f3\u017cmy sadowie\u0144skim wolontariuszom w ich akcjach.<\/p>\n","protected":false},"author":1,"featured_media":0,"comment_status":"open","ping_status":"open","sticky":false,"template":"","format":"standard","meta":{"footnotes":""},"categories":[5,1370,85],"tags":[838,1021,182],"class_list":["post-6744","post","type-post","status-publish","format-standard","hentry","category-newsy","category-wolontariat","category-zsp","tag-malgorzata-olton","tag-pomaganie-potrzebujacym","tag-zespol-szkol-ponadgimnazjalnych-w-sadownem"],"views":2899,"_links":{"self":[{"href":"http:\/\/info.sadowne.pl\/index.php?rest_route=\/wp\/v2\/posts\/6744","targetHints":{"allow":["GET"]}}],"collection":[{"href":"http:\/\/info.sadowne.pl\/index.php?rest_route=\/wp\/v2\/posts"}],"about":[{"href":"http:\/\/info.sadowne.pl\/index.php?rest_route=\/wp\/v2\/types\/post"}],"author":[{"embeddable":true,"href":"http:\/\/info.sadowne.pl\/index.php?rest_route=\/wp\/v2\/users\/1"}],"replies":[{"embeddable":true,"href":"http:\/\/info.sadowne.pl\/index.php?rest_route=%2Fwp%2Fv2%2Fcomments&post=6744"}],"version-history":[{"count":3,"href":"http:\/\/info.sadowne.pl\/index.php?rest_route=\/wp\/v2\/posts\/6744\/revisions"}],"predecessor-version":[{"id":6865,"href":"http:\/\/info.sadowne.pl\/index.php?rest_route=\/wp\/v2\/posts\/6744\/revisions\/6865"}],"wp:attachment":[{"href":"http:\/\/info.sadowne.pl\/index.php?rest_route=%2Fwp%2Fv2%2Fmedia&parent=6744"}],"wp:term":[{"taxonomy":"category","embeddable":true,"href":"http:\/\/info.sadowne.pl\/index.php?rest_route=%2Fwp%2Fv2%2Fcategories&post=6744"},{"taxonomy":"post_tag","embeddable":true,"href":"http:\/\/info.sadowne.pl\/index.php?rest_route=%2Fwp%2Fv2%2Ftags&post=6744"}],"curies":[{"name":"wp","href":"https:\/\/api.w.org\/{rel}","templated":true}]}}