{"id":6841,"date":"2014-11-11T16:41:01","date_gmt":"2014-11-11T15:41:01","guid":{"rendered":"http:\/\/www.infosadowne.boo.pl\/?p=6841"},"modified":"2020-04-24T18:21:02","modified_gmt":"2020-04-24T16:21:02","slug":"uczczono-bohaterow-wilczogab","status":"publish","type":"post","link":"http:\/\/info.sadowne.pl\/?p=6841","title":{"rendered":"Uczczono bohater\u00f3w Wilczog\u0105b"},"content":{"rendered":"<p style=\"text-align: justify;\"><strong><img loading=\"lazy\" decoding=\"async\" class=\"alignleft size-thumbnail wp-image-6842\" src=\"http:\/\/www.info.sadowne.pl\/wp-content\/uploads\/2014\/11\/2014.11.11.1-180x130.jpg\" alt=\"2014.11.11.1\" width=\"180\" height=\"130\" \/>W ho\u0142dzie bohaterskim mieszka\u0144com wsi Wilczog\u0119by\u2026<\/strong><!--more--><\/p>\n<p style=\"text-align: justify;\">\u201eW \u00a0HO\u0141DZIE BOHATERSKIM MIESZKA\u0143COM WSI WILCZOG\u0118BY W 70 ROCZNIC\u0118 ZABEZPIECZENIA LOTNICZEGO ZRZUTU BRONI 16\/17 IV 1944R.\u00a0\u00a0\u00a0\u00a0 14 IX 2014R.\u00a0\u00a0\u00a0\u00a0 MIESZKA\u0143CY WSI WILCZOG\u0118BY\u201d<\/p>\n<p style=\"text-align: justify;\">Tej tre\u015bci napis na tablicy, umieszczonej na pomniku POW w Wilczog\u0119bach, od 11 listopada upami\u0119tnia 70-t\u0105 rocznic\u0119 zrzutu broni w tej miejscowo\u015bci oraz dokonania bestialskiego mordu hitlerowc\u00f3w na jej mieszka\u0144cach.<\/p>\n<p style=\"text-align: justify;\">Uroczysto\u015bci rozpocz\u0119\u0142y si\u0119 przedpo\u0142udniow\u0105 msz\u0105 \u015bwi\u0119t\u0105 w ko\u015bciele parafialnym w Sadownem, po czym uczestnicy przenie\u015bli si\u0119 na skrzy\u017cowanie dr\u00f3g w miejscowo\u015bci Wilczog\u0119by, gdzie usytuowany jest pomnik wybudowany dla uczczenia pami\u0119ci poleg\u0142ych cz\u0142onk\u00f3w plutonu Polskiej Organizacji Wojskowej. Na tym w\u0142a\u015bnie pomniku umieszczono pami\u0105tkow\u0105 tablic\u0119.<\/p>\n<p style=\"text-align: justify;\">Przybyli go\u015bcie mieli okazj\u0119 zapozna\u0107 si\u0119 z histori\u0105 wspomnianego zrzutu broni i tragicznymi wydarzeniami, kt\u00f3re nast\u0105pi\u0142y wkr\u00f3tce po nim. Opowiedzia\u0142 o nich p. S\u0142awomir Sty\u015b, kt\u00f3ry poprowadzi\u0142 r\u00f3wnie\u017c t\u0119 uroczysto\u015b\u0107. Aby w\u0142a\u015bciwie odda\u0107 donios\u0142o\u015b\u0107 i istot\u0119 tego wydarzenia, pos\u0142u\u017cmy si\u0119 jego s\u0142owami:<\/p>\n<p style=\"text-align: justify;\">\u201e<em>W drugiej cz\u0119\u015bci naszych uroczysto\u015bci zgromadzili\u015bmy si\u0119 przy pomniku wybudowanym dla uczczenia pami\u0119ci poleg\u0142ych cz\u0142onk\u00f3w plutonu Polskiej Organizacji Wojskowej. Do Komitetu budowy weszli: Antoni Wycech, Aleksander Wycech, Czes\u0142aw \u017bd\u017calik, Stanis\u0142aw Szczechura s. Jana, Stanis\u0142aw Szczechura s. Adama, Czes\u0142aw Pu\u015bcion, Stefan Wycech. Jako go\u015b\u0107 i doradca zosta\u0142 zaproszony Tomasz Szczechura oraz Jan Pu\u015bcion i Jan Ojdana, jako cz\u0142onkowie dawnego plutonu POW. Uroczysto\u015bci zwi\u0105zane z ods\u0142oni\u0119ciem pomnika odby\u0142y si\u0119 3 wrze\u015bnia 1933 r. Wzi\u0119\u0142o w nich udzia\u0142 oko\u0142o 5000 os\u00f3b. Ods\u0142oni\u0119cia pomnika dokona\u0142 Starosta W\u0119growski Pan Wi\u015bniewski. Przy pomniku tym odbywa\u0142o si\u0119 szereg uroczysto\u015bci, a opiek\u0119 nad nim sprawowali uczniowie szko\u0142y, a po jej zamkni\u0119ciu spo\u0142ecze\u0144stwo wsi, szczeg\u00f3lnie stra\u017cacy z OSP. Obecnie pomnik jest w\u0142asno\u015bci\u0105 gminy Sadowne.<\/em><\/p>\n<p style=\"text-align: justify;\"><em>W bie\u017c\u0105cym roku Urz\u0105d Gminy wspar\u0142 finansowo remont otoczenia pomnika. Rok 2014 to dla Wilczog\u0105b 510. rocznica powstania miejscowo\u015bci i 70-ta rocznica dokonania przypadkowego zrzutu broni i innych materia\u0142\u00f3w dla Armii Krajowej. Lotnik, wskutek pomy\u0142ki, dokona\u0142 zrzutu w Wilczog\u0119bach zamiast w Wielgiem. Zrzut zosta\u0142 podj\u0119ty przez miejscowych dzia\u0142aczy i tymczasowo ukryty w r\u00f3\u017cnych miejscach, a nast\u0119pnie przewieziony do lasu \u201eJegiel\u201d ju\u017c pod dow\u00f3dztwem Henryka Ma\u0142ki\u0144skiego \u2013 komendanta z miejscowego oddzia\u0142u Armii Krajowej. Wiadomo\u015b\u0107 o zrzucie i o ludziach, kt\u00f3rzy wzi\u0119li udzia\u0142 w zabezpieczeniu go, dotar\u0142a do Niemc\u00f3w, a w dniu 31 maja 1944 r. zjecha\u0142a z Ostrowi Mazowieckiej ekspedycja karna. Aby poszukiwanych nie zaalarmowa\u0107 przed czasem, \u017candarmi pozostawili samochody na szosie i udali si\u0119 pieszo. Uda\u0142o im si\u0119 w ten spos\u00f3b zaskoczy\u0107 wi\u0119kszo\u015b\u0107 obwinionych, kt\u00f3rych wy\u0142apywali i gromadzili w remizie stra\u017cackiej. Tu odbywa\u0142o si\u0119 badanie, podczas kt\u00f3rego Niemcy okrutnie katowali trzonkami od bosak\u00f3w stra\u017cackich. Prawdopodobnie ju\u017c na wozie, podczas transportu do samochod\u00f3w, skona\u0142 Eugeniusz Wycech. Aresztowanych wywieziono do Ostrowi Mazowieckiej, gdzie w wi\u0119zieniu zmarli: Stefan Ga\u0142\u0105zka i Eugeniusz Marczyk. Pozostali: Boles\u0142aw Wycech z synami Dariuszem i Nikiforem, Aleksander Prabucki, Eugeniusz S\u00f3wka i Stanis\u0142aw Pu\u015bcion, zostali potem zabrani do Niemiec, gdzie zgin\u0119li. Spo\u015br\u00f3d pochwyconych powr\u00f3ci\u0142 po wojnie jedynie Kazimierz Szczechura.<\/em><\/p>\n<p style=\"text-align: justify;\"><em>Mieszka\u0144cy wsi Wilczog\u0119by w dniu 9 wrze\u015bnia 2014 r., na zebraniu wiejskim, postanowili uczci\u0107 70-t\u0105 rocznic\u0119 zrzutu broni oraz dokonania bestialskiego mordu niewinnych mieszka\u0144c\u00f3w &#8211; ufundowaniem tablicy pami\u0105tkowej i umieszczeniem jej na pomniku. W tej sprawie zwr\u00f3cili\u015bmy si\u0119 z pro\u015bb\u0105 do Rady Gminy w Sadownem, kt\u00f3ra pozytywnie zaakceptowa\u0142a nasz wniosek. Zebranie wiejskie w dniu 26 pa\u017adziernika 2014 r. postanowi\u0142o, \u017ce uroczysto\u015bci zwi\u0105zane z ods\u0142oni\u0119ciem tablicy pami\u0105tkowej odb\u0119d\u0105 si\u0119 11 listopada 2014 r. i uchwali\u0142o program uroczysto\u015bci oraz list\u0119 zaproszonych go\u015bci\u201d.<\/em><\/p>\n<p style=\"text-align: justify;\">Po tych s\u0142owach, w obecno\u015bci poczt\u00f3w sztandarowych gminnych jednostek OSP, nast\u0105pi\u0142o ods\u0142oni\u0119cie tablicy pami\u0105tkowej. Zaszczyt ten przypad\u0142 w udziale: pp. Tadeuszowi Danajowi \u2013 radnemu Powiatu W\u0119growskiego, w imieniu Starosty W\u0119growskiego, Waldemarowi Cyranowi \u2013 Przewodnicz\u0105cemu Rady Gminy Sadowne, Zdzis\u0142awowi Traczowi \u2013 W\u00f3jtowi Gminy Sadowne, Stanis\u0142awowi Stysiowi \u2013 so\u0142tysowi wsi Wilczog\u0119by oraz ks. kanonikowi Stanis\u0142awowi Wojciechowskiemu \u2013 proboszczowi miejscowej parafii, kt\u00f3ry dokona\u0142 r\u00f3wnie\u017c po\u015bwi\u0119cenia tablicy.<\/p>\n<p style=\"text-align: justify;\">Poleg\u0142ych i pomordowanych uczczono minut\u0105 ciszy, z\u0142o\u017cono te\u017c pod pomnikiem wi\u0105zanki kwiat\u00f3w oraz zapalono symboliczne znicze, a zaproszeni go\u015bcie, w kr\u00f3tkich wyst\u0105pieniach, oddali im sw\u00f3j ho\u0142d.<\/p>\n<p><a href=\"https:\/\/photos.app.goo.gl\/vnrR82udsbTBtziy9\" target=\"_blank\" rel=\"noopener noreferrer\"><strong>Zdj\u0119cia w galerii Google&gt;&gt;&gt;<\/strong><\/a><\/p>\n<p style=\"text-align: justify;\"><strong>Tekst:<\/strong> S\u0142awek Chyli\u0144ski\/S\u0142awomir Sty\u015b<\/p>\n<p style=\"text-align: justify;\"><strong>Foto:<\/strong> sch<\/p>\n<p>&nbsp;<\/p>\n","protected":false},"excerpt":{"rendered":"<p>W ho\u0142dzie bohaterskim mieszka\u0144com wsi Wilczog\u0119by\u2026<\/p>\n","protected":false},"author":1,"featured_media":0,"comment_status":"open","ping_status":"open","sticky":false,"template":"","format":"standard","meta":{"footnotes":""},"categories":[5,1],"tags":[1034,912],"class_list":["post-6841","post","type-post","status-publish","format-standard","hentry","category-newsy","category-inne","tag-odsloniecie-tablicy-ku-czci-mieszkancow-wilczogab","tag-wilczogeby"],"views":3614,"_links":{"self":[{"href":"http:\/\/info.sadowne.pl\/index.php?rest_route=\/wp\/v2\/posts\/6841","targetHints":{"allow":["GET"]}}],"collection":[{"href":"http:\/\/info.sadowne.pl\/index.php?rest_route=\/wp\/v2\/posts"}],"about":[{"href":"http:\/\/info.sadowne.pl\/index.php?rest_route=\/wp\/v2\/types\/post"}],"author":[{"embeddable":true,"href":"http:\/\/info.sadowne.pl\/index.php?rest_route=\/wp\/v2\/users\/1"}],"replies":[{"embeddable":true,"href":"http:\/\/info.sadowne.pl\/index.php?rest_route=%2Fwp%2Fv2%2Fcomments&post=6841"}],"version-history":[{"count":3,"href":"http:\/\/info.sadowne.pl\/index.php?rest_route=\/wp\/v2\/posts\/6841\/revisions"}],"predecessor-version":[{"id":23294,"href":"http:\/\/info.sadowne.pl\/index.php?rest_route=\/wp\/v2\/posts\/6841\/revisions\/23294"}],"wp:attachment":[{"href":"http:\/\/info.sadowne.pl\/index.php?rest_route=%2Fwp%2Fv2%2Fmedia&parent=6841"}],"wp:term":[{"taxonomy":"category","embeddable":true,"href":"http:\/\/info.sadowne.pl\/index.php?rest_route=%2Fwp%2Fv2%2Fcategories&post=6841"},{"taxonomy":"post_tag","embeddable":true,"href":"http:\/\/info.sadowne.pl\/index.php?rest_route=%2Fwp%2Fv2%2Ftags&post=6841"}],"curies":[{"name":"wp","href":"https:\/\/api.w.org\/{rel}","templated":true}]}}