{"id":6854,"date":"2014-11-12T16:34:03","date_gmt":"2014-11-12T15:34:03","guid":{"rendered":"http:\/\/www.infosadowne.boo.pl\/?p=6854"},"modified":"2014-11-12T16:34:03","modified_gmt":"2014-11-12T15:34:03","slug":"wieczna-chwala","status":"publish","type":"post","link":"http:\/\/info.sadowne.pl\/?p=6854","title":{"rendered":"Wieczna chwa\u0142a&#8230;"},"content":{"rendered":"<p style=\"text-align: justify;\"><strong><img loading=\"lazy\" decoding=\"async\" class=\"alignleft size-thumbnail wp-image-5637\" src=\"http:\/\/www.info.sadowne.pl\/wp-content\/uploads\/2014\/06\/ES.-113x130.jpg\" alt=\"ES.\" width=\"113\" height=\"130\" \/>Wieczna chwa\u0142a Bohaterom polskiego wrze\u015bnia!<\/strong><!--more--><\/p>\n<p style=\"text-align: justify;\">II wojna \u015bwiatowa trwa\u0142a na ziemi naszej ponad 2000 dni. Wiemy, \u017ce kampania wrze\u015bniowa zako\u0144czy\u0142a si\u0119 dla naszego narodu druzgoc\u0105c\u0105 kl\u0119sk\u0105. By\u0142a to kl\u0119ska narodowa, bo ca\u0142emu narodowi pozostaj\u0105cemu na ziemiach polskich odebra\u0142 okupant wolno\u015b\u0107, a Polak\u00f3w pozostaj\u0105cych poza granicami\u00a0 ojczyzny skaza\u0142 na przymusow\u0105 emigracj\u0119, bez mo\u017cliwo\u015bci chwilowego powrotu do kraju.<\/p>\n<p style=\"text-align: justify;\">Patrz\u0105c na te wypadki dzi\u015b z perspektywy wielu lat musimy stwierdzi\u0107, \u017ce kraj nasz nie by\u0142 do tej wojny przygotowany ani pod wzgl\u0119dem militarnym, ani te\u017c gospodarczym. W podobnej sytuacji znajdowa\u0142o si\u0119 w\u00f3wczas wiele kraj\u00f3w Europy, wmawiaj\u0105cych sobie fa\u0142szywie o absurdzie niemo\u017cliwo\u015bci wybuchu wojny, o krzykliwej tylko propagandzie hitleryzmu strasz\u0105cego \u015bwiat rzekomymi pogr\u00f3\u017ckami. Nar\u00f3d polski by\u0142 w europejskiej stawce wojennej napa\u015bci pierwszym, kt\u00f3ry molochowi hitlerowskiemu opar\u0142 si\u0119 i na jego zuchwa\u0142e, bezpodstawne \u017c\u0105danie terytorialne odpowiedzia\u0142 zdecydowanym NIE!<\/p>\n<p style=\"text-align: justify;\">Za tragiczn\u0105 kl\u0119sk\u0119 wrze\u015bniow\u0105 mo\u017cemy mie\u0107 \u017cal i g\u0142\u0119bokie pretensje do oszuka\u0144czej i zak\u0142amanej polityki Becka, ale w \u017cadnym razie nie mo\u017cemy obwinia\u0107 za to narodu, kt\u00f3ry zdany na \u0142ask\u0119 losu, bombardowanie, bity, mia\u017cd\u017cony i t\u0119piony przez ob\u0142\u0105kany hitleryzm wype\u0142ni\u0142 swe wrze\u015bniowe zadanie i jako najwi\u0119kszy bohater w\u015br\u00f3d bohater\u00f3w Europy wytrwa\u0142 do ko\u0144ca, przeciwstawiaj\u0105c si\u0119 jako pierwszy teuto\u0144skiej bucie obleczonej w hitleryzm. Nasz przyk\u0142ad sta\u0142 si\u0119 historycznym zacz\u0105tkiem dalszego oporu wszystkich napadni\u0119tych narod\u00f3w, kt\u00f3re przez ponad 2000 dni zmaga\u0142y si\u0119 z hydr\u0105 XX wieku, a\u017c do ca\u0142kowitego jej dobicia w gnie\u017adzie hitleryzmu \u2013 Berlinie.<\/p>\n<p style=\"text-align: justify;\">Polacy pierwsi pokazali dow\u00f3d g\u0142\u0119bokiego przywi\u0105zania do swojej ojczyzny i pos\u0142u\u017cyli przyk\u0142adem jak nale\u017cy jej broni\u0107. Nie byli jak inni, kt\u00f3rzy bez jednego wystrza\u0142u, wpu\u015bcili na swe ziemie hitlerowc\u00f3w.<\/p>\n<p style=\"text-align: justify;\">Za cen\u0119 wolno\u015bci i obrony Ojczyzny Nar\u00f3d Polski drogo zap\u0142aci\u0142 obficie przelan\u0105 krwi\u0105 \u017co\u0142nierzy \u2013 bohater\u00f3w wrze\u015bnia, kt\u00f3rzy dali \u015bwiadectwo g\u0142\u0119bokiego po\u015bwi\u0119cenia i patriotyzmu. Nasz przyk\u0142ad sta\u0142 si\u0119 przyk\u0142adem dla innych podbijanych narod\u00f3w i \u015bwiadczy\u0142, \u017ce wolno\u015bci nie mo\u017cna i nie wolno oddawa\u0107 na kiwni\u0119cie palca, jak zrobili to inni. Przyk\u0142ad naszego pierwszego oporu w obronie ojczyzny nape\u0142ni\u0142 otuch\u0105 inne napadni\u0119te narody i sta\u0142 si\u0119 dla wielu wzorem bohaterstwa i heroizmu narodu zostawionego na \u0142asce losu. Z prawd\u0105 goryczy musimy sobie powiedzie\u0107, \u017ce niestety tak by\u0142o. Prowadz\u0105cy hu\u015btawk\u0119 polityczn\u0105 rz\u0105d Mo\u015bcickiego i Becka uciek\u0142 zaraz w pierwszych dniach wojny za granic\u0119. Nie inaczej, a mo\u017ce nawet jeszcze gorzej post\u0105pi\u0142 w\u00f3dz naczelny marsza\u0142ek \u015amig\u0142y \u2013 Rydz. Nar\u00f3d i \u017co\u0142nierz polski stan\u0105\u0142 sam w obliczu wyzwole\u0144czej wojny narodowej i czynem swym wype\u0142ni\u0142 ekwiwalent honoru za zbieg\u0142ych przyw\u00f3dc\u00f3w pa\u0144stwowych i naczelnego dow\u00f3dztwa.<\/p>\n<p style=\"text-align: justify;\">Nie spodziewa\u0142 si\u0119 Hitler takiego stanowczego oporu ze strony polskiego \u017co\u0142nierza. Plany 10-dniowego rozbicia Polski ca\u0142kowicie zawiod\u0142y. Zaciek\u0142y i bezprzyk\u0142adny op\u00f3r osamotnionych Polak\u00f3w wprawi\u0142 dow\u00f3dztwo hitlerowskie w zdumienie i zmusi\u0142 do pomno\u017cenia potencja\u0142u zbrojeniowego i poniesienia nieprzewidzianych strat i ofiar w ludziach. Stosunek si\u0142 obu stron w\u00f3wczas w pami\u0119tnym wrze\u015bniu by\u0142 wybitnie na nasz\u0105 niekorzy\u015b\u0107. Lawinie \u017celaza obleczonego w czo\u0142gi i armaty przeciwstawia\u0142 \u017co\u0142nierz polski bagnetem i szabl\u0105, obna\u017con\u0105 pier\u015b oszukanego i zdradzonego narodu. Sojusznicy nasi, deklaruj\u0105cy przedtem swe wzgl\u0119dem nas zobowi\u0105zania, siedzieli teraz cicho i dr\u017celi o w\u0142asn\u0105 sk\u00f3r\u0119.<\/p>\n<p style=\"text-align: justify;\"><img loading=\"lazy\" decoding=\"async\" class=\"alignright size-medium wp-image-6855\" src=\"http:\/\/www.info.sadowne.pl\/wp-content\/uploads\/2014\/11\/2014.11.12.2-266x300.jpg\" alt=\"O\" width=\"266\" height=\"300\" srcset=\"http:\/\/info.sadowne.pl\/wp-content\/uploads\/2014\/11\/2014.11.12.2-266x300.jpg 266w, http:\/\/info.sadowne.pl\/wp-content\/uploads\/2014\/11\/2014.11.12.2.jpg 533w\" sizes=\"auto, (max-width: 266px) 100vw, 266px\" \/>Zbrojny op\u00f3r polskiego \u017co\u0142nierza przetrwa\u0142 pod Kockiem do 5 pa\u017adziernika, gdy tymczasem pot\u0119\u017cna zdawa\u0142oby si\u0119 w\u00f3wczas Francja uleg\u0142a w niespe\u0142na 2 tygodnie.<\/p>\n<p style=\"text-align: justify;\">Bohaterskie punkty oporu: Westerplatte, Hel, Kutno, Warszawa i Kock, to wspania\u0142e dokumenty heroizmu oficer\u00f3w i \u017co\u0142nierzy polskich. Op\u00f3r tych \u017co\u0142nierzy udzieli\u0142 si\u0119 potem ca\u0142emu narodowi \u2013 armii bez mundur\u00f3w, armii podziemnej dzia\u0142aj\u0105cej skutecznie na wszystkich sobie wyznaczonych odcinkach.<\/p>\n<p style=\"text-align: justify;\">Dzi\u0119ki przyk\u0142adowi \u017co\u0142nierzy wrze\u015bnia powsta\u0142a Polska Podziemna, kt\u00f3ra, mimo przemocy i okrutnego terroru zadawanego potem przez d\u0142ugich 5 lat, dzia\u0142a\u0142a na szkod\u0119 okupanta, pot\u0119guj\u0105c z ka\u017cdym rokiem przeciw niemu aktywny, \u017co\u0142nierski ruch oporu a\u017c do zwyci\u0119stwa.<\/p>\n<p style=\"text-align: justify;\">Nieznani obro\u0144cy sadowie\u0144skiego wrze\u015bnia znale\u017ali cich\u0105 przysta\u0144 \u015bmierci w ch\u0142odnej, zbiorowej mogile naszego cmentarza. Dzi\u015b po up\u0142ywie wielu lat wspominamy ze czci\u0105 pami\u0119\u0107 tych bohater\u00f3w, kt\u00f3rzy na r\u00f3wni z tysi\u0105cami innych oddali swej Ojczy\u017anie najwi\u0119ksz\u0105 powinno\u015b\u0107 \u2013 ofiar\u0119 krwi!<\/p>\n<p style=\"text-align: justify;\">\u017bo\u0142nierze wrze\u015bnia 1939 roku wype\u0142nili swe zadanie od pocz\u0105tku do ko\u0144ca z honorem i ca\u0142kowitym oddaniem dla bolesnej sprawy. Dramatyczn\u0105 sytuacj\u0119, w jakiej si\u0119 w\u00f3wczas znalaz\u0142a Polska, \u017co\u0142nierze ci w\u0142asnymi piersiami usi\u0142owali os\u0142oni\u0107 przed najazdem brutalnego s\u0105siada, oddaj\u0105c swe \u017cycie.<\/p>\n<p style=\"text-align: justify;\"><img loading=\"lazy\" decoding=\"async\" class=\"alignleft size-medium wp-image-6856\" src=\"http:\/\/www.info.sadowne.pl\/wp-content\/uploads\/2014\/11\/2014.11.12.1-300x224.jpg\" alt=\"2014.11.12.1\" width=\"300\" height=\"224\" srcset=\"http:\/\/info.sadowne.pl\/wp-content\/uploads\/2014\/11\/2014.11.12.1-300x224.jpg 300w, http:\/\/info.sadowne.pl\/wp-content\/uploads\/2014\/11\/2014.11.12.1.jpg 794w\" sizes=\"auto, (max-width: 300px) 100vw, 300px\" \/>Zas\u0142u\u017cyli oni na trwa\u0142\u0105 pami\u0119\u0107 i stanowi\u0107 w niej b\u0119d\u0105 wyraz g\u0142\u0119bokiego dla nich szacunku i czci najwy\u017cszej pokole\u0144 powrze\u015bniowych Narodu Polskiego. Czyn or\u0119\u017cny \u017bo\u0142nierzy Wrze\u015bnia nie mo\u017ce by\u0107 zapomniany i powinien \u017cy\u0107 wiecznie w \u015bwiadomo\u015bci naszej, jako wyraz najwy\u017cszego uznania za ich bezprzyk\u0142adny heroizm i bohaterstwo w obronie Ojczyzny.<\/p>\n<p style=\"text-align: justify;\">Musimy o nich pami\u0119ta\u0107 i pami\u0119\u0107 t\u0119 przeszczepia\u0107 m\u0142odym, narastaj\u0105cym pokoleniom, bo dla ich wolno\u015bci i przysz\u0142o\u015bci oddali swe \u017cycie. Mimo przegranej Obro\u0144cy Wrze\u015bnia zrobili w\u00f3wczas wszystko co do nich nale\u017ca\u0142o, a nawet zrobili jeszcze wi\u0119cej ni\u017c \u017co\u0142nierze innych napadni\u0119tych narod\u00f3w, bo bronili swej Ojczyzny najd\u0142u\u017cej spo\u015br\u00f3d wszystkich. I dlatego w\u0142a\u015bnie powinni\u015bmy by\u0107 dumni z heroizmu i si\u0142y polskiego oporu, z m\u0119stwa i hartu tych \u017co\u0142nierzy, ich g\u0142\u0119bokiego patriotyzmu i ofiarno\u015bci przelanej Ojczy\u017anie krwi.<\/p>\n<p style=\"text-align: justify;\">Ich bratnia mogi\u0142a, w kt\u00f3rej spoczywaj\u0105 ze swym dow\u00f3dc\u0105, winna stanowi\u0107 w naszej pami\u0119ci niewygasaj\u0105cy wiecznie p\u0142omie\u0144 wdzi\u0119czno\u015bci za obron\u0119 Sadownego w tych pami\u0119tnych, smutnych dla nas dniach 1939 roku. Pomnik, tablica pami\u0105tkowa i wojskowe, betonowe krzy\u017ce na tej mogile, s\u0105 tylko skromn\u0105, niewsp\u00f3\u0142miernie nisk\u0105 cen\u0105 naszej zap\u0142aty za \u015bwi\u0119t\u0105 ofiar\u0119 Ich krwi.<\/p>\n<p style=\"text-align: justify;\">Wi\u0119ksz\u0105 za ten czyn zap\u0142at\u0105 b\u0119dzie nasza pami\u0119\u0107 o Nich, na kt\u00f3r\u0105 bez precedensu zas\u0142u\u017cyli sobie jak najbardziej.<\/p>\n<p style=\"text-align: justify;\">Wieczna chwa\u0142a bezimiennym bohaterom, obro\u0144com naszej ziemi!<\/p>\n<p><strong>\u0179r\u00f3d\u0142o:\u00a0SADOWIE\u0143SKIE OBRAZY &#8211;\u00a0<\/strong>Zebrane wspomnienia z dawnego i bli\u017cszego \u017cycia Sadownego i okolic, Edward S\u00f3wka &#8211;\u00a0SADOWNE 1970<\/p>\n","protected":false},"excerpt":{"rendered":"<p>Wieczna chwa\u0142a Bohaterom polskiego wrze\u015bnia!<\/p>\n","protected":false},"author":1,"featured_media":0,"comment_status":"open","ping_status":"open","sticky":false,"template":"","format":"standard","meta":{"footnotes":""},"categories":[5,841,31],"tags":[843,101,2288],"class_list":["post-6854","post","type-post","status-publish","format-standard","hentry","category-newsy","category-sadowienskie-obrazy","category-historia-gminy","tag-edward-sowka","tag-historia-gminy-sadowne","tag-sadowienskie-obrazy"],"views":3365,"_links":{"self":[{"href":"http:\/\/info.sadowne.pl\/index.php?rest_route=\/wp\/v2\/posts\/6854","targetHints":{"allow":["GET"]}}],"collection":[{"href":"http:\/\/info.sadowne.pl\/index.php?rest_route=\/wp\/v2\/posts"}],"about":[{"href":"http:\/\/info.sadowne.pl\/index.php?rest_route=\/wp\/v2\/types\/post"}],"author":[{"embeddable":true,"href":"http:\/\/info.sadowne.pl\/index.php?rest_route=\/wp\/v2\/users\/1"}],"replies":[{"embeddable":true,"href":"http:\/\/info.sadowne.pl\/index.php?rest_route=%2Fwp%2Fv2%2Fcomments&post=6854"}],"version-history":[{"count":1,"href":"http:\/\/info.sadowne.pl\/index.php?rest_route=\/wp\/v2\/posts\/6854\/revisions"}],"predecessor-version":[{"id":6857,"href":"http:\/\/info.sadowne.pl\/index.php?rest_route=\/wp\/v2\/posts\/6854\/revisions\/6857"}],"wp:attachment":[{"href":"http:\/\/info.sadowne.pl\/index.php?rest_route=%2Fwp%2Fv2%2Fmedia&parent=6854"}],"wp:term":[{"taxonomy":"category","embeddable":true,"href":"http:\/\/info.sadowne.pl\/index.php?rest_route=%2Fwp%2Fv2%2Fcategories&post=6854"},{"taxonomy":"post_tag","embeddable":true,"href":"http:\/\/info.sadowne.pl\/index.php?rest_route=%2Fwp%2Fv2%2Ftags&post=6854"}],"curies":[{"name":"wp","href":"https:\/\/api.w.org\/{rel}","templated":true}]}}