{"id":7453,"date":"2015-01-12T17:38:03","date_gmt":"2015-01-12T16:38:03","guid":{"rendered":"http:\/\/www.infosadowne.boo.pl\/?p=7453"},"modified":"2020-04-24T18:14:07","modified_gmt":"2020-04-24T16:14:07","slug":"kolodziaz-zagral","status":"publish","type":"post","link":"http:\/\/info.sadowne.pl\/?p=7453","title":{"rendered":"Ko\u0142odzi\u0105\u017c zagra\u0142!!!"},"content":{"rendered":"<p style=\"text-align: justify;\"><strong><img loading=\"lazy\" decoding=\"async\" class=\"alignleft size-thumbnail wp-image-7454\" src=\"http:\/\/www.info.sadowne.pl\/wp-content\/uploads\/2015\/01\/2015.01.12.10-180x130.jpg\" alt=\"2015.01.12.10\" width=\"180\" height=\"130\" \/>Sztab 2361 w Ko\u0142odzi\u0105\u017cu podsumowa\u0142 dzia\u0142ania zwi\u0105zane z 23. Fina\u0142em WO\u015aP, kt\u00f3ry odby\u0142 si\u0119 w szkole w Ko\u0142odzi\u0105\u017cu 11 stycznia 2015 r. <\/strong><!--more--><\/p>\n<p style=\"text-align: justify;\">Organizatorami Fina\u0142u by\u0142o Przyszkolne Stowarzyszenie \u201eWszyscy Razem\u201d i Niepubliczna Szko\u0142a Podstawowa im. J. Korczaka w Ko\u0142odzi\u0105\u017cu. Szefow\u0105 sztabu by\u0142a pani Zofia Kowalczyk , zast\u0119pc\u0105 pani Renata Kulesza.<\/p>\n<p style=\"text-align: justify;\">Od samego rana w niesprzyjaj\u0105cych warunkach pogodowych wolontariusze &#8211; uczniowie szko\u0142y: Karolina Koralewska, Kacper Rod\u017a, Pawe\u0142 Tytman, Przemek Jakubowski i \u0141ukasz Uzi\u0119b\u0142o pod opiek\u0105 rodzic\u00f3w zbierali pieni\u0105dze do puszek pod ko\u015bcio\u0142ami: w Sadownem, Stoczku, Broku, Prostyni i kaplic\u0105 w Ko\u0142odzi\u0105\u017cu oraz na ulicach Sadownego. Jak zwykle, najwi\u0119kszym powodzeniem cieszy\u0142a si\u0119 akcja w Sadownem i Broku, gdzie darczy\u0144cy okazali si\u0119 najwi\u0119ksz\u0105 hojno\u015bci\u0105.<\/p>\n<p style=\"text-align: justify;\">Tymczasem, od godziny 15.00 \u201eorkiestra\u201d gra\u0142a w szkole &#8211; jak zwykle przy d\u017awi\u0119kach zespo\u0142u \u201eSami Swoi\u201d, kt\u00f3ry od 4 lat tak\u017ce udziela si\u0119 charytatywnie. Cz\u0142onkinie Stowarzyszenia \u201dWszyscy Razem\u201d, rodzice i nauczyciele szko\u0142y w Ko\u0142odzi\u0105\u017cu zorganizowali bufecik ze swojskimi s\u0142odko\u015bciami oraz sklepik z drobiazgami pochodz\u0105cymi od uczni\u00f3w, nauczycieli oraz pani Danuty Chyli\u0144skiej z W\u0119growa, kt\u00f3ra ofiarowa\u0142a do sprzeda\u017cy m.in. srebrn\u0105 bi\u017cuteri\u0119 i ciekawe ksi\u0105\u017cki.<\/p>\n<p style=\"text-align: justify;\">Imprez\u0119 uatrakcyjni\u0142y pokazy sztuki samoobrony dla pa\u0144 w wykonaniu strzelc\u00f3w z Jednostki Strzeleckiej 5001 im. Dywizjonu Huzar\u00f3w \u015amierci oraz, jak\u017ce przydatne ka\u017cdemu, pokazy udzielania pierwszej pomocy w wykonaniu stra\u017cak\u00f3w z OSP Sok\u00f3\u0142ka. Ch\u0119tni mogli po\u0107wiczy\u0107 chwyty samoobrony i udzielanie pierwszej pomocy przez ca\u0142y czas trwania imprezy w wydzielonej salce. Obie organizacje wsp\u00f3\u0142pracuj\u0105 ze szko\u0142\u0105 i czynnie udzielaj\u0105 si\u0119 w WO\u015aP od 2010 roku.<\/p>\n<p style=\"text-align: justify;\">Niew\u0105tpliwie najwi\u0119kszym zainteresowaniem cieszy\u0142a si\u0119 licytacja gad\u017cet\u00f3w WO\u015aP. W bie\u017c\u0105cym roku by\u0142o ich do\u015b\u0107 du\u017co. Mo\u017cna by\u0142o wygra\u0107 koszulki, zegar \u015bcienny, kalendarze, torby na zakupy, breloczek, serduszko na magnes, herbat\u0119, p\u0142yt\u0119 CD. Wszystkie gad\u017cety posiadaj\u0105 logo WO\u015aP, a zatem s\u0105 niepowtarzaln\u0105 pami\u0105tk\u0105. Niekt\u00f3rzy z licytuj\u0105cych maj\u0105 ju\u017c domowe kolekcje gad\u017cet\u00f3w WO\u015aP, poniewa\u017c uczestniczyli w licytacji corocznie. Licytowali\u015bmy tak\u017ce gad\u017cety, kt\u00f3re ofiarowa\u0142a OSP Sok\u00f3\u0142ka. By\u0142 to medal Kamila Wieliczko z ubieg\u0142orocznego biegu WO\u015aP \u201ePokonaj cukrzyc\u0119\u201d, pr\u0105downica stra\u017cacka oraz przeja\u017cd\u017cka autem stra\u017cackim w pe\u0142nym uniformie. Impreza zako\u0144czy\u0142a si\u0119 pokazem fajerwerk\u00f3w o godzinie 20.30.<\/p>\n<p style=\"text-align: justify;\">W bie\u017c\u0105cym roku na rzecz WO\u015aP zebrali\u015bmy 4859,15 z\u0142., w tym wolontariusze &#8211; 2598,25z\u0142. Gad\u017cety wylicytowano na kwot\u0119 1187 z\u0142. Pozosta\u0142a cz\u0119\u015b\u0107 pieni\u0119dzy pochodzi ze sprzeda\u017cy bilet\u00f3w, bufeciku i sprzeda\u017cy drobiazg\u00f3w. Nie by\u0142 to wprawdzie rekord, ale dla tak ma\u0142ego \u015brodowiska to sukces.<\/p>\n<p style=\"text-align: justify;\">Impreza cieszy si\u0119 du\u017cym powodzeniem w\u015br\u00f3d mieszka\u0144c\u00f3w okolicznych miejscowo\u015bci, kt\u00f3rzy nie s\u0105 oboj\u0119tni na potrzeby drugiego cz\u0142owieka i zawsze mo\u017cna na nich liczy\u0107.<\/p>\n<p style=\"text-align: justify;\">Wszystkim ludziom dobrej woli, kt\u00f3rzy w jakikolwiek spos\u00f3b w\u0142\u0105czyli si\u0119 do akcji, z serca dzi\u0119kujemy. Na pewno najbardziej wdzi\u0119czni b\u0119d\u0105 ci, kt\u00f3rym sprz\u0119t zakupiony przez WO\u015aP uratowa\u0142 lub b\u0119dzie ratowa\u0142 \u017cycie, a trzeba podkre\u015bli\u0107, \u017ce na naszej imprezie byli i tacy, kt\u00f3rzy \u00f3w fakt potwierdzili na w\u0142asnym przyk\u0142adzie.<\/p>\n<p style=\"text-align: justify;\"><strong>Gra\u017cyna Fr\u0105czek<\/strong><\/p>\n<p><a href=\"https:\/\/photos.app.goo.gl\/TCaqMcWqZNKD8q1BA\" target=\"_blank\" rel=\"noopener noreferrer\"><strong>Zdj\u0119cia w galerii Google&gt;&gt;&gt;<\/strong><\/a><\/p>\n<p>&nbsp;<\/p>\n","protected":false},"excerpt":{"rendered":"<p>Sztab 2361 w Ko\u0142odzi\u0105\u017cu podsumowa\u0142 dzia\u0142ania zwi\u0105zane z 23. Fina\u0142em WO\u015aP, kt\u00f3ry odby\u0142 si\u0119 w szkole w Ko\u0142odzi\u0105\u017cu 11 stycznia 2015 r.<\/p>\n","protected":false},"author":1,"featured_media":0,"comment_status":"open","ping_status":"open","sticky":false,"template":"","format":"standard","meta":{"footnotes":""},"categories":[5,42],"tags":[1142,1151,105],"class_list":["post-7453","post","type-post","status-publish","format-standard","hentry","category-newsy","category-szkola-podstawowa-w-kolodziazu","tag-23-final-wosp","tag-niepubliczna-szkola-podstawowa-w-kolodziazu","tag-przyszkolne-stowarzyszenie-wszyscy-razem"],"views":4163,"_links":{"self":[{"href":"http:\/\/info.sadowne.pl\/index.php?rest_route=\/wp\/v2\/posts\/7453","targetHints":{"allow":["GET"]}}],"collection":[{"href":"http:\/\/info.sadowne.pl\/index.php?rest_route=\/wp\/v2\/posts"}],"about":[{"href":"http:\/\/info.sadowne.pl\/index.php?rest_route=\/wp\/v2\/types\/post"}],"author":[{"embeddable":true,"href":"http:\/\/info.sadowne.pl\/index.php?rest_route=\/wp\/v2\/users\/1"}],"replies":[{"embeddable":true,"href":"http:\/\/info.sadowne.pl\/index.php?rest_route=%2Fwp%2Fv2%2Fcomments&post=7453"}],"version-history":[{"count":8,"href":"http:\/\/info.sadowne.pl\/index.php?rest_route=\/wp\/v2\/posts\/7453\/revisions"}],"predecessor-version":[{"id":23288,"href":"http:\/\/info.sadowne.pl\/index.php?rest_route=\/wp\/v2\/posts\/7453\/revisions\/23288"}],"wp:attachment":[{"href":"http:\/\/info.sadowne.pl\/index.php?rest_route=%2Fwp%2Fv2%2Fmedia&parent=7453"}],"wp:term":[{"taxonomy":"category","embeddable":true,"href":"http:\/\/info.sadowne.pl\/index.php?rest_route=%2Fwp%2Fv2%2Fcategories&post=7453"},{"taxonomy":"post_tag","embeddable":true,"href":"http:\/\/info.sadowne.pl\/index.php?rest_route=%2Fwp%2Fv2%2Ftags&post=7453"}],"curies":[{"name":"wp","href":"https:\/\/api.w.org\/{rel}","templated":true}]}}