{"id":7622,"date":"2015-01-30T17:25:14","date_gmt":"2015-01-30T16:25:14","guid":{"rendered":"http:\/\/www.infosadowne.boo.pl\/?p=7622"},"modified":"2016-08-23T17:59:32","modified_gmt":"2016-08-23T15:59:32","slug":"pan-tadeusz-wybiegal-korone","status":"publish","type":"post","link":"http:\/\/info.sadowne.pl\/?p=7622","title":{"rendered":"Pan Tadeusz wybiega\u0142 Koron\u0119&#8230;"},"content":{"rendered":"<p style=\"text-align: justify;\"><strong><img loading=\"lazy\" decoding=\"async\" class=\"alignleft size-thumbnail wp-image-6015\" src=\"http:\/\/www.info.sadowne.pl\/wp-content\/uploads\/2014\/08\/2014.08.17.2-138x130.jpg\" alt=\"2014.08.17.2\" width=\"138\" height=\"130\" \/>Mi\u0142o nam donie\u015b\u0107, \u017ce Tadeusz Danaj &#8211; \u201eWicher\u201d Sadowne, zdoby\u0142 Koron\u0119 Maraton\u00f3w Polskich.<\/strong><!--more--><\/p>\n<p style=\"text-align: justify;\"><strong><a href=\"http:\/\/www.info.sadowne.pl\/wp-content\/uploads\/2015\/01\/2015.01.30.3.jpg\" target=\"_blank\"><img loading=\"lazy\" decoding=\"async\" class=\"alignright wp-image-7623 size-thumbnail\" src=\"http:\/\/www.info.sadowne.pl\/wp-content\/uploads\/2015\/01\/2015.01.30.3-180x130.jpg\" alt=\"2015.01.30.3\" width=\"180\" height=\"130\" \/><\/a>Zgodnie z Regulaminem Korony Maraton\u00f3w Polskich<\/strong>, aby uzyska\u0107 taki tytu\u0142, nale\u017cy uko\u0144czy\u0107 pi\u0119\u0107 maraton\u00f3w: Maraton w D\u0119bnie, Cracovia Maraton, Wroc\u0142aw Maraton, Maraton Warszawski, Pozna\u0144 Maraton \u2013 w ci\u0105gu 24 miesi\u0119cy, licz\u0105c od daty pierwszego uko\u0144czonego maratonu zg\u0142aszanego we wniosku. Kolejno\u015b\u0107 maraton\u00f3w jest dowolna. Zdobywcy Korony Maraton\u00f3w Polskich otrzymuj\u0105 dyplom i medal.<\/p>\n<p style=\"text-align: justify;\"><a href=\"http:\/\/www.info.sadowne.pl\/wp-content\/uploads\/2015\/01\/2015.01.30.2.jpg\" target=\"_blank\"><img loading=\"lazy\" decoding=\"async\" class=\"alignleft wp-image-7625 size-thumbnail\" src=\"http:\/\/www.info.sadowne.pl\/wp-content\/uploads\/2015\/01\/2015.01.30.2-180x130.jpg\" alt=\"2015.01.30.2\" width=\"180\" height=\"130\" \/><\/a><strong>\u201eWygooglowali\u015bmy\u201d \u00a0kilka imponuj\u0105cych wynik\u00f3w z ostatniego roku biegania p. Tadka:<\/strong><\/p>\n<p style=\"text-align: justify;\">&#8211; w 41. maratonie w D\u0119bnie, rozegranym\u00a0 w dniu 6 kwietnia 2014 r., osi\u0105gn\u0105\u0142 ko\u0144cowy rezultat 3 godziny 38 minut i 38 sekund, zajmuj\u0105c 39 miejsce w Mistrzostwach Polski nauczycieli i 541 miejsce open,<\/p>\n<p style=\"text-align: justify;\"><a href=\"http:\/\/www.info.sadowne.pl\/wp-content\/uploads\/2015\/01\/2015.01.30.1.jpg\" target=\"_blank\"><img loading=\"lazy\" decoding=\"async\" class=\"alignright wp-image-7624 size-thumbnail\" src=\"http:\/\/www.info.sadowne.pl\/wp-content\/uploads\/2015\/01\/2015.01.30.1-180x130.jpg\" alt=\"2015.01.30.1\" width=\"180\" height=\"130\" \/><\/a>&#8211; w dniu 18 maja 2014 r. przebieg\u0142 w czasie 3 godziny 29 minut i 57 sekund 13. Cracovia Maraton zajmuj\u0105c 922 m-ce open,<\/p>\n<p style=\"text-align: justify;\">&#8211; w XX Gda\u0144skim Maratonie Solidarno\u015bci w dniu 15 sierpnia 2014 r. uzyska\u0142 czas 3 godziny i 30 minut zajmuj\u0105c 114. m-ce (7. w kategorii wiekowej).<\/p>\n<p style=\"text-align: justify;\"><strong>Gratulujemy sukces\u00f3w, trzymamy kciuki \u017cycz\u0105c r\u00f3wnie wspania\u0142ych rezultat\u00f3w w kolejnych startach.<\/strong><\/p>\n<p style=\"text-align: justify;\">O sukcesach p. Tadeusza pisali\u015bmy wcze\u015bniej w artyku\u0142ach: <span style=\"color: #0000ff;\"><strong><a style=\"color: #0000ff;\" href=\"http:\/\/www.info.sadowne.pl\/?p=5167\" target=\"_blank\">\u201eUdany weekend biegaczy\u201d<\/a><\/strong><\/span>, <span style=\"color: #0000ff;\"><strong><a style=\"color: #0000ff;\" href=\"http:\/\/www.info.sadowne.pl\/?p=5664\" target=\"_blank\">\u201eBieg Grzyma\u0142y\u201d<\/a><\/strong><\/span> i <span style=\"color: #0000ff;\"><strong><a style=\"color: #0000ff;\" href=\"http:\/\/www.info.sadowne.pl\/?p=6013\" target=\"_blank\">\u201eTroch\u0119 na <em>biegowo<\/em>\u201d<\/a><\/strong><\/span>.<\/p>\n<p style=\"text-align: justify;\"><strong>Tekst:<\/strong> rw<\/p>\n<p style=\"text-align: justify;\"><strong>Foto<\/strong> z I Biegu im. b\u0142. E. Grzyma\u0142y w Sadownem \u2013 sch<\/p>\n","protected":false},"excerpt":{"rendered":"<p>Mi\u0142o nam donie\u015b\u0107, \u017ce Tadeusz Danaj &#8211; \u201eWicher\u201d Sadowne, zdoby\u0142 Koron\u0119 Maraton\u00f3w Polskich.<\/p>\n","protected":false},"author":1,"featured_media":0,"comment_status":"open","ping_status":"open","sticky":false,"template":"","format":"standard","meta":{"footnotes":""},"categories":[5,2135,7],"tags":[1175,748],"class_list":["post-7622","post","type-post","status-publish","format-standard","hentry","category-newsy","category-bieganie","category-sport","tag-korona-maratonow-polskich","tag-tadeusz-danaj"],"views":3688,"_links":{"self":[{"href":"http:\/\/info.sadowne.pl\/index.php?rest_route=\/wp\/v2\/posts\/7622","targetHints":{"allow":["GET"]}}],"collection":[{"href":"http:\/\/info.sadowne.pl\/index.php?rest_route=\/wp\/v2\/posts"}],"about":[{"href":"http:\/\/info.sadowne.pl\/index.php?rest_route=\/wp\/v2\/types\/post"}],"author":[{"embeddable":true,"href":"http:\/\/info.sadowne.pl\/index.php?rest_route=\/wp\/v2\/users\/1"}],"replies":[{"embeddable":true,"href":"http:\/\/info.sadowne.pl\/index.php?rest_route=%2Fwp%2Fv2%2Fcomments&post=7622"}],"version-history":[{"count":1,"href":"http:\/\/info.sadowne.pl\/index.php?rest_route=\/wp\/v2\/posts\/7622\/revisions"}],"predecessor-version":[{"id":7626,"href":"http:\/\/info.sadowne.pl\/index.php?rest_route=\/wp\/v2\/posts\/7622\/revisions\/7626"}],"wp:attachment":[{"href":"http:\/\/info.sadowne.pl\/index.php?rest_route=%2Fwp%2Fv2%2Fmedia&parent=7622"}],"wp:term":[{"taxonomy":"category","embeddable":true,"href":"http:\/\/info.sadowne.pl\/index.php?rest_route=%2Fwp%2Fv2%2Fcategories&post=7622"},{"taxonomy":"post_tag","embeddable":true,"href":"http:\/\/info.sadowne.pl\/index.php?rest_route=%2Fwp%2Fv2%2Ftags&post=7622"}],"curies":[{"name":"wp","href":"https:\/\/api.w.org\/{rel}","templated":true}]}}