{"id":7971,"date":"2015-03-08T18:01:07","date_gmt":"2015-03-08T17:01:07","guid":{"rendered":"http:\/\/www.infosadowne.boo.pl\/?p=7971"},"modified":"2015-12-09T18:50:31","modified_gmt":"2015-12-09T17:50:31","slug":"potrawka-z-karkowki","status":"publish","type":"post","link":"http:\/\/info.sadowne.pl\/?p=7971","title":{"rendered":"Potrawka z kark\u00f3wki"},"content":{"rendered":"<p style=\"text-align: justify;\"><strong><a href=\"http:\/\/www.info.sadowne.pl\/wp-content\/uploads\/2015\/03\/2015.03.08.2.jpg\" target=\"_blank\"><img loading=\"lazy\" decoding=\"async\" class=\"alignleft wp-image-7972 size-thumbnail\" src=\"http:\/\/www.info.sadowne.pl\/wp-content\/uploads\/2015\/03\/2015.03.08.2-180x130.jpg\" alt=\"??????????????????????\" width=\"180\" height=\"130\" \/><\/a>Z kark\u00f3wki mo\u017cna przygotowa\u0107 wiele pysznych da\u0144.<\/strong><!--more--><\/p>\n<p style=\"text-align: justify;\">Mo\u017cna j\u0105 sma\u017cy\u0107, piec, grillowa\u0107. Mo\u017cna j\u0105 je\u015b\u0107 na ciep\u0142o lub zimno. Mo\u017cna serwowa\u0107 j\u0105 domownikom lub go\u015bciom. Mo\u017cna przygotowa\u0107 j\u0105 na s\u0142odko lub na ostro. Mo\u017cna j\u0105\u2026 Mo\u017cna by\u0142oby jeszcze d\u0142ugo wymienia\u0107, ale ka\u017cdy ma zapewne wiele przepis\u00f3w z kark\u00f3wk\u0105 w roli g\u0142\u00f3wnej.<\/p>\n<p style=\"text-align: justify;\">Kark\u00f3wka sporz\u0105dzona wed\u0142ug poni\u017cszego przepisu jest aromatyczna i smaczna. \u015awietnie komponuje si\u0119 z ziemniakami, ry\u017cem lub dowolnymi kluskami oraz ulubiona sur\u00f3wk\u0105.<\/p>\n<p style=\"text-align: justify;\"><span style=\"text-decoration: underline;\">Osobom, kt\u00f3re preferuj\u0105 chudsze mi\u0119so, polecam mi\u0119so od szynki.<\/span><\/p>\n<p style=\"text-align: justify;\"><span style=\"color: #0000ff;\"><strong>Potrawka z kark\u00f3wki<\/strong><\/span><\/p>\n<p style=\"text-align: justify;\"><strong><span style=\"text-decoration: underline;\">Sk\u0142adniki:<\/span><\/strong><\/p>\n<p style=\"text-align: justify;\">&#8211; 1 kg kark\u00f3wki lub mi\u0119sa od szynki<\/p>\n<p style=\"text-align: justify;\">&#8211; \u00bd kg pieczarek pokrojonych w plastry <em>(ma\u0142e pieczarki wystarczy przekroi\u0107 na po\u0142\u00f3wki)<\/em><\/p>\n<p style=\"text-align: justify;\">&#8211; 4 \u2013 5 cebul pokrojonych w p\u00f3\u0142plasterki<\/p>\n<p style=\"text-align: justify;\">&#8211; marynata <em>(przyprawa staropolska + 3 \u0142y\u017cki oleju)<\/em><\/p>\n<p style=\"text-align: justify;\">&#8211; sos <em>(3 \u0142y\u017cki cukru, 5 \u0142y\u017cek maggi, 10 \u0142y\u017cek wody, 2 \u0142y\u017cki soku z cytryny, 4 \u0142y\u017cki koncentratu pomidorowego) <\/em><\/p>\n<p style=\"text-align: justify;\"><strong><span style=\"text-decoration: underline;\"><a href=\"http:\/\/www.info.sadowne.pl\/wp-content\/uploads\/2015\/03\/2015.03.08.1.jpg\" target=\"_blank\"><img loading=\"lazy\" decoding=\"async\" class=\"alignright wp-image-7973 size-medium\" src=\"http:\/\/www.info.sadowne.pl\/wp-content\/uploads\/2015\/03\/2015.03.08.1-300x243.jpg\" alt=\"2015.03.08.1\" width=\"300\" height=\"243\" srcset=\"http:\/\/info.sadowne.pl\/wp-content\/uploads\/2015\/03\/2015.03.08.1-300x243.jpg 300w, http:\/\/info.sadowne.pl\/wp-content\/uploads\/2015\/03\/2015.03.08.1.jpg 534w\" sizes=\"auto, (max-width: 300px) 100vw, 300px\" \/><\/a>Spos\u00f3b przygotowania:<\/span><\/strong><\/p>\n<p style=\"text-align: justify;\">&#8211; mi\u0119so:<\/p>\n<p style=\"text-align: justify;\"><em>pokroi\u0107 w du\u017c\u0105 kostk\u0119<\/em><\/p>\n<p style=\"text-align: justify;\"><em>wymiesza\u0107 z marynat\u0105 i odstawi\u0107 na ok. 5 godzin<\/em><\/p>\n<p style=\"text-align: justify;\"><em>podsma\u017cy\u0107 z obu stron i prze\u0142o\u017cy\u0107 do naczynia \u017caroodpornego lub blaszki<\/em><\/p>\n<p style=\"text-align: justify;\">&#8211; cebul\u0119 lekko podsma\u017cy\u0107 i u\u0142o\u017cy\u0107 na mi\u0119sie<\/p>\n<p style=\"text-align: justify;\">&#8211; pieczarki wy\u0142o\u017cy\u0107 na cebul\u0119<\/p>\n<p style=\"text-align: justify;\">&#8211; wszystko pola\u0107 sosem<\/p>\n<p style=\"text-align: justify;\">&#8211; piec pod przykryciem \u2013 w temperaturze 180 st. C &#8211; \u00a0a\u017c mi\u0119so b\u0119dzie mi\u0119kkie.<\/p>\n<p style=\"text-align: justify;\"><strong>Tekst\/foto:<\/strong> dch<\/p>\n","protected":false},"excerpt":{"rendered":"<p>Z kark\u00f3wki mo\u017cna przygotowa\u0107 wiele pysznych da\u0144.<\/p>\n","protected":false},"author":1,"featured_media":0,"comment_status":"open","ping_status":"open","sticky":false,"template":"","format":"standard","meta":{"footnotes":""},"categories":[5,1689,181],"tags":[1230,139],"class_list":["post-7971","post","type-post","status-publish","format-standard","hentry","category-newsy","category-dania-glowne","category-kulinaria","tag-potrawka-z-karkowki","tag-przepisy-kulinarne"],"views":4954,"_links":{"self":[{"href":"http:\/\/info.sadowne.pl\/index.php?rest_route=\/wp\/v2\/posts\/7971","targetHints":{"allow":["GET"]}}],"collection":[{"href":"http:\/\/info.sadowne.pl\/index.php?rest_route=\/wp\/v2\/posts"}],"about":[{"href":"http:\/\/info.sadowne.pl\/index.php?rest_route=\/wp\/v2\/types\/post"}],"author":[{"embeddable":true,"href":"http:\/\/info.sadowne.pl\/index.php?rest_route=\/wp\/v2\/users\/1"}],"replies":[{"embeddable":true,"href":"http:\/\/info.sadowne.pl\/index.php?rest_route=%2Fwp%2Fv2%2Fcomments&post=7971"}],"version-history":[{"count":2,"href":"http:\/\/info.sadowne.pl\/index.php?rest_route=\/wp\/v2\/posts\/7971\/revisions"}],"predecessor-version":[{"id":7975,"href":"http:\/\/info.sadowne.pl\/index.php?rest_route=\/wp\/v2\/posts\/7971\/revisions\/7975"}],"wp:attachment":[{"href":"http:\/\/info.sadowne.pl\/index.php?rest_route=%2Fwp%2Fv2%2Fmedia&parent=7971"}],"wp:term":[{"taxonomy":"category","embeddable":true,"href":"http:\/\/info.sadowne.pl\/index.php?rest_route=%2Fwp%2Fv2%2Fcategories&post=7971"},{"taxonomy":"post_tag","embeddable":true,"href":"http:\/\/info.sadowne.pl\/index.php?rest_route=%2Fwp%2Fv2%2Ftags&post=7971"}],"curies":[{"name":"wp","href":"https:\/\/api.w.org\/{rel}","templated":true}]}}