{"id":8071,"date":"2015-03-21T08:53:34","date_gmt":"2015-03-21T07:53:34","guid":{"rendered":"http:\/\/www.infosadowne.boo.pl\/?p=8071"},"modified":"2015-03-21T08:53:34","modified_gmt":"2015-03-21T07:53:34","slug":"sadowianki-90-lecie-osp","status":"publish","type":"post","link":"http:\/\/info.sadowne.pl\/?p=8071","title":{"rendered":"SADOWIANKI &#8211; 90-lecie OSP"},"content":{"rendered":"<p style=\"text-align: justify;\"><strong><img loading=\"lazy\" decoding=\"async\" class=\"alignleft size-thumbnail wp-image-8072\" src=\"http:\/\/www.info.sadowne.pl\/wp-content\/uploads\/2015\/03\/sad44-180x130.jpg\" alt=\"sad44\" width=\"180\" height=\"130\" \/><\/strong><strong>26 lipca 2009 roku\u00a0 <\/strong>wyst\u0119p <strong>SADOWIANEK <\/strong>u\u015bwietni\u0142 obchody <strong>90 Rocznicy Powstania Ochotniczej Stra\u017cy Po\u017carnej w Sadownem.<\/strong><!--more--><\/p>\n<div id=\"attachment_8073\" style=\"width: 602px\" class=\"wp-caption aligncenter\"><img loading=\"lazy\" decoding=\"async\" aria-describedby=\"caption-attachment-8073\" class=\"wp-image-8073 size-full\" src=\"http:\/\/www.info.sadowne.pl\/wp-content\/uploads\/2015\/03\/sad45.jpg\" alt=\"sad45\" width=\"592\" height=\"480\" srcset=\"http:\/\/info.sadowne.pl\/wp-content\/uploads\/2015\/03\/sad45.jpg 592w, http:\/\/info.sadowne.pl\/wp-content\/uploads\/2015\/03\/sad45-300x243.jpg 300w\" sizes=\"auto, (max-width: 592px) 100vw, 592px\" \/><p id=\"caption-attachment-8073\" class=\"wp-caption-text\">SADOWIANKI przed figurk\u0105 \u015bw. Floriana w Sadownem<\/p><\/div>\n<div id=\"attachment_8074\" style=\"width: 563px\" class=\"wp-caption aligncenter\"><img loading=\"lazy\" decoding=\"async\" aria-describedby=\"caption-attachment-8074\" class=\"wp-image-8074 size-full\" src=\"http:\/\/www.info.sadowne.pl\/wp-content\/uploads\/2015\/03\/sad46.jpg\" alt=\"sad46\" width=\"553\" height=\"283\" srcset=\"http:\/\/info.sadowne.pl\/wp-content\/uploads\/2015\/03\/sad46.jpg 553w, http:\/\/info.sadowne.pl\/wp-content\/uploads\/2015\/03\/sad46-300x154.jpg 300w\" sizes=\"auto, (max-width: 553px) 100vw, 553px\" \/><p id=\"caption-attachment-8074\" class=\"wp-caption-text\">Na scenie w repertuarze stra\u017cackim<\/p><\/div>\n<div id=\"attachment_8075\" style=\"width: 421px\" class=\"wp-caption aligncenter\"><img loading=\"lazy\" decoding=\"async\" aria-describedby=\"caption-attachment-8075\" class=\"wp-image-8075 size-full\" src=\"http:\/\/www.info.sadowne.pl\/wp-content\/uploads\/2015\/03\/sad47.jpg\" alt=\"sad47\" width=\"411\" height=\"288\" srcset=\"http:\/\/info.sadowne.pl\/wp-content\/uploads\/2015\/03\/sad47.jpg 411w, http:\/\/info.sadowne.pl\/wp-content\/uploads\/2015\/03\/sad47-300x210.jpg 300w\" sizes=\"auto, (max-width: 411px) 100vw, 411px\" \/><p id=\"caption-attachment-8075\" class=\"wp-caption-text\">Pocz\u0119stunek w Sali OSP<\/p><\/div>\n<div id=\"attachment_8076\" style=\"width: 421px\" class=\"wp-caption aligncenter\"><img loading=\"lazy\" decoding=\"async\" aria-describedby=\"caption-attachment-8076\" class=\"wp-image-8076 size-full\" src=\"http:\/\/www.info.sadowne.pl\/wp-content\/uploads\/2015\/03\/sad48.jpg\" alt=\"sad48\" width=\"411\" height=\"237\" srcset=\"http:\/\/info.sadowne.pl\/wp-content\/uploads\/2015\/03\/sad48.jpg 411w, http:\/\/info.sadowne.pl\/wp-content\/uploads\/2015\/03\/sad48-300x173.jpg 300w\" sizes=\"auto, (max-width: 411px) 100vw, 411px\" \/><p id=\"caption-attachment-8076\" class=\"wp-caption-text\">Pocz\u0119stunek w Sali OSP<\/p><\/div>\n<p style=\"text-align: justify;\"><strong>SIEDLCE<\/strong><\/p>\n<p style=\"text-align: justify;\"><strong>Lipiec 2009 \u2013 \u00a0Wystawa III WIOSNA na POLU i w OGRODZIE.<\/strong><\/p>\n<p style=\"text-align: justify;\">Na terenie Mazowieckiego O\u015brodka Doradztwa Rolniczego, Oddzia\u0142 w Siedlcach czynna by\u0142a wystawa &#8222;Wiosna na polu i w ogrodzie&#8221;. Zaproszono wielu handlowc\u00f3w i producent\u00f3w sadzonek ro\u015blin ozdobnych, krzew\u00f3w, drzew owocowych itp.<\/p>\n<p style=\"text-align: justify;\">Na uczestnik\u00f3w targ\u00f3w czeka\u0142y liczne\u00a0 konkursy oraz wyst\u0119py zespo\u0142\u00f3w.\u00a0<strong>SADOWIANKI<\/strong> te\u017c tam by\u0142y.<\/p>\n<p style=\"text-align: justify;\"><img loading=\"lazy\" decoding=\"async\" class=\"aligncenter size-full wp-image-8077\" src=\"http:\/\/www.info.sadowne.pl\/wp-content\/uploads\/2015\/03\/sad49.jpg\" alt=\"sad49\" width=\"462\" height=\"310\" srcset=\"http:\/\/info.sadowne.pl\/wp-content\/uploads\/2015\/03\/sad49.jpg 462w, http:\/\/info.sadowne.pl\/wp-content\/uploads\/2015\/03\/sad49-300x201.jpg 300w\" sizes=\"auto, (max-width: 462px) 100vw, 462px\" \/><\/p>\n<div id=\"attachment_8078\" style=\"width: 470px\" class=\"wp-caption aligncenter\"><img loading=\"lazy\" decoding=\"async\" aria-describedby=\"caption-attachment-8078\" class=\"wp-image-8078 size-full\" src=\"http:\/\/www.info.sadowne.pl\/wp-content\/uploads\/2015\/03\/sad50.jpg\" alt=\"sad50\" width=\"460\" height=\"284\" srcset=\"http:\/\/info.sadowne.pl\/wp-content\/uploads\/2015\/03\/sad50.jpg 460w, http:\/\/info.sadowne.pl\/wp-content\/uploads\/2015\/03\/sad50-300x185.jpg 300w\" sizes=\"auto, (max-width: 460px) 100vw, 460px\" \/><p id=\"caption-attachment-8078\" class=\"wp-caption-text\">SADOWIANKI z Wojewod\u0105 Mazowieckim p. Jackiem Koz\u0142owskim<\/p><\/div>\n<p style=\"text-align: justify;\"><strong>GLINA ko\u0142o MA\u0141KINI\u00a0 <\/strong><\/p>\n<p style=\"text-align: justify;\"><strong>W miejscowo\u015bci GLINA<\/strong> pod Ma\u0142kini\u0105 pa\u0144stwo Kolanowscy prowadz\u0105 Gospodarstwo Agroturystyczne Hodowli K\u00f3z. W ka\u017cd\u0105 wakacyjn\u0105 sobot\u0119 organizuj\u0105 pikniki, podczas kt\u00f3rych tw\u00f3rcy ludowi prezentuj\u0105 swoje r\u0119kodzie\u0142o artystyczne, a organizatorzy zapraszaj\u0105 na degustacj\u0119 koziego mleka, ser\u00f3w, wyrob\u00f3w w\u0119dliniarskich i ciasta. Wszystkim za\u015b umilaj\u0105 czas kapele ludowe i zespo\u0142y \u015bpiewacze. <strong>SADOWIANKI <\/strong>by\u0142y tam <strong>15.08.2009 roku, 16 lipca 2010 roku oraz 9 lipca 2011 roku.<\/strong><\/p>\n<p style=\"text-align: justify;\"><strong>D\u0141UGOSIOD\u0141O<\/strong><\/p>\n<p style=\"text-align: justify;\"><strong>16.08.2009 roku &#8211; odby\u0142y si\u0119 Do\u017cynki <\/strong>pod has\u0142em: <strong>,,St\u00f3\u0142 dar\u00f3w ziemi mi\u0119dzy Bugiem i Narwi\u0105\u201d.<\/strong><\/p>\n<p style=\"text-align: justify;\">Do\u017cynki to \u015bwi\u0119towanie zako\u0144czenia zbior\u00f3w i wyj\u0105tkowy dzie\u0144 dla mieszka\u0144c\u00f3w ka\u017cdej gminy. W tym dniu sk\u0142adane s\u0105 podzi\u0119kowania rolnikom za ich codzienny trud i uzyskane plony.<\/p>\n<p style=\"text-align: justify;\">Do\u017cynki w D\u0142ugosiodle tradycyjnie ju\u017c odby\u0142y si\u0119 w \u015bwi\u0119to patrona parafii &#8211; \u015bwi\u0119tego Rocha. Rozpocz\u0119\u0142y si\u0119 uroczyst\u0105 msz\u0105, po kt\u00f3rej barwny korow\u00f3d przy d\u017awi\u0119kach pie\u015bni &#8222;Plon niesiemy plon&#8221; \u00a0\u015bpiewanej przez <strong>SADOWIANKI<\/strong> pomaszerowa\u0142 na miejsce dalszych uroczysto\u015bci &#8211; na Plac Targowy. Na scenie zaprezentowa\u0142y si\u0119 zespo\u0142y reprezentuj\u0105ce poszczeg\u00f3lne gminy, m. in. uczniowie ze szko\u0142y podstawowej i gimnazjum w D\u0142ugosiodle, &#8222;Przepi\u00f3reczka&#8221; z Somianki, &#8222;\u0141ochowianie&#8221; z \u0141ochowa, &#8222;Jarz\u0119bina&#8221; z Broku, &#8222;Lubek&#8221; ze Starego Lubiejewa oraz &#8222;Sadowianki&#8221; z Sadownego.<\/p>\n<p style=\"text-align: justify;\"><img loading=\"lazy\" decoding=\"async\" class=\"aligncenter size-full wp-image-8079\" src=\"http:\/\/www.info.sadowne.pl\/wp-content\/uploads\/2015\/03\/sad51.jpg\" alt=\"sad51\" width=\"285\" height=\"191\" \/><strong>SADOWIANKI <\/strong>razem z mieszka\u0144cami gminy maszerowa\u0142y w barwnym\u00a0pochodzie \u015bpiewaj\u0105c do\u017cynkowe piosenki. Nast\u0119pnie po cz\u0119\u015bci oficjalnej\u00a0kontynuowa\u0142y sw\u00f3j do\u017cynkowy repertuar na scenie.<\/p>\n<p style=\"text-align: justify;\"><img loading=\"lazy\" decoding=\"async\" class=\"aligncenter size-full wp-image-8081\" src=\"http:\/\/www.info.sadowne.pl\/wp-content\/uploads\/2015\/03\/sad531.jpg\" alt=\"sad53\" width=\"427\" height=\"289\" srcset=\"http:\/\/info.sadowne.pl\/wp-content\/uploads\/2015\/03\/sad531.jpg 427w, http:\/\/info.sadowne.pl\/wp-content\/uploads\/2015\/03\/sad531-300x203.jpg 300w\" sizes=\"auto, (max-width: 427px) 100vw, 427px\" \/><strong>SADOWNE<\/strong><\/p>\n<p style=\"text-align: justify;\"><strong>JUBILEUSZ MA\u0141\u017bE\u0143STW \u2013 Jesie\u0144 2009<\/strong><\/p>\n<p style=\"text-align: justify;\">Jak ka\u017cdego roku jesieni\u0105 sk\u0142adamy \u017cyczenia i umilamy czas\u00a0Jubilatom z 50-letnim sta\u017cem po\u017cycia ma\u0142\u017ce\u0144skiego.<\/p>\n<div id=\"attachment_8082\" style=\"width: 537px\" class=\"wp-caption aligncenter\"><img loading=\"lazy\" decoding=\"async\" aria-describedby=\"caption-attachment-8082\" class=\"wp-image-8082 size-full\" src=\"http:\/\/www.info.sadowne.pl\/wp-content\/uploads\/2015\/03\/sad54.jpg\" alt=\"sad54\" width=\"527\" height=\"353\" srcset=\"http:\/\/info.sadowne.pl\/wp-content\/uploads\/2015\/03\/sad54.jpg 527w, http:\/\/info.sadowne.pl\/wp-content\/uploads\/2015\/03\/sad54-300x201.jpg 300w\" sizes=\"auto, (max-width: 527px) 100vw, 527px\" \/><p id=\"caption-attachment-8082\" class=\"wp-caption-text\">SADOWIANKI<\/p><\/div>\n<div id=\"attachment_8083\" style=\"width: 585px\" class=\"wp-caption aligncenter\"><img loading=\"lazy\" decoding=\"async\" aria-describedby=\"caption-attachment-8083\" class=\"wp-image-8083 size-full\" src=\"http:\/\/www.info.sadowne.pl\/wp-content\/uploads\/2015\/03\/sad55.jpg\" alt=\"sad55\" width=\"575\" height=\"385\" srcset=\"http:\/\/info.sadowne.pl\/wp-content\/uploads\/2015\/03\/sad55.jpg 575w, http:\/\/info.sadowne.pl\/wp-content\/uploads\/2015\/03\/sad55-300x201.jpg 300w\" sizes=\"auto, (max-width: 575px) 100vw, 575px\" \/><p id=\"caption-attachment-8083\" class=\"wp-caption-text\">Od lewej kierownik zespo\u0142u Krysia Wetoszka, Ala Bahniuk, Kazia Krzak, Tereska Piwek i p. Wac\u0142awa Macioch<\/p><\/div>\n<div id=\"attachment_8084\" style=\"width: 560px\" class=\"wp-caption aligncenter\"><img loading=\"lazy\" decoding=\"async\" aria-describedby=\"caption-attachment-8084\" class=\"wp-image-8084 size-full\" src=\"http:\/\/www.info.sadowne.pl\/wp-content\/uploads\/2015\/03\/sad56.jpg\" alt=\"sad56\" width=\"550\" height=\"368\" srcset=\"http:\/\/info.sadowne.pl\/wp-content\/uploads\/2015\/03\/sad56.jpg 550w, http:\/\/info.sadowne.pl\/wp-content\/uploads\/2015\/03\/sad56-300x201.jpg 300w\" sizes=\"auto, (max-width: 550px) 100vw, 550px\" \/><p id=\"caption-attachment-8084\" class=\"wp-caption-text\">Od lewej: Tereska \u017bach i nasza nestorka p. Genia Sych, dzi\u0119ki, kt\u00f3rej zesp\u00f3\u0142 pozna\u0142 wiele tekst\u00f3w i melodii starych ludowych piosenek<\/p><\/div>\n<div id=\"attachment_8085\" style=\"width: 582px\" class=\"wp-caption aligncenter\"><img loading=\"lazy\" decoding=\"async\" aria-describedby=\"caption-attachment-8085\" class=\"wp-image-8085 size-full\" src=\"http:\/\/www.info.sadowne.pl\/wp-content\/uploads\/2015\/03\/sad57.jpg\" alt=\"sad57\" width=\"572\" height=\"383\" srcset=\"http:\/\/info.sadowne.pl\/wp-content\/uploads\/2015\/03\/sad57.jpg 572w, http:\/\/info.sadowne.pl\/wp-content\/uploads\/2015\/03\/sad57-300x201.jpg 300w\" sizes=\"auto, (max-width: 572px) 100vw, 572px\" \/><p id=\"caption-attachment-8085\" class=\"wp-caption-text\">Ania Chojecka, Andrzej Olton, Krysia Wetoszka, Ala Bahniuk<\/p><\/div>\n<div id=\"attachment_8086\" style=\"width: 570px\" class=\"wp-caption aligncenter\"><img loading=\"lazy\" decoding=\"async\" aria-describedby=\"caption-attachment-8086\" class=\"wp-image-8086 size-full\" src=\"http:\/\/www.info.sadowne.pl\/wp-content\/uploads\/2015\/03\/sad58.jpg\" alt=\"sad58\" width=\"560\" height=\"375\" srcset=\"http:\/\/info.sadowne.pl\/wp-content\/uploads\/2015\/03\/sad58.jpg 560w, http:\/\/info.sadowne.pl\/wp-content\/uploads\/2015\/03\/sad58-300x201.jpg 300w\" sizes=\"auto, (max-width: 560px) 100vw, 560px\" \/><p id=\"caption-attachment-8086\" class=\"wp-caption-text\">Jadzia Borowa, Basia Wr\u00f3bel, Ania Chojecka<\/p><\/div>\n<div id=\"attachment_8087\" style=\"width: 488px\" class=\"wp-caption aligncenter\"><img loading=\"lazy\" decoding=\"async\" aria-describedby=\"caption-attachment-8087\" class=\"wp-image-8087 size-full\" src=\"http:\/\/www.info.sadowne.pl\/wp-content\/uploads\/2015\/03\/sad59.jpg\" alt=\"sad59\" width=\"478\" height=\"515\" srcset=\"http:\/\/info.sadowne.pl\/wp-content\/uploads\/2015\/03\/sad59.jpg 478w, http:\/\/info.sadowne.pl\/wp-content\/uploads\/2015\/03\/sad59-278x300.jpg 278w\" sizes=\"auto, (max-width: 478px) 100vw, 478px\" \/><p id=\"caption-attachment-8087\" class=\"wp-caption-text\">Basia Wr\u00f3bel i Ania Chojecka<\/p><\/div>\n<p style=\"text-align: justify;\"><strong><em>50 lat min\u0119\u0142o od tej uroczystej chwili,<br \/>\ngdy w ko\u015bciele przysi\u0119g\u0119 m\u0142odzi sobie z\u0142o\u017cyli.<br \/>\nKsi\u0105dz stu\u0142\u0105 mi\u0142o\u015bci zwi\u0105za\u0142 Wasze d\u0142onie,<br \/>\nTy przysi\u0119g\u0119 sk\u0142ada\u0142e\u015b ukochanej \u017conie.<\/em><\/strong><\/p>\n<p style=\"text-align: justify;\"><strong><em>Dzi\u015b w 50 rocznic\u0119 tego \u015bwi\u0119ta,<\/em><\/strong><\/p>\n<p style=\"text-align: justify;\"><strong><em>przysi\u0119g\u0119 sprzed laty Wasze serce pami\u0119ta.<\/em><\/strong><\/p>\n<p style=\"text-align: justify;\"><strong><em>Niech Wam B\u00f3g b\u0142ogos\u0142awi przez kolejne<\/em><\/strong><\/p>\n<p style=\"text-align: justify;\"><strong><em>50 lat sp\u0119dzonych wsp\u00f3lnie.<\/em><\/strong><\/p>\n<p style=\"text-align: justify;\"><strong>SADOWNE<\/strong><\/p>\n<p style=\"text-align: justify;\"><strong>Dzie\u0144 15 lutego 2010r<\/strong>.w Urz\u0119dzie Gminy w Sadownem up\u0142yn\u0105\u0142 pod znakiem \u2013 <strong>Gminnej Olimpiady<\/strong> Wiedzy o Gospodarstwie Domowym, Przedsi\u0119biorczo\u015bci i Ekologii. Udzia\u0142\u00a0 w olimpiadzie wzi\u0119\u0142y w wi\u0119kszo\u015bci panie z terenu gminy Sadowne.<\/p>\n<p style=\"text-align: justify;\">W dalszej cz\u0119\u015bci spotkania przy kawie i herbacie uczestnicy mogli podziwia\u0107 r\u0119kodzie\u0142o ludowe p. Ma\u0142gorzaty Pep\u0142owskiej i wys\u0142ucha\u0107 wyst\u0119pu <strong>SADOWIANEK.<\/strong><\/p>\n<p style=\"text-align: justify;\"><strong>KIE\u0141CZEW<\/strong><\/p>\n<p style=\"text-align: justify;\"><strong>W dniu 30 czerwca 2010 roku go\u015bcili\u015bmy w Kie\u0142czewie<\/strong> na festynie, gdzie po raz XI odby\u0142 si\u0119 Dzie\u0144 Rado\u015bci Wakacyjnej, czyli dzie\u0144 pe\u0142en dobrej i beztroskiej zabawy na \u015bwie\u017cym powietrzu, zorganizowany z my\u015bl\u0105 o najm\u0142odszych mieszka\u0144cach wsi. Tradycyjnie do lat ubieg\u0142ych organizatorami festynu byli: Dyrektor Szko\u0142y Podstawowej im. Kardyna\u0142a Stefana Wyszy\u0144skiego w Kie\u0142czewie \u2013 p. Andrzej Koro\u015b, Proboszcz Parafii pw. \u015aw. Anny w Prostyni ksi\u0105dz kanonik Krzysztof Maksimiuk oraz W\u00f3jt Gminy Ma\u0142kinia G\u00f3rna \u2013 p. Marek Kubaszewski.<\/p>\n<div id=\"attachment_8088\" style=\"width: 290px\" class=\"wp-caption aligncenter\"><img loading=\"lazy\" decoding=\"async\" aria-describedby=\"caption-attachment-8088\" class=\"wp-image-8088 size-full\" src=\"http:\/\/www.info.sadowne.pl\/wp-content\/uploads\/2015\/03\/sad60.jpg\" alt=\"sad60\" width=\"280\" height=\"209\" \/><p id=\"caption-attachment-8088\" class=\"wp-caption-text\">Kie\u0142czew-,,Dzie\u0144 Rado\u015bci Wakacyjnej\u201d<strong>\u00a0 \u00a0 \u00a0\u00a0<\/strong><\/p><\/div>\n<p style=\"text-align: justify;\"><strong>PROSTY\u0143 \u2013 ,,KOZI GR\u00d3D\u201d<\/strong><\/p>\n<p style=\"text-align: justify;\">Podczas odpust\u00f3w w Prostyni od dawna sprzedawane s\u0105 kozy z ciasta. Zwyczaj ten nawi\u0105zuje do podania, kt\u00f3re g\u0142osi, \u017ce rzek\u0105 Bug przyp\u0142yn\u0119\u0142a cudowna Statua. W zaro\u015blach zobaczy\u0142y j\u0105 kozy i swym g\u0142o\u015bnym beczeniem zwr\u00f3ci\u0142y uwag\u0119 mieszka\u0144c\u00f3w na niezwyk\u0142e znalezisko. Kozy prosty\u0144skie maj\u0105 r\u00f3wnie\u017c swe uzasadnienie w historii. Unici Podlascy prze\u015bladowani po upadku Powstania Styczniowego licznie przybywali na odpust do Prostyni, aby przyst\u0105pi\u0107 do Sakrament\u00f3w \u015awi\u0119tych. Dla zmylenia carskich urz\u0119dnik\u00f3w udawali handlarzy k\u00f3z.<\/p>\n<p style=\"text-align: justify;\"><strong>W maju i w lipcu 2010 roku zesp\u00f3\u0142<\/strong> trzykrotnie zapraszany by\u0142 przez Stowarzyszenie Mi\u0142o\u015bnik\u00f3w Ziemi Prosty\u0144skiej do Prostyni. \u015apiewa\u0142 na odpu\u015bcie \u015aw. Tr\u00f3jcy w sobot\u0119 i w niedziel\u0119 w pi\u0119knej scenerii ,,Koziego Grodu\u201d, a tak\u017ce na odpu\u015bcie \u015bw. Anny. Prezesem Stowarzyszenia Mi\u0142o\u015bnik\u00f3w Ziemi Prosty\u0144skiej jest pani Marta Deniszewska, kt\u00f3ra przygotowa\u0142a degustacj\u0119 lokalnych smako\u0142yk\u00f3w, m.in. kozy prosty\u0144skie, przysmak B\u0142a\u017ceja, \u017curek prosty\u0144ski, smalec dziedzica prosty\u0144skiego, kozi ser i piwo kozicowe. Nazwy tych potraw nawi\u0105zuj\u0105 do tradycji wsi Prosty\u0144.<\/p>\n<div id=\"attachment_8089\" style=\"width: 404px\" class=\"wp-caption aligncenter\"><img loading=\"lazy\" decoding=\"async\" aria-describedby=\"caption-attachment-8089\" class=\"wp-image-8089 size-full\" src=\"http:\/\/www.info.sadowne.pl\/wp-content\/uploads\/2015\/03\/sad61.jpg\" alt=\"sad61\" width=\"394\" height=\"297\" srcset=\"http:\/\/info.sadowne.pl\/wp-content\/uploads\/2015\/03\/sad61.jpg 394w, http:\/\/info.sadowne.pl\/wp-content\/uploads\/2015\/03\/sad61-300x226.jpg 300w\" sizes=\"auto, (max-width: 394px) 100vw, 394px\" \/><p id=\"caption-attachment-8089\" class=\"wp-caption-text\">W zagr\u00f3dce pas\u0142y si\u0119 kozy a to w\u0142a\u015bnie te zwierz\u0119ta identyfikowane s\u0105 z Prostyni\u0105<\/p><\/div>\n<div id=\"attachment_8090\" style=\"width: 607px\" class=\"wp-caption aligncenter\"><img loading=\"lazy\" decoding=\"async\" aria-describedby=\"caption-attachment-8090\" class=\"wp-image-8090 size-full\" src=\"http:\/\/www.info.sadowne.pl\/wp-content\/uploads\/2015\/03\/sad62.jpg\" alt=\"sad62\" width=\"597\" height=\"388\" srcset=\"http:\/\/info.sadowne.pl\/wp-content\/uploads\/2015\/03\/sad62.jpg 597w, http:\/\/info.sadowne.pl\/wp-content\/uploads\/2015\/03\/sad62-300x195.jpg 300w\" sizes=\"auto, (max-width: 597px) 100vw, 597px\" \/><p id=\"caption-attachment-8090\" class=\"wp-caption-text\">SADOWIANKI \u2013 w ,,Kozim Grodzie\u201d \u2013 Prosty\u0144<\/p><\/div>\n<div id=\"attachment_8091\" style=\"width: 450px\" class=\"wp-caption aligncenter\"><img loading=\"lazy\" decoding=\"async\" aria-describedby=\"caption-attachment-8091\" class=\"wp-image-8091 size-full\" src=\"http:\/\/www.info.sadowne.pl\/wp-content\/uploads\/2015\/03\/sad63.jpg\" alt=\"sad63\" width=\"440\" height=\"537\" srcset=\"http:\/\/info.sadowne.pl\/wp-content\/uploads\/2015\/03\/sad63.jpg 440w, http:\/\/info.sadowne.pl\/wp-content\/uploads\/2015\/03\/sad63-246x300.jpg 246w\" sizes=\"auto, (max-width: 440px) 100vw, 440px\" \/><p id=\"caption-attachment-8091\" class=\"wp-caption-text\">SADOWIANKI: Krysia Wetoszka, Ania Chojecka i Basia Wr\u00f3bel &#8211; Prosty\u0144 \u2013 ,,Kozi Gr\u00f3d\u201d<\/p><\/div>\n<p style=\"text-align: justify;\">\u00a0<strong>MA\u0141KINIA<\/strong><\/p>\n<div id=\"attachment_8092\" style=\"width: 327px\" class=\"wp-caption aligncenter\"><img loading=\"lazy\" decoding=\"async\" aria-describedby=\"caption-attachment-8092\" class=\"wp-image-8092 size-full\" src=\"http:\/\/www.info.sadowne.pl\/wp-content\/uploads\/2015\/03\/sad64.jpg\" alt=\"sad64\" width=\"317\" height=\"239\" srcset=\"http:\/\/info.sadowne.pl\/wp-content\/uploads\/2015\/03\/sad64.jpg 317w, http:\/\/info.sadowne.pl\/wp-content\/uploads\/2015\/03\/sad64-300x226.jpg 300w\" sizes=\"auto, (max-width: 317px) 100vw, 317px\" \/><p id=\"caption-attachment-8092\" class=\"wp-caption-text\">Noc \u015awi\u0119toja\u0144ska \u2013 czerwiec 2010 rok<\/p><\/div>\n<p style=\"text-align: justify;\"><strong>SADOWNE<\/strong><\/p>\n<p style=\"text-align: justify;\"><strong>R\u00f3wnie\u017c w lipcu 2010 roku<\/strong> <strong>SADOWIANKI<\/strong> \u015bpiewa\u0142y na festynie zorganizowanym przez Stowarzyszenie Rozwoju Wsi P\u0142atkownica pod patronatem Urz\u0119du Gminy Sadowne, podczas kt\u00f3rego odby\u0142a si\u0119 kwesta i <strong>zbi\u00f3rka dar\u00f3w dla ofiar powodzi<\/strong>. Imprezie przy\u015bwieca\u0142o has\u0142o: ,,POMOC POPRZEZ\u00a0\u00a0 KULTUR\u0118\u201d.<\/p>\n<p style=\"text-align: justify;\"><strong>\u0179r\u00f3d\u0142o:<\/strong>\u00a0SADOWIANKI, Barbara Wr\u00f3bel, Sadowne 2014 (kronika dost\u0119pna w zbiorach GOK Sadowne)<\/p>\n","protected":false},"excerpt":{"rendered":"<p>26 lipca 2009 roku\u00a0 wyst\u0119p SADOWIANEK u\u015bwietni\u0142 obchody 90 Rocznicy Powstania Ochotniczej Stra\u017cy Po\u017carnej w Sadownem.<\/p>\n","protected":false},"author":1,"featured_media":0,"comment_status":"open","ping_status":"open","sticky":false,"template":"","format":"standard","meta":{"footnotes":""},"categories":[5,31,1202],"tags":[101,960],"class_list":["post-8071","post","type-post","status-publish","format-standard","hentry","category-newsy","category-historia-gminy","category-zespol-spiewaczy-sadowianki","tag-historia-gminy-sadowne","tag-zespol-spiewaczy-sadowianki"],"views":3429,"_links":{"self":[{"href":"http:\/\/info.sadowne.pl\/index.php?rest_route=\/wp\/v2\/posts\/8071","targetHints":{"allow":["GET"]}}],"collection":[{"href":"http:\/\/info.sadowne.pl\/index.php?rest_route=\/wp\/v2\/posts"}],"about":[{"href":"http:\/\/info.sadowne.pl\/index.php?rest_route=\/wp\/v2\/types\/post"}],"author":[{"embeddable":true,"href":"http:\/\/info.sadowne.pl\/index.php?rest_route=\/wp\/v2\/users\/1"}],"replies":[{"embeddable":true,"href":"http:\/\/info.sadowne.pl\/index.php?rest_route=%2Fwp%2Fv2%2Fcomments&post=8071"}],"version-history":[{"count":2,"href":"http:\/\/info.sadowne.pl\/index.php?rest_route=\/wp\/v2\/posts\/8071\/revisions"}],"predecessor-version":[{"id":8094,"href":"http:\/\/info.sadowne.pl\/index.php?rest_route=\/wp\/v2\/posts\/8071\/revisions\/8094"}],"wp:attachment":[{"href":"http:\/\/info.sadowne.pl\/index.php?rest_route=%2Fwp%2Fv2%2Fmedia&parent=8071"}],"wp:term":[{"taxonomy":"category","embeddable":true,"href":"http:\/\/info.sadowne.pl\/index.php?rest_route=%2Fwp%2Fv2%2Fcategories&post=8071"},{"taxonomy":"post_tag","embeddable":true,"href":"http:\/\/info.sadowne.pl\/index.php?rest_route=%2Fwp%2Fv2%2Ftags&post=8071"}],"curies":[{"name":"wp","href":"https:\/\/api.w.org\/{rel}","templated":true}]}}