{"id":8178,"date":"2015-03-28T18:08:48","date_gmt":"2015-03-28T17:08:48","guid":{"rendered":"http:\/\/www.infosadowne.boo.pl\/?p=8178"},"modified":"2024-03-04T19:49:44","modified_gmt":"2024-03-04T18:49:44","slug":"slodkosci-na-wielkanoc","status":"publish","type":"post","link":"http:\/\/info.sadowne.pl\/?p=8178","title":{"rendered":"S\u0142odko\u015bci na Wielkanoc"},"content":{"rendered":"<p style=\"text-align: justify;\"><strong><img loading=\"lazy\" decoding=\"async\" class=\"alignleft size-thumbnail wp-image-8179\" src=\"http:\/\/www.info.sadowne.pl\/wp-content\/uploads\/2015\/03\/2015.03.28.11-180x130.jpg\" alt=\"2015.03.28.11\" width=\"180\" height=\"130\" \/>Serniki, makowce, baby, mazurki\u2026 co piec na \u015awi\u0119ta? Mo\u017ce wszystko?<\/strong><!--more--><\/p>\n<p style=\"text-align: justify;\">I znowu tradycja? Na \u015awi\u0119ta Wielkanocne koniecznie trzeba przygotowa\u0107 s\u0142odko\u015bci, kt\u00f3re ciesz\u0105 nasze podniebienie. Wyb\u00f3r jest trudny, czasu ma\u0142o, bo i porz\u0105dki, praca, zakupy, \u015bwi\u0119conka, a tak\u017ce troch\u0119 wolnego. \u015awi\u0119ta s\u0105 po to, aby \u015bwi\u0119towa\u0107, a nie pracowa\u0107 do ostatniej chwili w \u201epocie czo\u0142a\u201d. Zastan\u00f3wmy si\u0119 nad tym, ale z drugiej strony: wypada, trzeba, co ludzie powiedz\u0105\u2026<\/p>\n<p style=\"text-align: justify;\">Je\u015bli zabraknie ju\u017c czasu na \u015bwi\u0105teczne wypieki, to polecamy \u015bwietne wyroby miejscowej Cukierni \u201eMarica\u201d p. Ryszarda Zawadzkiego. Podejrzyjmy, jak wygl\u0105da pieczenie ciast w wykonaniu fachowc\u00f3w.<\/p>\n<p><embed src=\"https:\/\/photos.gstatic.com\/media\/slideshow.swf\" type=\"application\/x-shockwave-flash\" width=\"600\" height=\"400\"><\/embed><\/p>\n<p style=\"text-align: justify;\">Ale, gdyby Pa\u0144stwo mieli ch\u0119\u0107 samodzielnego wykonania ciast, to prosz\u0119 bardzo\u2026 Przy tej okazji nie b\u0119dziemy zbyt \u201eza\u015bmieca\u0107\u201d Pa\u0144stwa spracowanego umys\u0142u i tylko zasygnalizujemy temat \u2013 <strong>\u201eMazurek\u201d<\/strong>.<\/p>\n<p style=\"text-align: justify;\"><strong><img loading=\"lazy\" decoding=\"async\" class=\"alignright size-thumbnail wp-image-8180\" src=\"http:\/\/www.info.sadowne.pl\/wp-content\/uploads\/2015\/03\/2015.03.28.10-180x130.jpg\" alt=\"2015.03.28.10\" width=\"180\" height=\"130\" \/>Sk\u0142adniki:<\/strong><\/p>\n<p style=\"text-align: justify;\"><strong>Ciasto:<\/strong> 250 g m\u0105ki, 150 g mielonych migda\u0142\u00f3w, 150 g mas\u0142a, 100 g cukru, 2 \u0142y\u017ceczki cukru wanilinowego, 1 jajko, 1 \u017c\u00f3\u0142tko.<\/p>\n<p style=\"text-align: justify;\"><strong>Nadzienie:<\/strong> 2 szklanki wi\u015bni bez pestek.<\/p>\n<p style=\"text-align: justify;\"><strong>Polewa:<\/strong> 200 g czekolady mlecznej, 6 \u0142y\u017cek \u015bmietanki krem\u00f3wki 30%, 5 \u0142y\u017cek wody, 1 \u0142y\u017cka mas\u0142a.<\/p>\n<p style=\"text-align: justify;\"><strong>Do dekoracji:<\/strong> 20 g migda\u0142\u00f3w.<\/p>\n<p style=\"text-align: justify;\"><strong>Wykonanie:<\/strong><\/p>\n<p style=\"text-align: justify;\">M\u0105k\u0119 wymieszaj z migda\u0142ami i posiekaj z mas\u0142em,\u00a0jak na kruszonk\u0119. Dodaj cukier i cukier wanilinowy, jajko, \u017c\u00f3\u0142tko, zagnie\u0107 g\u0142adkie ciasto. Ciasto owi\u0144 foli\u0105 spo\u017cywcz\u0105,\u00a0wstaw na godzin\u0119 do lod\u00f3wki. Form\u0119 do tarty\u00a0wylep ciastem\u00a0podwy\u017cszaj\u0105c brzeg ciasta na wysoko\u015b\u0107 2,5 cm, ciasto nak\u0142uj widelcem. Piecz\u00a0ok. 25 minut na z\u0142oty kolor w temperaturze 180 stopni. Ostudzony placek\u00a0wyjmij z formy, u\u0142\u00f3\u017c na nim os\u0105czone wi\u015bnie. Czekolad\u0119 pokrusz, wsyp do garnuszka o grubym dnie, wlej gor\u0105c\u0105 wod\u0119 i rozpu\u015b\u0107, podgrzewaj\u0105c na ma\u0142ym ogniu. Dodaj \u015bmietank\u0119, mas\u0142o i jeszcze chwil\u0119 podgrzewaj, mieszaj\u0105c,\u00a0a\u017c wszystkie sk\u0142adniki dok\u0142adnie si\u0119 po\u0142\u0105cz\u0105. Gor\u0105c\u0105 czekolad\u0105 oblej\u00a0ciasto. Mazurek\u00a0udekoruj.<\/p>\n<p style=\"text-align: justify;\"><strong>Tekst\/foto:<\/strong> sch<\/p>\n","protected":false},"excerpt":{"rendered":"<p>Serniki, makowce, baby, mazurki\u2026 co piec na \u015awi\u0119ta? Mo\u017ce wszystko?<\/p>\n","protected":false},"author":1,"featured_media":0,"comment_status":"open","ping_status":"open","sticky":false,"template":"","format":"standard","meta":{"footnotes":""},"categories":[5,4091,1467,181,1686],"tags":[],"class_list":["post-8178","post","type-post","status-publish","format-standard","hentry","category-newsy","category-ciasta","category-cukiernia-marica","category-kulinaria","category-na-slodko"],"views":3353,"_links":{"self":[{"href":"http:\/\/info.sadowne.pl\/index.php?rest_route=\/wp\/v2\/posts\/8178","targetHints":{"allow":["GET"]}}],"collection":[{"href":"http:\/\/info.sadowne.pl\/index.php?rest_route=\/wp\/v2\/posts"}],"about":[{"href":"http:\/\/info.sadowne.pl\/index.php?rest_route=\/wp\/v2\/types\/post"}],"author":[{"embeddable":true,"href":"http:\/\/info.sadowne.pl\/index.php?rest_route=\/wp\/v2\/users\/1"}],"replies":[{"embeddable":true,"href":"http:\/\/info.sadowne.pl\/index.php?rest_route=%2Fwp%2Fv2%2Fcomments&post=8178"}],"version-history":[{"count":4,"href":"http:\/\/info.sadowne.pl\/index.php?rest_route=\/wp\/v2\/posts\/8178\/revisions"}],"predecessor-version":[{"id":28682,"href":"http:\/\/info.sadowne.pl\/index.php?rest_route=\/wp\/v2\/posts\/8178\/revisions\/28682"}],"wp:attachment":[{"href":"http:\/\/info.sadowne.pl\/index.php?rest_route=%2Fwp%2Fv2%2Fmedia&parent=8178"}],"wp:term":[{"taxonomy":"category","embeddable":true,"href":"http:\/\/info.sadowne.pl\/index.php?rest_route=%2Fwp%2Fv2%2Fcategories&post=8178"},{"taxonomy":"post_tag","embeddable":true,"href":"http:\/\/info.sadowne.pl\/index.php?rest_route=%2Fwp%2Fv2%2Ftags&post=8178"}],"curies":[{"name":"wp","href":"https:\/\/api.w.org\/{rel}","templated":true}]}}