{"id":8352,"date":"2015-04-14T17:50:43","date_gmt":"2015-04-14T15:50:43","guid":{"rendered":"http:\/\/www.infosadowne.boo.pl\/?p=8352"},"modified":"2015-04-14T17:50:43","modified_gmt":"2015-04-14T15:50:43","slug":"sadowianki-niedziela-palmowa","status":"publish","type":"post","link":"http:\/\/info.sadowne.pl\/?p=8352","title":{"rendered":"SADOWIANKI &#8211; Niedziela Palmowa"},"content":{"rendered":"<p style=\"text-align: justify;\"><strong><img loading=\"lazy\" decoding=\"async\" class=\"alignleft size-thumbnail wp-image-8290\" src=\"http:\/\/www.info.sadowne.pl\/wp-content\/uploads\/2015\/04\/sad104-180x130.jpg\" alt=\"sad104\" width=\"180\" height=\"130\" \/>SADOWNE &#8211;\u00a0<\/strong><strong>NIEDZIELA PALMOWA<\/strong><!--more--><\/p>\n<p style=\"text-align: justify;\">1 kwietnia 2012 r. \u2013 w Gminnym\u00a0 O\u015brodku Kultury w Sadownem odby\u0142 si\u0119 pierwszy Wielkanocny Kiermasz R\u0119kodzie\u0142a. W godz. 10.00 \u2013 16.00 przy pi\u0119knej pogodzie niedzieli palmowej mieszka\u0144cy Gminy Sadowne i go\u015bcie spoza niej mieli okazj\u0119 wst\u0105pi\u0107 do GOK i wzi\u0105\u0107 udzia\u0142 w tej\u00a0imprezie. Na kiermaszu mogli\u015bmy obejrze\u0107 i zakupi\u0107 wielkanocne ozdoby, r\u0119kodzie\u0142o wykonane przez tw\u00f3rc\u00f3w z Sadownego i okolic oraz posmakowa\u0107 produkt\u00f3w kulinarnych, zwi\u0105zanych z czasem \u015awi\u0105t Wielkanocnych. Te zosta\u0142y przygotowane przez panie Teres\u0119 Ga\u0142\u0105zka z Komorowa i Martyn\u0119 Cz\u0119\u015bcik z \u017bulina. Z innych gmin swoj\u0105 tw\u00f3rczo\u015b\u0107 prezentowa\u0142y panie Ma\u0142gorzata Pep\u0142owska z Ruchny, Katarzyna Krasna z Liwa i Magdalena Kar\u0142owicz \u2013 Iwanicka z D\u0105br\u00f3wki.<\/p>\n<p style=\"text-align: justify;\">Sadowne i okolice reprezentowane by\u0142y przez panie Agnieszk\u0119 Narowsk\u0105, Barbar\u0119 Stanis\u0142awczyk, Katarzyn\u0119 M\u0142ynarczyk, Ann\u0119 Bubrzyk, Ew\u0119 Pi\u00f3rkowsk\u0105 i Sylwi\u0119 Ilczuk. Ponadto mogli\u015bmy ogl\u0105da\u0107 prace pa\u0144:\u00a0Zuzanny Wycech, Ireny Wardy i Haliny \u017bach oraz Gra\u017cyny W\u00f3dka. Dzieci ucz\u0119szczaj\u0105ce do biblioteki i na ko\u0142o plastyczne w GOK r\u00f3wnie\u017c mia\u0142y swoje stoiska.<\/p>\n<p style=\"text-align: justify;\">\u00a0<img loading=\"lazy\" decoding=\"async\" class=\"aligncenter size-full wp-image-8354\" src=\"http:\/\/www.info.sadowne.pl\/wp-content\/uploads\/2015\/04\/sad105.jpg\" alt=\"sad105\" width=\"564\" height=\"417\" srcset=\"http:\/\/info.sadowne.pl\/wp-content\/uploads\/2015\/04\/sad105.jpg 564w, http:\/\/info.sadowne.pl\/wp-content\/uploads\/2015\/04\/sad105-300x222.jpg 300w\" sizes=\"auto, (max-width: 564px) 100vw, 564px\" \/>Kiermasz zosta\u0142 u\u015bwietniony przez wyst\u0119p \u201eSADOWIANEK\u201d, kt\u00f3re przygotowa\u0142y i pi\u0119knie zaprezentowa\u0142y specjalny program zwi\u0105zany z Niedziel\u0105 Palmow\u0105.<\/p>\n<div id=\"attachment_8355\" style=\"width: 368px\" class=\"wp-caption aligncenter\"><img loading=\"lazy\" decoding=\"async\" aria-describedby=\"caption-attachment-8355\" class=\"wp-image-8355 size-full\" src=\"http:\/\/www.info.sadowne.pl\/wp-content\/uploads\/2015\/04\/sad106.jpg\" alt=\"sad106\" width=\"358\" height=\"382\" srcset=\"http:\/\/info.sadowne.pl\/wp-content\/uploads\/2015\/04\/sad106.jpg 358w, http:\/\/info.sadowne.pl\/wp-content\/uploads\/2015\/04\/sad106-281x300.jpg 281w\" sizes=\"auto, (max-width: 358px) 100vw, 358px\" \/><p id=\"caption-attachment-8355\" class=\"wp-caption-text\">Basia Wr\u00f3bel, Krysia Wetoszka i Andrzej Olton<\/p><\/div>\n<p style=\"text-align: justify;\">Osoby odwiedzaj\u0105ce kiermasz mia\u0142y okazj\u0119 zobaczy\u0107 wystaw\u0119 fotograficzn\u0105 prac Artura Podg\u00f3rskiego \u201ePrzez Obiektyw\u201d i zwiedzi\u0107 Izb\u0119 Etnograficzn\u0105 Muzeum Ziemi Sadowie\u0144skiej. Film na You Tube.<\/p>\n<p style=\"text-align: justify;\"><strong>SIEDLCE<\/strong><\/p>\n<p style=\"text-align: justify;\">Siedlce 8-9 sierpnia 2012 r. \u2013 XIX Mi\u0119dzynarodowy Dzie\u0144 z Doradztwem Rolniczym, na Siedleckich B\u0142oniach wyst\u0119powa\u0142y ludowe zespo\u0142y artystyczne w tym r\u00f3wnie\u017c SADOWIANKI.<\/p>\n<p style=\"text-align: justify;\"><strong>KOZIENICE<\/strong><\/p>\n<p style=\"text-align: justify;\">W dniu 26 sierpnia 2012 r. odby\u0142a si\u0119 po raz czternasty najwi\u0119ksza impreza rolnicza na Mazowszu \u2013 Do\u017cynki Wojew\u00f3dztwa Mazowieckiego w Kozienicach. Jak co roku tak\u017ce Powiat W\u0119growski mia\u0142 swoj\u0105 delegacj\u0119, kt\u00f3ra liczy\u0142a\u00a0 60 os\u00f3b.<\/p>\n<p style=\"text-align: justify;\">W roli starost\u00f3w do\u017cynkowych\u00a0 powiatu w\u0119growskiego wyst\u0105pili Katarzyna i Waldemar Cyranowie ze wsi P\u0142atkownica, gmina Sadowne.<\/p>\n<p style=\"text-align: justify;\">W korowodzie nie\u015bli oni chleb do\u017cynkowy. Za starostami nasze panie w pi\u0119knych ludowych strojach (SADOWIANKI) wraz z akordeonist\u0105 &#8211; p. Andrzejem Oltonem, nios\u0142y wieniec do\u017cynkowy wykonany przez p. Mariann\u0119 Szymanik i p. Joann\u0119 Chojnowsk\u0105 (gmina Sadowne). Na stadionie odby\u0142y si\u0119 tradycyjne elementy \u015awi\u0119ta Plon\u00f3w \u00a0\u2013 mi\u0119dzy innymi obrz\u0119d dzielenia chlebem.<\/p>\n<p style=\"text-align: justify;\">Go\u015bciem do\u017cynek by\u0142 wicewojewoda mazowiecki Dariusz Pi\u0105tek.<\/p>\n<div id=\"attachment_8356\" style=\"width: 317px\" class=\"wp-caption aligncenter\"><img loading=\"lazy\" decoding=\"async\" aria-describedby=\"caption-attachment-8356\" class=\"wp-image-8356 size-full\" src=\"http:\/\/www.info.sadowne.pl\/wp-content\/uploads\/2015\/04\/sad107.jpg\" alt=\"sad107\" width=\"307\" height=\"243\" srcset=\"http:\/\/info.sadowne.pl\/wp-content\/uploads\/2015\/04\/sad107.jpg 307w, http:\/\/info.sadowne.pl\/wp-content\/uploads\/2015\/04\/sad107-300x237.jpg 300w\" sizes=\"auto, (max-width: 307px) 100vw, 307px\" \/><p id=\"caption-attachment-8356\" class=\"wp-caption-text\">P. Dariusz Pi\u0105tek, wicewojewoda mazowiecki, dzieli si\u0119 chlebem do\u017cynkowym z go\u015b\u0107mi. Na widowni wida\u0107 nasz\u0105 kole\u017cank\u0119 z zespo\u0142u Basi\u0119 Decyk<\/p><\/div>\n<div id=\"attachment_8357\" style=\"width: 573px\" class=\"wp-caption aligncenter\"><img loading=\"lazy\" decoding=\"async\" aria-describedby=\"caption-attachment-8357\" class=\"wp-image-8357 size-full\" src=\"http:\/\/www.info.sadowne.pl\/wp-content\/uploads\/2015\/04\/sad108.jpg\" alt=\"sad108\" width=\"563\" height=\"423\" srcset=\"http:\/\/info.sadowne.pl\/wp-content\/uploads\/2015\/04\/sad108.jpg 563w, http:\/\/info.sadowne.pl\/wp-content\/uploads\/2015\/04\/sad108-300x225.jpg 300w\" sizes=\"auto, (max-width: 563px) 100vw, 563px\" \/><p id=\"caption-attachment-8357\" class=\"wp-caption-text\">Nasza grupa przed wej\u015bciem na stadion<\/p><\/div>\n<div id=\"attachment_8358\" style=\"width: 533px\" class=\"wp-caption aligncenter\"><img loading=\"lazy\" decoding=\"async\" aria-describedby=\"caption-attachment-8358\" class=\"wp-image-8358 size-full\" src=\"http:\/\/www.info.sadowne.pl\/wp-content\/uploads\/2015\/04\/sad109.jpg\" alt=\"sad109\" width=\"523\" height=\"393\" srcset=\"http:\/\/info.sadowne.pl\/wp-content\/uploads\/2015\/04\/sad109.jpg 523w, http:\/\/info.sadowne.pl\/wp-content\/uploads\/2015\/04\/sad109-300x225.jpg 300w\" sizes=\"auto, (max-width: 523px) 100vw, 523px\" \/><p id=\"caption-attachment-8358\" class=\"wp-caption-text\">P. Waldemar Cyran z \u017con\u0105 Katarzyn\u0105 i SADOWIANKI z wie\u0144cem<\/p><\/div>\n<p style=\"text-align: justify;\">W programie imprezy opr\u00f3cz dzielenia si\u0119 chlebem do\u017cynkowym zaplanowano r\u00f3wnie\u017c prezentacj\u0119 wie\u0144c\u00f3w wykonanych z k\u0142os\u00f3w zb\u00f3\u017c, kwiat\u00f3w, zi\u00f3\u0142 i warzyw. Rozstrzygni\u0119ty zosta\u0142 konkurs na naj\u0142adniejszy wieniec wykonany w stylu tradycyjnym.<\/p>\n<p style=\"text-align: justify;\">\n<img loading=\"lazy\" decoding=\"async\" class=\"aligncenter size-full wp-image-8359\" src=\"http:\/\/www.info.sadowne.pl\/wp-content\/uploads\/2015\/04\/sad110.jpg\" alt=\"sad110\" width=\"378\" height=\"324\" srcset=\"http:\/\/info.sadowne.pl\/wp-content\/uploads\/2015\/04\/sad110.jpg 378w, http:\/\/info.sadowne.pl\/wp-content\/uploads\/2015\/04\/sad110-300x257.jpg 300w\" sizes=\"auto, (max-width: 378px) 100vw, 378px\" \/><\/p>\n<p style=\"text-align: justify;\">Powiat W\u0119growski na XIV Do\u017cynkach Wojew\u00f3dztwa Mazowieckiego\u00a0w Kozienicach\u00a0 &#8211; 26.08.2012 r. zaj\u0105\u0142\u00a0 w tym konkursie \u2013 <strong>I miejsce.<\/strong><\/p>\n<div id=\"attachment_8360\" style=\"width: 497px\" class=\"wp-caption aligncenter\"><img loading=\"lazy\" decoding=\"async\" aria-describedby=\"caption-attachment-8360\" class=\"wp-image-8360 size-full\" src=\"http:\/\/www.info.sadowne.pl\/wp-content\/uploads\/2015\/04\/sad111.jpg\" alt=\"sad111\" width=\"487\" height=\"366\" srcset=\"http:\/\/info.sadowne.pl\/wp-content\/uploads\/2015\/04\/sad111.jpg 487w, http:\/\/info.sadowne.pl\/wp-content\/uploads\/2015\/04\/sad111-300x225.jpg 300w\" sizes=\"auto, (max-width: 487px) 100vw, 487px\" \/><p id=\"caption-attachment-8360\" class=\"wp-caption-text\">P. Bo\u017cena Gierej (Naczelnik Wydzia\u0142u \u015arodowiska, Rolnictwa i Budownictwa Starostwa Powiatowego w W\u0119growie), Sadowianka \u2013 p. Marysia Szymanik i p. Adam Struzik (Marsza\u0142ek Woj. Mazowieckiego)<\/p><\/div>\n<div id=\"attachment_8361\" style=\"width: 492px\" class=\"wp-caption aligncenter\"><img loading=\"lazy\" decoding=\"async\" aria-describedby=\"caption-attachment-8361\" class=\"wp-image-8361 size-full\" src=\"http:\/\/www.info.sadowne.pl\/wp-content\/uploads\/2015\/04\/sad112.jpg\" alt=\"sad112\" width=\"482\" height=\"363\" srcset=\"http:\/\/info.sadowne.pl\/wp-content\/uploads\/2015\/04\/sad112.jpg 482w, http:\/\/info.sadowne.pl\/wp-content\/uploads\/2015\/04\/sad112-300x226.jpg 300w\" sizes=\"auto, (max-width: 482px) 100vw, 482px\" \/><p id=\"caption-attachment-8361\" class=\"wp-caption-text\">P. Adam Struzik ( Marsza\u0142ek Wojew\u00f3dztwa Mazowieckiego) rozmawia z kole\u017cank\u0105 z zespo\u0142u SADOWIANKI, p. Marysi\u0105 Szymanik. Po lewej stronie Przewodnicz\u0105cy Rady Gminy w Sadownem \u2013 pan Waldemar Cyran z \u017con\u0105 Katarzyn\u0105<\/p><\/div>\n<div id=\"attachment_8362\" style=\"width: 509px\" class=\"wp-caption aligncenter\"><img loading=\"lazy\" decoding=\"async\" aria-describedby=\"caption-attachment-8362\" class=\"wp-image-8362 size-full\" src=\"http:\/\/www.info.sadowne.pl\/wp-content\/uploads\/2015\/04\/sad113.jpg\" alt=\"sad113\" width=\"499\" height=\"375\" srcset=\"http:\/\/info.sadowne.pl\/wp-content\/uploads\/2015\/04\/sad113.jpg 499w, http:\/\/info.sadowne.pl\/wp-content\/uploads\/2015\/04\/sad113-300x225.jpg 300w\" sizes=\"auto, (max-width: 499px) 100vw, 499px\" \/><p id=\"caption-attachment-8362\" class=\"wp-caption-text\">Kozienice &#8211; P. Bo\u017cena Gierej, p. Maria Szymanik, p. Joanna Chojnowska, p. Waldemar Cyran z \u017con\u0105 Katarzyn\u0105. Dyplom i puchar za najpi\u0119kniejszy wieniec<\/p><\/div>\n<p style=\"text-align: justify;\">Film na YouTube pod tytu\u0142em: TV ,,Nasz Powiat\u201d446-Kozienice 31.08.2012<\/p>\n<p style=\"text-align: justify;\"><strong>KAMIONNA<\/strong><\/p>\n<p style=\"text-align: justify;\">Dzi\u0119kczynienie za tegoroczne plony w diecezji drohiczy\u0144skiej odby\u0142o si\u0119 w sobot\u0119 8 wrze\u015bnia 2012 r, w parafii Kamionna, gdzie proboszczem jest ks. Marek Bielak. Uroczysto\u015b\u0107 odby\u0142a si\u0119 pod refleksyjnym has\u0142em:\u00a0\u201eCZYM JEST CZ\u0141OWIEK, \u017bE O NIM PAMI\u0118TASZ\u201d<strong>\u00a0<\/strong>(Ps 8, 5).<\/p>\n<p style=\"text-align: justify;\">G\u0142\u00f3wnym jej punktem by\u0142o sprawowanie Eucharystii pod przewodnictwem JE Antoniego Dydycza &#8211; biskupa drohiczy\u0144skiego, kt\u00f3ry wyg\u0142osi\u0142 homili\u0119. Przed msz\u0105 mia\u0142a miejsce prezentacja publikacji wydawnictwa ,,Bia\u0142y Kruk\u201d oraz prelekcja ks. dra Zenona Czumaja po\u015bwi\u0119cona historii parafii Kamionna i regionu.<\/p>\n<p style=\"text-align: justify;\"><img loading=\"lazy\" decoding=\"async\" class=\"aligncenter size-full wp-image-8363\" src=\"http:\/\/www.info.sadowne.pl\/wp-content\/uploads\/2015\/04\/sad114.jpg\" alt=\"sad114\" width=\"545\" height=\"453\" srcset=\"http:\/\/info.sadowne.pl\/wp-content\/uploads\/2015\/04\/sad114.jpg 545w, http:\/\/info.sadowne.pl\/wp-content\/uploads\/2015\/04\/sad114-300x249.jpg 300w\" sizes=\"auto, (max-width: 545px) 100vw, 545px\" \/><\/p>\n<p style=\"text-align: justify;\">SADOWIANKI wzi\u0119\u0142y udzia\u0142 w Do\u017cynkach w Kamionnie wraz z nagrodzonym w Kozienicach wie\u0144cem. Wyst\u0105pi\u0142y tak\u017ce ze swoim scenicznym repertuarem.<\/p>\n<div id=\"attachment_8364\" style=\"width: 500px\" class=\"wp-caption aligncenter\"><img loading=\"lazy\" decoding=\"async\" aria-describedby=\"caption-attachment-8364\" class=\"wp-image-8364 size-full\" src=\"http:\/\/www.info.sadowne.pl\/wp-content\/uploads\/2015\/04\/sad115.jpg\" alt=\"sad115\" width=\"490\" height=\"377\" srcset=\"http:\/\/info.sadowne.pl\/wp-content\/uploads\/2015\/04\/sad115.jpg 490w, http:\/\/info.sadowne.pl\/wp-content\/uploads\/2015\/04\/sad115-300x231.jpg 300w\" sizes=\"auto, (max-width: 490px) 100vw, 490px\" \/><p id=\"caption-attachment-8364\" class=\"wp-caption-text\">A to ju\u017c po wszystkim \u2013 pocz\u0119stunek<\/p><\/div>\n<p style=\"text-align: justify;\"><strong>W\u0118GR\u00d3W <\/strong>&#8211;\u00a0XVIII Sesja Rady Powiatu z wystaw\u0105 w Galerii &#8222;Wiano&#8221; oraz\u00a0z powiatowym wie\u0144cem do\u017cynkowym w tle.<\/p>\n<p style=\"text-align: justify;\">06 wrze\u015bnia 2012, w Sali Konferencyjnej Starostwa Powiatowego w W\u0119growie, odby\u0142a si\u0119 uroczysta XVIII Sesja Rady Powiatu, z wystaw\u0105 w Galerii ,,Wiano\u201d.<\/p>\n<p style=\"text-align: justify;\">Zaprezentowana wystawa, nie by\u0142a jedynym wydarzeniem towarzysz\u0105cym Sesji. Przyby\u0142y na ni\u0105 autorki powiatowego wie\u0144ca do\u017cynkowego, kt\u00f3ry na tegorocznych Do\u017cynkach Wojew\u00f3dztwa Mazowieckiego w Kozienicach zdoby\u0142 I miejsce, jak r\u00f3wnie\u017c starostowie do\u017cynkowi Powiatu W\u0119growskiego Katarzyna i Waldemar Cyran z P\u0142atkownicy, a tak\u017ce zesp\u00f3\u0142 \u015bpiewaczy \u201e Sadowianki\u201d. Wicestarosta- Ewa Besztak oraz Przewodnicz\u0105ca Rady Powiatu- Anna Brodacka Bartoszuk, z\u0142o\u017cy\u0142y szczeg\u00f3lne podzi\u0119kowania autorkom zwyci\u0119skiego wie\u0144ca, paniom Mariannie Szymanik i Joannie Chojnowskiej oraz organizatorom wyjazdu na czele z pani\u0105 Bo\u017cen\u0105 Gierej- Naczelnik Wydzia\u0142u \u015arodowiska, Rolnictwa i Budownictwa tutejszego starostwa.<\/p>\n<div id=\"attachment_8365\" style=\"width: 541px\" class=\"wp-caption aligncenter\"><img loading=\"lazy\" decoding=\"async\" aria-describedby=\"caption-attachment-8365\" class=\"wp-image-8365 size-full\" src=\"http:\/\/www.info.sadowne.pl\/wp-content\/uploads\/2015\/04\/sad116.jpg\" alt=\"sad116\" width=\"531\" height=\"399\" srcset=\"http:\/\/info.sadowne.pl\/wp-content\/uploads\/2015\/04\/sad116.jpg 531w, http:\/\/info.sadowne.pl\/wp-content\/uploads\/2015\/04\/sad116-300x225.jpg 300w\" sizes=\"auto, (max-width: 531px) 100vw, 531px\" \/><p id=\"caption-attachment-8365\" class=\"wp-caption-text\">SADOWIANKI na Sesji Rady Powiatu w W\u0119growie<\/p><\/div>\n<div id=\"attachment_8366\" style=\"width: 552px\" class=\"wp-caption aligncenter\"><img loading=\"lazy\" decoding=\"async\" aria-describedby=\"caption-attachment-8366\" class=\"wp-image-8366 size-full\" src=\"http:\/\/www.info.sadowne.pl\/wp-content\/uploads\/2015\/04\/sad117.jpg\" alt=\"sad117\" width=\"542\" height=\"408\" srcset=\"http:\/\/info.sadowne.pl\/wp-content\/uploads\/2015\/04\/sad117.jpg 542w, http:\/\/info.sadowne.pl\/wp-content\/uploads\/2015\/04\/sad117-300x226.jpg 300w\" sizes=\"auto, (max-width: 542px) 100vw, 542px\" \/><p id=\"caption-attachment-8366\" class=\"wp-caption-text\">P. Katarzyna i Waldemar Cyranowie \u2013 Starostowie Do\u017cynkowi pow. w\u0119growskiego na Do\u017cynkach w Kozienicach 2012 r.<\/p><\/div>\n<p style=\"text-align: justify;\"><img loading=\"lazy\" decoding=\"async\" class=\"aligncenter size-full wp-image-8367\" src=\"http:\/\/www.info.sadowne.pl\/wp-content\/uploads\/2015\/04\/sad118.jpg\" alt=\"sad118\" width=\"585\" height=\"440\" srcset=\"http:\/\/info.sadowne.pl\/wp-content\/uploads\/2015\/04\/sad118.jpg 585w, http:\/\/info.sadowne.pl\/wp-content\/uploads\/2015\/04\/sad118-300x226.jpg 300w\" sizes=\"auto, (max-width: 585px) 100vw, 585px\" \/>Uwie\u0144czeniem uroczystej cz\u0119\u015bci Sesji by\u0142o dzielenie si\u0119 chlebem do\u017cynkowym przywiezionym przez pa\u0144stwa Cyran\u00f3w oraz wyst\u0119p zespo\u0142u \u201eSadowianki\u201d.<\/p>\n<p style=\"text-align: justify;\"><strong>W\u0118GR\u00d3W\u2013<\/strong> <strong>MAZOWIECKIE \u015aWI\u0118TO CHLEBA<\/strong>\u00a0<strong>16 wrze\u015bnia 2012 r.<\/strong><\/p>\n<p style=\"text-align: justify;\">Po mszy delegacje z wie\u0144cami uda\u0142y si\u0119 na w\u0119growski rynek, gdzie rozpocz\u0119\u0142a si\u0119 cz\u0119\u015b\u0107 artystyczna. Widzowie mogli podziwia\u0107 tak r\u00f3\u017cne w charakterze wyst\u0119py jak koncert Miejsko \u2013 Powiatowej Orkiestry D\u0119tej, zespo\u0142\u00f3w: \u201eW\u0118GROWIANIE\u201d,<strong> \u201eSADOWIANKI\u201d, <\/strong>\u201eKAPELA Z WESELA\u201d, \u201eKorytnickie Promyczki\u201d, pokazy taneczne W\u0119growskiej Akademii Ta\u0144ca Teatralnego \u201eART DANCE\u201d, \u201eKONTRAST\u201d i \u201eAVOCADO MOVE CENTER\u201d, a tak\u017ce pr\u00f3bka mo\u017cliwo\u015bci kabaretowych w wykonaniu grupy z Klubu Seniora \u201eMi\u0142a Przysta\u0144\u201d.<\/p>\n<div id=\"attachment_8368\" style=\"width: 602px\" class=\"wp-caption aligncenter\"><img loading=\"lazy\" decoding=\"async\" aria-describedby=\"caption-attachment-8368\" class=\"wp-image-8368 size-full\" src=\"http:\/\/www.info.sadowne.pl\/wp-content\/uploads\/2015\/04\/sad119.jpg\" alt=\"sad119\" width=\"592\" height=\"396\" srcset=\"http:\/\/info.sadowne.pl\/wp-content\/uploads\/2015\/04\/sad119.jpg 592w, http:\/\/info.sadowne.pl\/wp-content\/uploads\/2015\/04\/sad119-300x201.jpg 300w\" sizes=\"auto, (max-width: 592px) 100vw, 592px\" \/><p id=\"caption-attachment-8368\" class=\"wp-caption-text\">Wsp\u00f3lne zdj\u0119cie na Rynku Mariackim w W\u0119growie<\/p><\/div>\n<p style=\"text-align: justify;\">Mi\u0142ym akcentem zako\u0144czy\u0142 si\u0119 wyst\u0119p SADOWIANEK, poniewa\u017c przedstawicielki zespo\u0142u przekaza\u0142y p. Bo\u017cenie Gierej \u2013 Naczelnik Wydzia\u0142u \u015arodowiska, Rolnictwa i Budownictwa Starostwa Powiatowego w W\u0119growie puchar, kt\u00f3ry otrzyma\u0142y jako autorki wie\u0144ca reprezentuj\u0105cego powiat w\u0119growski podczas Do\u017cynek Wojew\u00f3dzkich w Kozienicach, gdzie zdoby\u0142 on (wy\u017cej wspomniane) \u00a0I miejsce w konkursie na najpi\u0119kniejszy wieniec do\u017cynkowy.<\/p>\n<div id=\"attachment_8369\" style=\"width: 364px\" class=\"wp-caption aligncenter\"><img loading=\"lazy\" decoding=\"async\" aria-describedby=\"caption-attachment-8369\" class=\"wp-image-8369 size-full\" src=\"http:\/\/www.info.sadowne.pl\/wp-content\/uploads\/2015\/04\/sad120.jpg\" alt=\"sad120\" width=\"354\" height=\"267\" srcset=\"http:\/\/info.sadowne.pl\/wp-content\/uploads\/2015\/04\/sad120.jpg 354w, http:\/\/info.sadowne.pl\/wp-content\/uploads\/2015\/04\/sad120-300x226.jpg 300w\" sizes=\"auto, (max-width: 354px) 100vw, 354px\" \/><p id=\"caption-attachment-8369\" class=\"wp-caption-text\">Przekazanie pucharu<\/p><\/div>\n<div id=\"attachment_8370\" style=\"width: 608px\" class=\"wp-caption aligncenter\"><img loading=\"lazy\" decoding=\"async\" aria-describedby=\"caption-attachment-8370\" class=\"wp-image-8370 size-full\" src=\"http:\/\/www.info.sadowne.pl\/wp-content\/uploads\/2015\/04\/sad121.jpg\" alt=\"sad121\" width=\"598\" height=\"399\" srcset=\"http:\/\/info.sadowne.pl\/wp-content\/uploads\/2015\/04\/sad121.jpg 598w, http:\/\/info.sadowne.pl\/wp-content\/uploads\/2015\/04\/sad121-300x200.jpg 300w\" sizes=\"auto, (max-width: 598px) 100vw, 598px\" \/><p id=\"caption-attachment-8370\" class=\"wp-caption-text\">W\u0119gr\u00f3w \u2013 Rynek Mariacki (przed namiotem Mazowieckiego O\u015brodka Doradztwa Rolniczego)<\/p><\/div>\n<p style=\"text-align: justify;\"><strong>\u0179r\u00f3d\u0142o:<\/strong>\u00a0SADOWIANKI, Barbara Wr\u00f3bel, Sadowne 2014 (kronika dost\u0119pna w zbiorach GOK Sadowne)<\/p>\n","protected":false},"excerpt":{"rendered":"<p>SADOWNE &#8211;\u00a0NIEDZIELA PALMOWA<\/p>\n","protected":false},"author":1,"featured_media":0,"comment_status":"open","ping_status":"open","sticky":false,"template":"","format":"standard","meta":{"footnotes":""},"categories":[5,31,1202],"tags":[101,960],"class_list":["post-8352","post","type-post","status-publish","format-standard","hentry","category-newsy","category-historia-gminy","category-zespol-spiewaczy-sadowianki","tag-historia-gminy-sadowne","tag-zespol-spiewaczy-sadowianki"],"views":5338,"_links":{"self":[{"href":"http:\/\/info.sadowne.pl\/index.php?rest_route=\/wp\/v2\/posts\/8352","targetHints":{"allow":["GET"]}}],"collection":[{"href":"http:\/\/info.sadowne.pl\/index.php?rest_route=\/wp\/v2\/posts"}],"about":[{"href":"http:\/\/info.sadowne.pl\/index.php?rest_route=\/wp\/v2\/types\/post"}],"author":[{"embeddable":true,"href":"http:\/\/info.sadowne.pl\/index.php?rest_route=\/wp\/v2\/users\/1"}],"replies":[{"embeddable":true,"href":"http:\/\/info.sadowne.pl\/index.php?rest_route=%2Fwp%2Fv2%2Fcomments&post=8352"}],"version-history":[{"count":2,"href":"http:\/\/info.sadowne.pl\/index.php?rest_route=\/wp\/v2\/posts\/8352\/revisions"}],"predecessor-version":[{"id":8371,"href":"http:\/\/info.sadowne.pl\/index.php?rest_route=\/wp\/v2\/posts\/8352\/revisions\/8371"}],"wp:attachment":[{"href":"http:\/\/info.sadowne.pl\/index.php?rest_route=%2Fwp%2Fv2%2Fmedia&parent=8352"}],"wp:term":[{"taxonomy":"category","embeddable":true,"href":"http:\/\/info.sadowne.pl\/index.php?rest_route=%2Fwp%2Fv2%2Fcategories&post=8352"},{"taxonomy":"post_tag","embeddable":true,"href":"http:\/\/info.sadowne.pl\/index.php?rest_route=%2Fwp%2Fv2%2Ftags&post=8352"}],"curies":[{"name":"wp","href":"https:\/\/api.w.org\/{rel}","templated":true}]}}