{"id":8543,"date":"2015-04-28T21:31:27","date_gmt":"2015-04-28T19:31:27","guid":{"rendered":"http:\/\/www.infosadowne.boo.pl\/?p=8543"},"modified":"2020-04-24T18:03:41","modified_gmt":"2020-04-24T16:03:41","slug":"folklorem-malowane","status":"publish","type":"post","link":"http:\/\/info.sadowne.pl\/?p=8543","title":{"rendered":"Folklorem malowane"},"content":{"rendered":"<p style=\"text-align: justify;\"><strong><img loading=\"lazy\" decoding=\"async\" class=\"alignleft size-thumbnail wp-image-8544\" src=\"http:\/\/www.info.sadowne.pl\/wp-content\/uploads\/2015\/04\/2015.04.28.2-180x130.jpg\" alt=\"2015.04.28.2\" width=\"180\" height=\"130\" \/>Dzie\u0144 28 kwietnia zarezerwowany zosta\u0142 na podsumowanie dw\u00f3ch projekt\u00f3w, kt\u00f3re s\u0105 jak\u017ce bliskie sobie.<\/strong><!--more--><\/p>\n<p style=\"text-align: justify;\">We wtorkowe popo\u0142udnie, 28 kwietnia w Gminnym O\u015brodku Kultury w Sadownem zaprezentowano efekty dw\u00f3ch projekt\u00f3w, kt\u00f3re realizowane by\u0142y pod egid\u0105 LGD \u201eR\u00f3wniny Wo\u0142omi\u0144skiej\u201d.<\/p>\n<p style=\"text-align: justify;\">&#8211; Po ci\u0119\u017ckiej pracy, wielu trudno\u015bciach \u2013 sukces. \u201eSadowianki\u201d wyda\u0142y swoj\u0105 p\u0142yt\u0119 \u2013 po powitaniu prezentowa\u0142a sadowie\u0144ski projekt p. Ewa Pi\u00f3rkowska. Faktycznie, mogli\u015bmy obejrze\u0107, dotkn\u0105\u0107, a nawet kupi\u0107 pierwsz\u0105 p\u0142yt\u0119, kt\u00f3ra zawiera wybrane utwory ludowe w wykonaniu Zespo\u0142u \u015apiewaczego SADOWIANKI. Elementem tego projektu by\u0142o r\u00f3wnie\u017c wykonanie koszul zawieraj\u0105cych haft ludowy i stanowi\u0105cych element stroju scenicznego cz\u0142onk\u00f3w Zespo\u0142u.<\/p>\n<p style=\"text-align: justify;\">Prezentacji swojego Zespo\u0142u dokona\u0142a p. Krystyna Wetoszka, kierownik Zespo\u0142u, kt\u00f3ra w kilku s\u0142owach przedstawi\u0142a r\u00f3wnie\u017c histori\u0119 SADOWIANEK. A potem\u2026 potem oczywi\u015bcie musia\u0142 by\u0107 koncert, pierwszy koncert promuj\u0105cy p\u0142yt\u0119, wys\u0142uchany\u00a0 przez przyby\u0142ych go\u015bci z wielkim zainteresowaniem i aplauzem.<\/p>\n<p style=\"text-align: justify;\">O Zespole SADOWIANKI mo\u017cemy poczyta\u0107 w cyklu artyku\u0142\u00f3w publikowanych na <span style=\"color: #0000ff;\"><strong><a style=\"color: #0000ff;\" href=\"http:\/\/www.info.sadowne.pl\/?cat=31\" target=\"_blank\" rel=\"noopener noreferrer\">naszym Portalu<\/a><\/strong><\/span>. Zach\u0119camy.<\/p>\n<p style=\"text-align: justify;\">Druga cz\u0119\u015b\u0107 folklorystycznego spotkania to prezentacja kilku mieszkanek naszej Gminy, kt\u00f3rych sylwetki przedstawili realizatorzy Projektu \u201eKurpioskie! Fajoskie!\u201d. Przypomnijmy: \u00a0Projekt Atelier Szeski z Wyszkowa ukazuje 27 Pa\u0144 reprezentuj\u0105cych r\u00f3\u017cne dziedziny tw\u00f3rczo\u015bci artystycznej. Uj\u0119to w nim r\u00f3wnie\u017c mieszkanki gminy Sadowne. S\u0105 to Panie: Barbara Stanis\u0142awczyk, Katarzyna M\u0142ynarczyk, Dorota Wiska, Agnieszka Narowska i Marta Kar\u0142owicz (pisali\u015bmy o nich w artyku\u0142ach:\u00a0<span style=\"color: #0000ff;\"><strong><a style=\"color: #0000ff;\" href=\"http:\/\/www.info.sadowne.pl\/?p=8314\" target=\"_blank\" rel=\"noopener noreferrer\">\u201eRealizuj\u0105 marzenia!\u201d\u00a0<\/a><\/strong><\/span>i\u00a0<strong><span style=\"color: #0000ff;\"><a style=\"color: #0000ff;\" href=\"http:\/\/www.info.sadowne.pl\/?p=8336\" target=\"_blank\" rel=\"noopener noreferrer\">\u201eMam mn\u00f3stwo pomys\u0142\u00f3w\u2026\u201d<\/a><\/span>)<\/strong>. O samym Projekcie r\u00f3wnie\u017c na stronie <span style=\"color: #0000ff;\"><strong><a style=\"color: #0000ff;\" href=\"http:\/\/kurpioskie.designedbymi.pl\/\" target=\"_blank\" rel=\"noopener noreferrer\">\u201eKurpioskie! Fajoskie!\u201d<\/a><\/strong><\/span>.<\/p>\n<p style=\"text-align: justify;\">Od 16 kwietnia w Gminnym O\u015brodku Kultury w Sadownem mieli\u015bmy okazj\u0119 ogl\u0105da\u0107 wystaw\u0119, kt\u00f3ra na fotografiach ukazywa\u0142a sylwetki bohaterek Projektu. Dzisiaj natomiast, na \u017cywo, nasze mieszkanki same prezentowa\u0142y swoje prace i opowiada\u0142y o realizacji marze\u0144 i planach na przysz\u0142o\u015b\u0107.<\/p>\n<p style=\"text-align: justify;\">O Projekcie opowiedzieli jego pomys\u0142odawcy i realizatorzy pp. Ewa Przybysz i Pawe\u0142 Miszewski, kt\u00f3rzy przybyli do Sadownego na podsumowanie Wystawy i Projektu.<\/p>\n<p style=\"text-align: justify;\">Fina\u0142 imprezy \u2013 pytania, tw\u00f3rcza dyskusja, nowe plany, a tak\u017ce kawa, herbata i co\u015b s\u0142odkiego\u2026<\/p>\n<p style=\"text-align: justify;\">Dodamy tylko, \u017ce p\u0142yta Zespo\u0142u \u015apiewaczego SADOWIANKI jest w sprzeda\u017cy w Gminnym O\u015brodku Kultury w Sadownem. Cena? Tylko 15 z\u0142. Warto \u2013 zach\u0119camy do zakup\u00f3w.<\/p>\n<p><a href=\"https:\/\/photos.app.goo.gl\/vomM86NRJNEknbzk7\" target=\"_blank\" rel=\"noopener noreferrer\"><strong>Zdj\u0119cia w galerii Google&gt;&gt;&gt;<\/strong><\/a><\/p>\n<p style=\"text-align: justify;\"><strong>Zobaczmy na filmie fragmenty wyst\u0119pu promuj\u0105cego <span style=\"color: #0000ff;\"><a style=\"color: #0000ff;\" href=\"http:\/\/youtu.be\/0GIWq4Rr4jI\" target=\"_blank\" rel=\"noopener noreferrer\">p\u0142yt\u0119 &gt;&gt;&gt;<\/a><\/span><\/strong><\/p>\n<p style=\"text-align: justify;\"><strong>Tekst\/ foto:<\/strong> S\u0142awek Chyli\u0144ski<\/p>\n<p>&nbsp;<\/p>\n","protected":false},"excerpt":{"rendered":"<p>Dzie\u0144 28 kwietnia zarezerwowany zosta\u0142 na podsumowanie dw\u00f3ch projekt\u00f3w, kt\u00f3re s\u0105 jak\u017ce bliskie sobie.<\/p>\n","protected":false},"author":1,"featured_media":0,"comment_status":"open","ping_status":"open","sticky":false,"template":"","format":"standard","meta":{"footnotes":""},"categories":[5,91,6],"tags":[169,1276,960],"class_list":["post-8543","post","type-post","status-publish","format-standard","hentry","category-newsy","category-gminny-osrodek-kultury","category-kultura-rozrywka-edukacja","tag-gminny-osrodek-kultury-w-sadownem","tag-projekt-kurpioskie-fajoskie","tag-zespol-spiewaczy-sadowianki"],"views":3193,"_links":{"self":[{"href":"http:\/\/info.sadowne.pl\/index.php?rest_route=\/wp\/v2\/posts\/8543","targetHints":{"allow":["GET"]}}],"collection":[{"href":"http:\/\/info.sadowne.pl\/index.php?rest_route=\/wp\/v2\/posts"}],"about":[{"href":"http:\/\/info.sadowne.pl\/index.php?rest_route=\/wp\/v2\/types\/post"}],"author":[{"embeddable":true,"href":"http:\/\/info.sadowne.pl\/index.php?rest_route=\/wp\/v2\/users\/1"}],"replies":[{"embeddable":true,"href":"http:\/\/info.sadowne.pl\/index.php?rest_route=%2Fwp%2Fv2%2Fcomments&post=8543"}],"version-history":[{"count":4,"href":"http:\/\/info.sadowne.pl\/index.php?rest_route=\/wp\/v2\/posts\/8543\/revisions"}],"predecessor-version":[{"id":23281,"href":"http:\/\/info.sadowne.pl\/index.php?rest_route=\/wp\/v2\/posts\/8543\/revisions\/23281"}],"wp:attachment":[{"href":"http:\/\/info.sadowne.pl\/index.php?rest_route=%2Fwp%2Fv2%2Fmedia&parent=8543"}],"wp:term":[{"taxonomy":"category","embeddable":true,"href":"http:\/\/info.sadowne.pl\/index.php?rest_route=%2Fwp%2Fv2%2Fcategories&post=8543"},{"taxonomy":"post_tag","embeddable":true,"href":"http:\/\/info.sadowne.pl\/index.php?rest_route=%2Fwp%2Fv2%2Ftags&post=8543"}],"curies":[{"name":"wp","href":"https:\/\/api.w.org\/{rel}","templated":true}]}}