{"id":8585,"date":"2015-05-04T13:50:32","date_gmt":"2015-05-04T11:50:32","guid":{"rendered":"http:\/\/www.infosadowne.boo.pl\/?p=8585"},"modified":"2015-05-04T13:50:32","modified_gmt":"2015-05-04T11:50:32","slug":"5-minut-o-swiecie-3-maja","status":"publish","type":"post","link":"http:\/\/info.sadowne.pl\/?p=8585","title":{"rendered":"5 minut o&#8230; \u015awi\u0119cie 3 Maja"},"content":{"rendered":"<p style=\"text-align: justify;\"><strong><em><img loading=\"lazy\" decoding=\"async\" class=\"alignleft size-thumbnail wp-image-7835\" src=\"http:\/\/www.info.sadowne.pl\/wp-content\/uploads\/2015\/02\/wojtcyran-180x130.jpg\" alt=\"wojtcyran\" width=\"180\" height=\"130\" srcset=\"http:\/\/info.sadowne.pl\/wp-content\/uploads\/2015\/02\/wojtcyran-180x130.jpg 180w, http:\/\/info.sadowne.pl\/wp-content\/uploads\/2015\/02\/wojtcyran-300x215.jpg 300w, http:\/\/info.sadowne.pl\/wp-content\/uploads\/2015\/02\/wojtcyran.jpg 784w\" sizes=\"auto, (max-width: 180px) 100vw, 180px\" \/>Drodzy Mieszka\u0144cy!<\/em><\/strong><!--more--><\/p>\n<p style=\"text-align: justify;\"><em>W niedziel\u0119 w gminie Sadowne wsp\u00f3lnie obchodzili\u015bmy 224. rocznic\u0119 uchwalenia Konstytucji 3 Maja oraz Dzie\u0144 Stra\u017caka. Pierwszy weekend maja to nie tylko odpoczynek od codziennych zaj\u0119\u0107, ale tak\u017ce pami\u0119\u0107 o dokonaniach naszych przodk\u00f3w. <\/em><\/p>\n<p style=\"text-align: justify;\"><em>W dniu wczorajszym nasze Sadowne nie tylko wypi\u0119knia\u0142o, ale r\u00f3wnie\u017c udowodni\u0142o, \u017ce mi\u0142o\u015b\u0107 do Ojczyzny, Wiary i Tradycji jest wci\u0105\u017c \u017cywa i nale\u017cy j\u0105 piel\u0119gnowa\u0107 przy ka\u017cdej okazji. Ten \u015bwi\u0105teczny wystr\u00f3j Sadownego b\u0119dzie nam towarzyszy\u0142 przez ca\u0142y maj, na czas wybor\u00f3w najwy\u017cszych w\u0142adz pa\u0144stwowych oraz uroczystych obchod\u00f3w 25-lecia Samorz\u0105du.<\/em><\/p>\n<p style=\"text-align: justify;\"><em>Jeszcze raz chcia\u0142em serdecznie podzi\u0119kowa\u0107 za Wasz\u0105 obecno\u015b\u0107 na uroczystej mszy \u015bwi\u0119tej oraz w dalszej cz\u0119\u015bci obchod\u00f3w \u2013 jak\u017ce wa\u017cnego dla nas Polak\u00f3w \u2013 \u015bwi\u0119ta. <\/em><\/p>\n<p style=\"text-align: justify;\"><em>Dzi\u0119kuje r\u00f3wnie\u017c w imieniu Gminnego Zwi\u0105zku Ochotniczych Stra\u017cy Po\u017carnych RP za obecno\u015b\u0107 na uroczysto\u015bciach z okazji Dnia Stra\u017caka. Wierz\u0119, \u017ce wsp\u00f3lne \u015bwi\u0119towanie wa\u017cnych wydarze\u0144, zar\u00f3wno pa\u0144stwowych, jak i lokalnych, wpisze si\u0119 na sta\u0142e w tradycj\u0119 Naszej Gminy.<\/em><\/p>\n<p style=\"text-align: justify;\"><strong><em>\u00a0 \u00a0 \u00a0 \u00a0 \u00a0 Z wyrazami szacunku<\/em><\/strong><\/p>\n<p style=\"text-align: justify;\"><strong><em>\u00a0 \u00a0 \u00a0 \u00a0 \u00a0 W\u00f3jt gminy Sadowne<\/em><\/strong><\/p>\n<p style=\"text-align: justify;\"><strong><em>\u00a0 \u00a0 \u00a0 \u00a0 \u00a0 Waldemar Cyran<\/em><\/strong><\/p>\n","protected":false},"excerpt":{"rendered":"<p>Drodzy Mieszka\u0144cy!<\/p>\n","protected":false},"author":1,"featured_media":0,"comment_status":"open","ping_status":"open","sticky":false,"template":"","format":"standard","meta":{"footnotes":""},"categories":[1204,5,41],"tags":[1205,237,1033],"class_list":["post-8585","post","type-post","status-publish","format-standard","hentry","category-5-minut-o","category-newsy","category-wiesci-gminne","tag-5-minut-o","tag-podziekowanie","tag-waldemar-cyran"],"views":3126,"_links":{"self":[{"href":"http:\/\/info.sadowne.pl\/index.php?rest_route=\/wp\/v2\/posts\/8585","targetHints":{"allow":["GET"]}}],"collection":[{"href":"http:\/\/info.sadowne.pl\/index.php?rest_route=\/wp\/v2\/posts"}],"about":[{"href":"http:\/\/info.sadowne.pl\/index.php?rest_route=\/wp\/v2\/types\/post"}],"author":[{"embeddable":true,"href":"http:\/\/info.sadowne.pl\/index.php?rest_route=\/wp\/v2\/users\/1"}],"replies":[{"embeddable":true,"href":"http:\/\/info.sadowne.pl\/index.php?rest_route=%2Fwp%2Fv2%2Fcomments&post=8585"}],"version-history":[{"count":2,"href":"http:\/\/info.sadowne.pl\/index.php?rest_route=\/wp\/v2\/posts\/8585\/revisions"}],"predecessor-version":[{"id":8587,"href":"http:\/\/info.sadowne.pl\/index.php?rest_route=\/wp\/v2\/posts\/8585\/revisions\/8587"}],"wp:attachment":[{"href":"http:\/\/info.sadowne.pl\/index.php?rest_route=%2Fwp%2Fv2%2Fmedia&parent=8585"}],"wp:term":[{"taxonomy":"category","embeddable":true,"href":"http:\/\/info.sadowne.pl\/index.php?rest_route=%2Fwp%2Fv2%2Fcategories&post=8585"},{"taxonomy":"post_tag","embeddable":true,"href":"http:\/\/info.sadowne.pl\/index.php?rest_route=%2Fwp%2Fv2%2Ftags&post=8585"}],"curies":[{"name":"wp","href":"https:\/\/api.w.org\/{rel}","templated":true}]}}