{"id":8594,"date":"2015-05-06T08:09:40","date_gmt":"2015-05-06T06:09:40","guid":{"rendered":"http:\/\/www.infosadowne.boo.pl\/?p=8594"},"modified":"2015-05-06T08:09:40","modified_gmt":"2015-05-06T06:09:40","slug":"sadowianki-dozynki-2014","status":"publish","type":"post","link":"http:\/\/info.sadowne.pl\/?p=8594","title":{"rendered":"SADOWIANKI &#8211; Do\u017cynki 2014"},"content":{"rendered":"<p style=\"text-align: justify;\"><strong><img loading=\"lazy\" decoding=\"async\" class=\"alignleft size-thumbnail wp-image-8507\" src=\"http:\/\/www.info.sadowne.pl\/wp-content\/uploads\/2015\/04\/sad139-180x130.jpg\" alt=\"sad139\" width=\"180\" height=\"130\" \/>SADOWNE<\/strong><!--more--><\/p>\n<p style=\"text-align: justify;\">Nast\u0119pnego dnia, tj. 7 wrze\u015bnia 2014 roku w Sadownem odby\u0142o si\u0119 \u015bwi\u0119to parafialne, b\u0119d\u0105ce dzi\u0119kczynieniem sk\u0142adanym Bogu za szcz\u0119\u015bliwie zako\u0144czone \u017cniwa i zebrane plony.<\/p>\n<p style=\"text-align: justify;\">Obecnie &#8211; tak jak w przesz\u0142o\u015bci &#8211; formuj\u0105 si\u0119 barwne pochody do\u017cynkowe z wie\u0144cami, kt\u00f3re rolnicy sk\u0142adaj\u0105 w ko\u015bcio\u0142ach, przy o\u0142tarzu wraz z innymi p\u0142odami ziemi.<\/p>\n<p style=\"text-align: justify;\">\u00a0<img loading=\"lazy\" decoding=\"async\" class=\"aligncenter size-full wp-image-8595\" src=\"http:\/\/www.info.sadowne.pl\/wp-content\/uploads\/2015\/05\/sad140.jpg\" alt=\"sad140\" width=\"539\" height=\"405\" srcset=\"http:\/\/info.sadowne.pl\/wp-content\/uploads\/2015\/05\/sad140.jpg 539w, http:\/\/info.sadowne.pl\/wp-content\/uploads\/2015\/05\/sad140-300x225.jpg 300w\" sizes=\"auto, (max-width: 539px) 100vw, 539px\" \/><\/p>\n<p style=\"text-align: justify;\">Delegacja zespo\u0142u SADOWIANKI w sk\u0142adzie Bogusia i Zbyszek Danajowie, Tereska Piwek, Ala Bahniuk, Marysia Szymanik, Jadzia Borowa, Hania D\u0119bkowska i Henia Kibart wesz\u0142a do ko\u015bcio\u0142a w swoich pi\u0119knych\u00a0 ludowych strojach z wie\u0144cem do\u017cynkowym i chlebem przywiezionym z do\u017cynek diecezjalnych w Miedznie. Grupa \u015bpiewa\u0142a pie\u015b\u0144 ,,Pob\u0142ogos\u0142aw Jezu drogi\u201d.<\/p>\n<p style=\"text-align: justify;\">Przy o\u0142tarzu czeka\u0142 ksi\u0105dz z powitaniem delegacji, uca\u0142owa\u0142 przyniesiony chleb, po\u0142o\u017cy\u0142 go na o\u0142tarzu i pob\u0142ogos\u0142awi\u0142 przyby\u0142ych.<\/p>\n<p style=\"text-align: justify;\">Podczas mszy \u015bw. ksi\u0105dz proboszcz poinformowa\u0142 parafian, i\u017c delegacja SADOWIANEK poprzedniego dnia reprezentowa\u0142a nasz\u0105 gmin\u0119 na do\u017cynkach diecezjalnych w Miedznie, gdzie msz\u0119 celebrowa\u0142 bp Tadeusz Pikus. W dalszej cz\u0119\u015bci podzi\u0119kowa\u0142 za uczestnictwo zar\u00f3wno w Miedznie, jak i w Sadownem, dodaj\u0105c, ze bardzo cieszy go zaanga\u017cowanie zespo\u0142u w \u015bwi\u0119ta ko\u015bcielne i podtrzymywanie tych pi\u0119knych tradycji. Przypomn\u0119, \u017ce podczas procesji Bo\u017cego Cia\u0142a latem 2014 sk\u0142ad jednej chor\u0105gwi tworzy\u0142y r\u00f3wnie\u017c SADOWIANKI.<\/p>\n<p style=\"text-align: justify;\"><img loading=\"lazy\" decoding=\"async\" class=\"aligncenter size-full wp-image-8596\" src=\"http:\/\/www.info.sadowne.pl\/wp-content\/uploads\/2015\/05\/sad141.jpg\" alt=\"sad141\" width=\"432\" height=\"325\" srcset=\"http:\/\/info.sadowne.pl\/wp-content\/uploads\/2015\/05\/sad141.jpg 432w, http:\/\/info.sadowne.pl\/wp-content\/uploads\/2015\/05\/sad141-300x226.jpg 300w\" sizes=\"auto, (max-width: 432px) 100vw, 432px\" \/>Po mszy odby\u0142a si\u0119 procesja wok\u00f3\u0142 ko\u015bcio\u0142a, w kt\u00f3rej uczestniczy\u0142y wszystkie chor\u0105gwie, obrazy, figurka Matki Bo\u017cej Fatimskiej, nasz wieniec i chleb niesiony przez SADOWIANKI.<\/p>\n<div id=\"attachment_8597\" style=\"width: 475px\" class=\"wp-caption aligncenter\"><img loading=\"lazy\" decoding=\"async\" aria-describedby=\"caption-attachment-8597\" class=\"wp-image-8597 size-full\" src=\"http:\/\/www.info.sadowne.pl\/wp-content\/uploads\/2015\/05\/sad142.jpg\" alt=\"sad142\" width=\"465\" height=\"349\" srcset=\"http:\/\/info.sadowne.pl\/wp-content\/uploads\/2015\/05\/sad142.jpg 465w, http:\/\/info.sadowne.pl\/wp-content\/uploads\/2015\/05\/sad142-300x225.jpg 300w\" sizes=\"auto, (max-width: 465px) 100vw, 465px\" \/><p id=\"caption-attachment-8597\" class=\"wp-caption-text\">Wyj\u015bcie z ko\u015bcio\u0142a \u2013 procesja<\/p><\/div>\n<div id=\"attachment_8598\" style=\"width: 418px\" class=\"wp-caption aligncenter\"><img loading=\"lazy\" decoding=\"async\" aria-describedby=\"caption-attachment-8598\" class=\"wp-image-8598 size-full\" src=\"http:\/\/www.info.sadowne.pl\/wp-content\/uploads\/2015\/05\/sad143.jpg\" alt=\"sad143\" width=\"408\" height=\"307\" srcset=\"http:\/\/info.sadowne.pl\/wp-content\/uploads\/2015\/05\/sad143.jpg 408w, http:\/\/info.sadowne.pl\/wp-content\/uploads\/2015\/05\/sad143-300x226.jpg 300w\" sizes=\"auto, (max-width: 408px) 100vw, 408px\" \/><p id=\"caption-attachment-8598\" class=\"wp-caption-text\">Kole\u017canki dziel\u0105 si\u0119 po\u015bwi\u0119conym chlebem z pozosta\u0142ymi cz\u0142onkami zespo\u0142u<\/p><\/div>\n<p style=\"text-align: justify;\"><strong>W\u0118GR\u00d3W<\/strong><\/p>\n<p style=\"text-align: justify;\">14 wrze\u015bnia 2014 roku, to kolejne uroczyste obchody Mazowieckiego \u015awi\u0119ta Chleba, kt\u00f3re rozpocz\u0119\u0142a Msza \u015awi\u0119ta odprawiona w Bazylice Mniejszej pw. Wniebowzi\u0119cia NMP w W\u0119growie.<\/p>\n<div id=\"attachment_8600\" style=\"width: 483px\" class=\"wp-caption aligncenter\"><img loading=\"lazy\" decoding=\"async\" aria-describedby=\"caption-attachment-8600\" class=\"wp-image-8600 size-full\" src=\"http:\/\/www.info.sadowne.pl\/wp-content\/uploads\/2015\/05\/sad144.jpg\" alt=\"sad144\" width=\"473\" height=\"356\" srcset=\"http:\/\/info.sadowne.pl\/wp-content\/uploads\/2015\/05\/sad144.jpg 473w, http:\/\/info.sadowne.pl\/wp-content\/uploads\/2015\/05\/sad144-300x226.jpg 300w\" sizes=\"auto, (max-width: 473px) 100vw, 473px\" \/><p id=\"caption-attachment-8600\" class=\"wp-caption-text\">SADOWIANKI z wie\u0144cem na Rynku Mariackim w W\u0119growie<\/p><\/div>\n<p style=\"text-align: justify;\">\n<p style=\"text-align: justify;\">\n<p style=\"text-align: justify;\">Po Eucharystii rozpocz\u0119\u0142a si\u0119 impreza na Rynku Mariackim, podczas kt\u00f3rej zaprezentowa\u0142y si\u0119 zespo\u0142y: Zesp\u00f3\u0142 Ludowy \u201eW\u0119growianie\u201d, Zesp\u00f3\u0142 Pie\u015bni i Ta\u0144ca \u201eKorytnickie Promyczki\u201d, Zesp\u00f3\u0142 \u015apiewaczy \u201eSadowianki\u201d, Kapela Ludowa \u201eSterdyniacy\u201d, Zesp\u00f3\u0142 Mi\u0119dzypokoleniowy \u201eRazem\u201d z Ka\u0142uszyna, Klub Seniora \u201eSeniorynki-Malinki\u201d z Wyszkowa. Na zako\u0144czenie by\u0142 koncert Zespo\u0142u Muzycznego \u201eVector\u201d.<\/p>\n<p style=\"text-align: justify;\">W trakcie spotkania przyby\u0142ych go\u015bci kusi\u0142y zapachy unosz\u0105ce si\u0119 z od\u015bwi\u0119tnie przystrojonych stoisk zape\u0142nionych znakomitymi domowej roboty wypiekami, w\u0119dlinami i nalewkami. Wyb\u00f3r najlepszych chleb\u00f3w i wie\u0144c\u00f3w do\u017cynkowych by\u0142 z pewno\u015bci\u0105 niezwykle trudny, poniewa\u017c wszystkie prezentowa\u0142y si\u0119 pysznie. Mimo to, Komisja Artystyczna wy\u0142oni\u0142a zwyci\u0119zc\u00f3w w konkursach.<\/p>\n<p style=\"text-align: justify;\">W\u015br\u00f3d przyby\u0142ych go\u015bci nie zabrak\u0142o przedstawicieli w\u0142adz pa\u0144stwowych i samorz\u0105dowych. \u015awi\u0119towali z nami: Maria Koc \u2013 Senator RP, Stanis\u0142awa Prz\u0105dka \u2013 Pose\u0142 na Sejm RP, El\u017cbieta Lanc \u2013 cz\u0142onek Zarz\u0105du Wojew\u00f3dztwa Mazowieckiego, Jaros\u0142aw Grenda \u2013 Burmistrz Miasta W\u0119growa, Mieczys\u0142aw W\u00f3jcik \u2013 W\u00f3jt Gminy Stoczek.<\/p>\n<div id=\"attachment_8599\" style=\"width: 539px\" class=\"wp-caption aligncenter\"><img loading=\"lazy\" decoding=\"async\" aria-describedby=\"caption-attachment-8599\" class=\"wp-image-8599 size-full\" src=\"http:\/\/www.info.sadowne.pl\/wp-content\/uploads\/2015\/05\/sad145.jpg\" alt=\"sad145\" width=\"529\" height=\"398\" srcset=\"http:\/\/info.sadowne.pl\/wp-content\/uploads\/2015\/05\/sad145.jpg 529w, http:\/\/info.sadowne.pl\/wp-content\/uploads\/2015\/05\/sad145-300x226.jpg 300w\" sizes=\"auto, (max-width: 529px) 100vw, 529px\" \/><p id=\"caption-attachment-8599\" class=\"wp-caption-text\">SADOWIANKI z wie\u0144cem na Rynku Mariackim w W\u0119growie<\/p><\/div>\n<div id=\"attachment_8601\" style=\"width: 569px\" class=\"wp-caption aligncenter\"><img loading=\"lazy\" decoding=\"async\" aria-describedby=\"caption-attachment-8601\" class=\"wp-image-8601 size-full\" src=\"http:\/\/www.info.sadowne.pl\/wp-content\/uploads\/2015\/05\/sad146.jpg\" alt=\"sad146\" width=\"559\" height=\"420\" srcset=\"http:\/\/info.sadowne.pl\/wp-content\/uploads\/2015\/05\/sad146.jpg 559w, http:\/\/info.sadowne.pl\/wp-content\/uploads\/2015\/05\/sad146-300x225.jpg 300w\" sizes=\"auto, (max-width: 559px) 100vw, 559px\" \/><p id=\"caption-attachment-8601\" class=\"wp-caption-text\">SADOWIANKI na scenie<\/p><\/div>\n<p style=\"text-align: justify;\">\n<p style=\"text-align: justify;\">Po wyst\u0119pach pojawi\u0142a si\u0119 wzmianka na temat zespo\u0142u zamieszczona na Info Sadowne:<\/p>\n<p style=\"text-align: justify;\">,,-M\u00f3wi\u0105c o Sadownem nie mo\u017cna pomin\u0105\u0107 Zespo\u0142u \u015apiewaczego SADOWIANKI\u2026 Od pocz\u0105tku swojej dzia\u0142alno\u015bci zesp\u00f3\u0142 czynnie uczestniczy\u0142 w kultywowaniu kultury ludowej ziemi sadowe\u0144skiej, prezentuj\u0105c kilkakrotnie swoje umiej\u0119tno\u015bci w wojew\u00f3dzkich przegl\u0105dach organizowanych przez Centrum Kultury i Sztuki w Siedlcach, a tak\u017ce w W\u0119growskich Barwach Jesieni. Niejednokrotnie prezentacje te uzyskiwa\u0142y wyr\u00f3\u017cnienia i uznanie znawc\u00f3w tego rodzaju tw\u00f3rczo\u015bci artystycznej\u2026 Aktywno\u015b\u0107 Zespo\u0142u \u015apiewaczego znana jest w naszym regionie i z tego te\u017c wzgl\u0119du \u017cadne, powa\u017cniejsze uroczysto\u015bci o charakterze ludowym, r\u00f3wnie\u017c te powiatowe, nie mog\u0105 si\u0119 odby\u0107 bez jego udzia\u0142u. Dobrze jest, gdy na scenie prezentuj\u0105cej histori\u0119 i tradycj\u0119 np. powiatu w\u0119growskiego, po\u015br\u00f3d innych, uka\u017ce si\u0119 i wypromuje nasz\u0105 gmin\u0119 zesp\u00f3\u0142 ludowy SADOWIANKI. Mieli\u015bmy okazj\u0119 znale\u017a\u0107 si\u0119 w takiej sytuacji i miejscu \u2013 podczas Mazowieckiego \u015awi\u0119ta Chleba, kt\u00f3re odby\u0142o si\u0119 14 wrze\u015bnia w W\u0119growie. Po\u015br\u00f3d prezentacji Jarmarku Ludowego, wie\u0144c\u00f3w do\u017cynkowych, wiejskich chleb\u00f3w i wypiek\u00f3w gospody\u0144, zesp\u00f3\u0142 otrzyma\u0142 wyr\u00f3\u017cnienie za wieniec do\u017cynkowy, a my wszyscy mogli\u015bmy us\u0142ysze\u0107 i obejrze\u0107 w pe\u0142nej krasie naszych \u015bpiewak\u00f3w, kt\u00f3rzy profesjonalnie prezentowali piosenki ludowe, sadowie\u0144skie.\u201d<\/p>\n<p style=\"text-align: justify;\"><img loading=\"lazy\" decoding=\"async\" class=\"aligncenter size-full wp-image-8602\" src=\"http:\/\/www.info.sadowne.pl\/wp-content\/uploads\/2015\/05\/sad147.jpg\" alt=\"sad147\" width=\"562\" height=\"377\" srcset=\"http:\/\/info.sadowne.pl\/wp-content\/uploads\/2015\/05\/sad147.jpg 562w, http:\/\/info.sadowne.pl\/wp-content\/uploads\/2015\/05\/sad147-300x201.jpg 300w\" sizes=\"auto, (max-width: 562px) 100vw, 562px\" \/><\/p>\n<p style=\"text-align: justify;\"><img loading=\"lazy\" decoding=\"async\" class=\"aligncenter size-full wp-image-8603\" src=\"http:\/\/www.info.sadowne.pl\/wp-content\/uploads\/2015\/05\/sad148.jpg\" alt=\"sad148\" width=\"381\" height=\"408\" srcset=\"http:\/\/info.sadowne.pl\/wp-content\/uploads\/2015\/05\/sad148.jpg 381w, http:\/\/info.sadowne.pl\/wp-content\/uploads\/2015\/05\/sad148-280x300.jpg 280w\" sizes=\"auto, (max-width: 381px) 100vw, 381px\" \/><\/p>\n<p style=\"text-align: justify;\">Z dalszej cz\u0119\u015bci wpisu dowiadujemy si\u0119, \u017ce zesp\u00f3\u0142 jest ,,pod skrzyd\u0142ami\u201d Gminnego O\u015brodka Kultury w Sadownem i wkr\u00f3tce ma nagra\u0107 p\u0142yt\u0119. Projekt pt. ,,Nagranie i edycja p\u0142yty ludowego zespo\u0142u \u015bpiewaczego SADOWIANKI\u201d z\u0142o\u017cony zosta\u0142 w 2014 roku do Lokalnej Grupy Dzia\u0142ania R\u00f3wniny Wo\u0142omi\u0144skiej. Dalej czytamy o wk\u0142adzie pracy SADOWIANEK w organizacj\u0119 obchod\u00f3w 500-lecia Sadownego. O tym, \u017ce zesp\u00f3\u0142 utrwala zwi\u0105zek naszego regionu z tradycja ludow\u0105, utwory przypominaj\u0105 gwar\u0119 ludow\u0105, a oprawa muzyczna wprowadza s\u0142uchaczy w stan sielankowego po\u0142\u0105czenia z przyrod\u0105 i specyficznym klimatem wiejskim.<\/p>\n<p style=\"text-align: justify;\">A teraz najwspanialsza nagroda dla zespo\u0142u. Oto dalszy ci\u0105g wpisu na Info Sadowne:<\/p>\n<p style=\"text-align: justify;\"><strong>,,<\/strong><strong>Uwierzcie, mo\u017cemy tylko si\u0119 cieszy\u0107 i bez wstydu powiedzie\u0107 na obcym terenie: <em><span style=\"text-decoration: underline;\">to \u015bpiewaj\u0105 nasi, z Sadownego<\/span><\/em>\u201d.<\/strong><\/p>\n<p><strong>Dzi\u0119kujemy pi\u0119knie za s\u0142owa szacunku i uznania! Przyznam, \u017ce czasami nam tego brakuje.<\/strong><\/p>\n<p><strong>\u0179r\u00f3d\u0142o:<\/strong>\u00a0SADOWIANKI, Barbara Wr\u00f3bel, Sadowne 2014 (kronika dost\u0119pna w zbiorach GOK Sadowne)<\/p>\n","protected":false},"excerpt":{"rendered":"<p>SADOWNE<\/p>\n","protected":false},"author":1,"featured_media":0,"comment_status":"open","ping_status":"open","sticky":false,"template":"","format":"standard","meta":{"footnotes":""},"categories":[5,31,1202],"tags":[101,960],"class_list":["post-8594","post","type-post","status-publish","format-standard","hentry","category-newsy","category-historia-gminy","category-zespol-spiewaczy-sadowianki","tag-historia-gminy-sadowne","tag-zespol-spiewaczy-sadowianki"],"views":4402,"_links":{"self":[{"href":"http:\/\/info.sadowne.pl\/index.php?rest_route=\/wp\/v2\/posts\/8594","targetHints":{"allow":["GET"]}}],"collection":[{"href":"http:\/\/info.sadowne.pl\/index.php?rest_route=\/wp\/v2\/posts"}],"about":[{"href":"http:\/\/info.sadowne.pl\/index.php?rest_route=\/wp\/v2\/types\/post"}],"author":[{"embeddable":true,"href":"http:\/\/info.sadowne.pl\/index.php?rest_route=\/wp\/v2\/users\/1"}],"replies":[{"embeddable":true,"href":"http:\/\/info.sadowne.pl\/index.php?rest_route=%2Fwp%2Fv2%2Fcomments&post=8594"}],"version-history":[{"count":1,"href":"http:\/\/info.sadowne.pl\/index.php?rest_route=\/wp\/v2\/posts\/8594\/revisions"}],"predecessor-version":[{"id":8604,"href":"http:\/\/info.sadowne.pl\/index.php?rest_route=\/wp\/v2\/posts\/8594\/revisions\/8604"}],"wp:attachment":[{"href":"http:\/\/info.sadowne.pl\/index.php?rest_route=%2Fwp%2Fv2%2Fmedia&parent=8594"}],"wp:term":[{"taxonomy":"category","embeddable":true,"href":"http:\/\/info.sadowne.pl\/index.php?rest_route=%2Fwp%2Fv2%2Fcategories&post=8594"},{"taxonomy":"post_tag","embeddable":true,"href":"http:\/\/info.sadowne.pl\/index.php?rest_route=%2Fwp%2Fv2%2Ftags&post=8594"}],"curies":[{"name":"wp","href":"https:\/\/api.w.org\/{rel}","templated":true}]}}