{"id":8617,"date":"2015-05-07T23:34:33","date_gmt":"2015-05-07T21:34:33","guid":{"rendered":"http:\/\/www.infosadowne.boo.pl\/?p=8617"},"modified":"2020-04-24T17:58:06","modified_gmt":"2020-04-24T15:58:06","slug":"setna-zumba","status":"publish","type":"post","link":"http:\/\/info.sadowne.pl\/?p=8617","title":{"rendered":"Setna &#8222;zumba&#8221;"},"content":{"rendered":"<p style=\"text-align: justify;\"><strong><img loading=\"lazy\" decoding=\"async\" class=\"alignleft size-thumbnail wp-image-8618\" src=\"http:\/\/www.info.sadowne.pl\/wp-content\/uploads\/2015\/05\/2015.05.07.10-180x130.jpg\" alt=\"2015.05.07.10\" width=\"180\" height=\"130\" \/>W Grabinach kobiety nie znaj\u0105 s\u0142owa \u201enuda\u201d.<\/strong><!--more--><\/p>\n<p style=\"text-align: justify;\"><strong><em>&#8211; O co chodzi w tym wszystkim?<\/em><\/strong> \u2013 pytam moj\u0105 rozm\u00f3wczyni\u0119 p. Agnieszk\u0119 Narowsk\u0105, kt\u00f3ra oczekuje na swoje kole\u017canki w budynku szkolnym w Grabinach.<\/p>\n<p style=\"text-align: justify;\"><em>&#8211; Dzisiaj mamy wspania\u0142\u0105 uroczysto\u015b\u0107, setne spotkanie uczestnik\u00f3w zaj\u0119\u0107 zumby<\/em> \u2013 m\u00f3wi tajemniczo p. Agnieszka.<\/p>\n<p style=\"text-align: justify;\">(Wyja\u015bnijmy nieu\u015bwiadomionym i tym, kt\u00f3rzy nie mieli przyjemno\u015bci sprawdzi\u0107 si\u0119 w zaj\u0119ciach wysi\u0142kowo-akrobatycznych, bo tak mo\u017cna nazwa\u0107 taniec zawieraj\u0105cy elementy ta\u0144c\u00f3w latynoameryka\u0144skich i fitness lub je\u015bli kto\u015b woli \u2013 aerobiku. To jest w\u0142a\u015bnie zumba).<\/p>\n<p style=\"text-align: justify;\"><strong><em>&#8211; Ale sk\u0105d pomys\u0142 na zumb\u0119 w Grabinach?<\/em> <\/strong>\u2013 pytamy, a nasza rozm\u00f3wczyni szybko i bez zastanowienia odpowiada<em>: &#8211; Razem z kole\u017cankami cz\u0119sto je\u017adzi\u0142y\u015bmy na r\u00f3\u017cne zaj\u0119cia organizowane poza nasz\u0105 gmin\u0105, r\u00f3wnie\u017c na zaj\u0119cia zumby. W ko\u0144cu pomy\u015bla\u0142y\u015bmy sobie, \u017ce mog\u0105 one odbywa\u0107 si\u0119 r\u00f3wnie\u017c i u nas, w Grabinach. Wsp\u00f3lnie z Dorot\u0105 Danaj, kt\u00f3ra jest prezesem Uczniowskiego Ludowego Klubu Sportowego w Grabinach, w 2014 roku napisa\u0142y\u015bmy projekt pn. \u201eAktywny rodzic\u201d. Zak\u0142ada\u0142y\u015bmy w nim, \u017ce poprzez zaj\u0119cia zumby b\u0119dziemy propagowa\u0107 aktywno\u015b\u0107 fizyczn\u0105 mam i bab\u0107 uczni\u00f3w naszej szko\u0142y \u2013 Zespo\u0142u Szkolno-Przedszkolnego w Grabinach. Nasz projekt zosta\u0142 zaakceptowany przez w\u0142adze gminne i otrzyma\u0142y\u015bmy dotacj\u0119 na jego realizacj\u0119.<\/em><\/p>\n<p style=\"text-align: justify;\"><strong><em>&#8211; Jak podesz\u0142y do tego projektu panie, kt\u00f3re zamierza\u0142y\u015bcie zach\u0119ci\u0107 do wysi\u0142ku fizycznego? <\/em><\/strong><\/p>\n<p style=\"text-align: justify;\"><em>&#8211; Bardzo pozytywnie, zreszt\u0105 nigdy nie mamy problem\u00f3w z zaanga\u017cowaniem rodzic\u00f3w i dziadk\u00f3w naszych dzieci szkolnych do jakiegokolwiek dzia\u0142ania<\/em> \u2013 t\u0142umaczy p. Agnieszka. <em>\u2013 Zaj\u0119cia rozpocz\u0119\u0142y si\u0119 od wrze\u015bnia 2014 roku, prowadzi\u0142a je i nadal to robi p. Hania Koza \u2013 instruktor zaj\u0119\u0107 muzyczno \u2013 ruchowych. Na pocz\u0105tku przyst\u0105pi\u0142o do nich oko\u0142o 20 pa\u0144 z Grabin i pobliskich miejscowo\u015bci. Spotyka\u0142y si\u0119 dwa razy w tygodniu na godzinnych zaj\u0119ciach, a podczas ich kolejnych edycji ci\u0105gle przybywa\u0142o ch\u0119tnych. Projekt przewidywa\u0142, i\u017c ostatnie zaj\u0119cia odb\u0119d\u0105 si\u0119 w grudniu 2014 roku, ale jego uczestniczki, z racji osi\u0105ganych wynik\u00f3w podczas tych zaj\u0119\u0107, postanowi\u0142y kontynuowa\u0107 je na koszt w\u0142asny i tak to trwa do dnia dzisiejszego \u2013 setnego, jubileuszowego spotkania.<\/em><\/p>\n<p style=\"text-align: justify;\"><strong><em>&#8211; Jakie atrakcje czekaj\u0105 na uczestniczki zumby w jubileuszowym dniu?<\/em><\/strong><\/p>\n<p style=\"text-align: justify;\"><em>&#8211; Oczywi\u015bcie odb\u0119d\u0105 si\u0119 normalne zaj\u0119cia, ale s\u0105 te\u017c pewne niespodzianki, kt\u00f3re przygotowa\u0142a prowadz\u0105ca zumb\u0119 pani Hania<\/em> \u2013 opowiada przyciszonym g\u0142osem pomys\u0142odawczyni projektu i wo\u0142a do siebie instruktork\u0119, kt\u00f3ra potwierdza ujawnion\u0105 przed chwil\u0105 tajemnic\u0119, dodaj\u0105c: <em>&#8211; Dzisiaj nasze zaj\u0119cia zako\u0144czy kr\u00f3tki koncert Rajana \u2013 znanej w okolicy gwiazdy disco polo, a prywatnie \u2013 mojego brata<\/em> \u2013 m\u00f3wi \u015bciszonym g\u0142osem p. Hania i kontynuuje: <em>&#8211; Rozdane zostan\u0105 r\u00f3wnie\u017c dyplomy dla najwytrwalszych uczestniczek zaj\u0119\u0107, a nale\u017cy tak\u017ce wspomnie\u0107, \u017ce ich liczba ci\u0105gle si\u0119 zwi\u0119ksza \u2013 obecnie w ka\u017cdym spotkaniu uczestniczy przewa\u017cnie oko\u0142o 45 pa\u0144. Swego czasu towarzyszy\u0142 nam tak\u017ce jeden m\u0119\u017cczyzna, kt\u00f3ry jednak musia\u0142 zrezygnowa\u0107 z powod\u00f3w zdrowotnych. <\/em><\/p>\n<p style=\"text-align: justify;\">Obie rozm\u00f3wczynie zgodnie dodaj\u0105 tak\u017ce, \u017ce jubileuszowe spotkanie b\u0119dzie mia\u0142o r\u00f3wnie\u017c charakter spotkania towarzyskiego, na kt\u00f3rym nie mo\u017ce zabrakn\u0105\u0107 s\u0142odkiego \u2013 oczywi\u015bcie dietetycznego \u2013 pocz\u0119stunku, a tak\u017ce chwil na \u201ebabskie pogaduchy\u201d. S\u0105 te\u017c zgodne, \u017ce do setnego spotkania i ka\u017cdego innego nie dosz\u0142oby, gdyby nie przychylno\u015b\u0107 Pani Dyrektor tej Szko\u0142y, Aliny Lipki \u2013 Chudzik, kt\u00f3ra od pocz\u0105tku nieodp\u0142atnie udost\u0119pnia szkoln\u0105 sal\u0119 gimnastyczn\u0105 na te zaj\u0119cia \u2013 oczywi\u015bcie sama te\u017c aktywnie w nich uczestniczy.<\/p>\n<p style=\"text-align: justify;\"><strong>A same zaj\u0119cia?<\/strong><\/p>\n<p style=\"text-align: justify;\">Dynamiczne, skoczne, szybkie \u2013 chyba m\u0119cz\u0105ce. Uczestniczki jednak, dzi\u0119ki systematycznym zaj\u0119ciom, \u00a0s\u0105 ju\u017c w dobrej formie, bo wykonuj\u0105 ka\u017cde \u0107wiczenia z u\u015bmiechem na twarzy. Po godzinnych zaj\u0119ciach dopiero si\u0119 rozgrzewaj\u0105 i przyst\u0119puj\u0105 natychmiast do kolejnego, ju\u017c nieoficjalnego wysi\u0142ku \u2013 ta\u0144c\u00f3w podczas drugiej cz\u0119\u015bci spotkania, setnego spotkania.<\/p>\n<p style=\"text-align: justify;\"><strong>Po tych do\u015bwiadczeniach i obserwacji nale\u017cy stwierdzi\u0107: jest pewne, \u017ce to nie ostatni jubileusz i uczestniczki zumby b\u0119d\u0105 \u015bwi\u0119towa\u0107 kolejne setki. I tego im \u017cyczymy!<\/strong><\/p>\n<p><a href=\"https:\/\/photos.app.goo.gl\/zZzGdMz8ygrBhGBz8\" target=\"_blank\" rel=\"noopener noreferrer\"><strong>Zdj\u0119cia w galerii Google&gt;&gt;&gt;<\/strong><\/a><\/p>\n<p style=\"text-align: justify;\"><strong>Tekst\/foto:<\/strong> S\u0142awek Chyli\u0144ski<\/p>\n<p style=\"text-align: justify;\"><strong>Zobacz te\u017c <span style=\"color: #0000ff;\"><a style=\"color: #0000ff;\" href=\"http:\/\/youtu.be\/6ar5v7ffVnM\" target=\"_blank\" rel=\"noopener noreferrer\">film&gt;&gt;&gt;<\/a><\/span><\/strong><\/p>\n<p>&nbsp;<\/p>\n","protected":false},"excerpt":{"rendered":"<p>W Grabinach kobiety nie znaj\u0105 s\u0142owa \u201enuda\u201d.<\/p>\n","protected":false},"author":1,"featured_media":0,"comment_status":"open","ping_status":"open","sticky":false,"template":"","format":"standard","meta":{"footnotes":""},"categories":[5,1120],"tags":[1330,2289],"class_list":["post-8617","post","type-post","status-publish","format-standard","hentry","category-newsy","category-zespol-szkolno-przedszkolny-w-grabinach","tag-zajecia-zumby","tag-zespol-szkolno-przedszkolny-w-grabinach"],"views":3392,"_links":{"self":[{"href":"http:\/\/info.sadowne.pl\/index.php?rest_route=\/wp\/v2\/posts\/8617","targetHints":{"allow":["GET"]}}],"collection":[{"href":"http:\/\/info.sadowne.pl\/index.php?rest_route=\/wp\/v2\/posts"}],"about":[{"href":"http:\/\/info.sadowne.pl\/index.php?rest_route=\/wp\/v2\/types\/post"}],"author":[{"embeddable":true,"href":"http:\/\/info.sadowne.pl\/index.php?rest_route=\/wp\/v2\/users\/1"}],"replies":[{"embeddable":true,"href":"http:\/\/info.sadowne.pl\/index.php?rest_route=%2Fwp%2Fv2%2Fcomments&post=8617"}],"version-history":[{"count":2,"href":"http:\/\/info.sadowne.pl\/index.php?rest_route=\/wp\/v2\/posts\/8617\/revisions"}],"predecessor-version":[{"id":23276,"href":"http:\/\/info.sadowne.pl\/index.php?rest_route=\/wp\/v2\/posts\/8617\/revisions\/23276"}],"wp:attachment":[{"href":"http:\/\/info.sadowne.pl\/index.php?rest_route=%2Fwp%2Fv2%2Fmedia&parent=8617"}],"wp:term":[{"taxonomy":"category","embeddable":true,"href":"http:\/\/info.sadowne.pl\/index.php?rest_route=%2Fwp%2Fv2%2Fcategories&post=8617"},{"taxonomy":"post_tag","embeddable":true,"href":"http:\/\/info.sadowne.pl\/index.php?rest_route=%2Fwp%2Fv2%2Ftags&post=8617"}],"curies":[{"name":"wp","href":"https:\/\/api.w.org\/{rel}","templated":true}]}}