{"id":8813,"date":"2015-05-28T20:10:56","date_gmt":"2015-05-28T18:10:56","guid":{"rendered":"http:\/\/www.infosadowne.boo.pl\/?p=8813"},"modified":"2020-04-24T17:53:01","modified_gmt":"2020-04-24T15:53:01","slug":"wernisaz-w-gok","status":"publish","type":"post","link":"http:\/\/info.sadowne.pl\/?p=8813","title":{"rendered":"Wernisa\u017c w GOK"},"content":{"rendered":"<p style=\"text-align: justify;\"><strong><img loading=\"lazy\" decoding=\"async\" class=\"alignleft size-thumbnail wp-image-8814\" src=\"http:\/\/www.info.sadowne.pl\/wp-content\/uploads\/2015\/05\/2015.05.28.1-180x130.jpg\" alt=\"2015.05.28.1\" width=\"180\" height=\"130\" \/>Plener malarski jeszcze trwa, ale wernisa\u017c ju\u017c si\u0119 odby\u0142.<\/strong><!--more--><\/p>\n<p style=\"text-align: justify;\">W dniach 18 \u2013 31 maja 2015 r. trwa na terenie gminy Sadowne XV plener malarski, kt\u00f3rego g\u0142\u00f3wnymi wydarzeniami by\u0142y wystawy organizowane w szkole (spotkanie uczni\u00f3w z artystami) oraz w GOK (wernisa\u017c 28 maja).<\/p>\n<p style=\"text-align: justify;\">Uczestnikami XV Pleneru Malarskiego w Sadownem s\u0105:\u00a0Wanda Falencik \u2013 Masznicz \u2013 Komisarz Pleneru, Regina Balinow, Romana Freudenreich &#8211; \u015alubowska, Ma\u0142gorzata Gajewska &#8211; Margasi\u0144ska, El\u017cbieta Kaniecka- Siegoczy\u0144ska, Adam Kunikowski, Manuela Kornecka, Miros\u0142aw Miro\u0144ski, Maria Niewiadomska, Kinga Ramus, Danuta Rasi\u0144ska, Lidia Snitko &#8211; Pleszko, Krystyna Sommer, Ryszard Stryjecki.<br \/>\nPrace wykonane na plenerze zachwyci\u0142y odwiedzaj\u0105cych wystaw\u0119 w GOK, kt\u00f3r\u0105 mo\u017cna ogl\u0105da\u0107 do 29 maja.\u00a0Szczeg\u00f3lne podzi\u0119kowania za zorganizowanie pleneru nale\u017c\u0105 si\u0119 panu Edwardowi Hermanowi, kt\u00f3ry co roku zaprasza artyst\u00f3w na Sadowie\u0144skie plenery malarskie oraz panu w\u00f3jtowi Waldemarowi Cyranowi za obj\u0119cie swoim patronatem XV pleneru.<\/p>\n<p><a href=\"https:\/\/photos.app.goo.gl\/J5LfsHvMkpzdDWn99\" target=\"_blank\" rel=\"noopener noreferrer\"><strong>Zdj\u0119cia w galerii Google&gt;&gt;&gt;<\/strong><\/a><\/p>\n<p style=\"text-align: justify;\"><strong>Tekst:<\/strong> GOK<\/p>\n<p style=\"text-align: justify;\"><strong>Foto:<\/strong> S\u0142awek Chyli\u0144ski<\/p>\n<p style=\"text-align: justify;\"><strong>\u0179r\u00f3d\u0142o:<\/strong> <a href=\"http:\/\/www.goksadowne.pl\">www.goksadowne.pl<\/a><\/p>\n<p>&nbsp;<\/p>\n","protected":false},"excerpt":{"rendered":"<p>Plener malarski jeszcze trwa, ale wernisa\u017c ju\u017c si\u0119 odby\u0142.<\/p>\n","protected":false},"author":1,"featured_media":0,"comment_status":"open","ping_status":"open","sticky":false,"template":"","format":"standard","meta":{"footnotes":""},"categories":[5,91,6],"tags":[169,1363],"class_list":["post-8813","post","type-post","status-publish","format-standard","hentry","category-newsy","category-gminny-osrodek-kultury","category-kultura-rozrywka-edukacja","tag-gminny-osrodek-kultury-w-sadownem","tag-xv-plener-malarski-w-sadownem"],"views":3085,"_links":{"self":[{"href":"http:\/\/info.sadowne.pl\/index.php?rest_route=\/wp\/v2\/posts\/8813","targetHints":{"allow":["GET"]}}],"collection":[{"href":"http:\/\/info.sadowne.pl\/index.php?rest_route=\/wp\/v2\/posts"}],"about":[{"href":"http:\/\/info.sadowne.pl\/index.php?rest_route=\/wp\/v2\/types\/post"}],"author":[{"embeddable":true,"href":"http:\/\/info.sadowne.pl\/index.php?rest_route=\/wp\/v2\/users\/1"}],"replies":[{"embeddable":true,"href":"http:\/\/info.sadowne.pl\/index.php?rest_route=%2Fwp%2Fv2%2Fcomments&post=8813"}],"version-history":[{"count":3,"href":"http:\/\/info.sadowne.pl\/index.php?rest_route=\/wp\/v2\/posts\/8813\/revisions"}],"predecessor-version":[{"id":23272,"href":"http:\/\/info.sadowne.pl\/index.php?rest_route=\/wp\/v2\/posts\/8813\/revisions\/23272"}],"wp:attachment":[{"href":"http:\/\/info.sadowne.pl\/index.php?rest_route=%2Fwp%2Fv2%2Fmedia&parent=8813"}],"wp:term":[{"taxonomy":"category","embeddable":true,"href":"http:\/\/info.sadowne.pl\/index.php?rest_route=%2Fwp%2Fv2%2Fcategories&post=8813"},{"taxonomy":"post_tag","embeddable":true,"href":"http:\/\/info.sadowne.pl\/index.php?rest_route=%2Fwp%2Fv2%2Ftags&post=8813"}],"curies":[{"name":"wp","href":"https:\/\/api.w.org\/{rel}","templated":true}]}}