{"id":8853,"date":"2015-06-03T15:44:08","date_gmt":"2015-06-03T13:44:08","guid":{"rendered":"http:\/\/www.infosadowne.boo.pl\/?p=8853"},"modified":"2020-04-24T17:47:54","modified_gmt":"2020-04-24T15:47:54","slug":"gminny-dzien-dziecka","status":"publish","type":"post","link":"http:\/\/info.sadowne.pl\/?p=8853","title":{"rendered":"Gminny Dzie\u0144 Dziecka"},"content":{"rendered":"<p style=\"text-align: justify;\"><strong><img loading=\"lazy\" decoding=\"async\" class=\"alignleft size-thumbnail wp-image-8854\" src=\"http:\/\/www.info.sadowne.pl\/wp-content\/uploads\/2015\/06\/2015.06.03.1-180x130.jpg\" alt=\"2015.06.03.1\" width=\"180\" height=\"130\" \/>3 czerwca w Sadownem odby\u0142 si\u0119 Gminny Dzie\u0144 Dziecka.<\/strong><!--more--><\/p>\n<p style=\"text-align: justify;\">Od samego rana teren szkolny w Sadownem oblegany by\u0142 przez uczni\u00f3w szk\u00f3\u0142 i przedszkoli z terenu gminy Sadowne, kt\u00f3rzy przybyli na swoje \u015bwi\u0119to. Waga uroczysto\u015bci wymaga\u0142a te\u017c jego oficjalnego otwarcia \u2013 przyby\u0142ych go\u015bci powita\u0142y w Gminnej Hali Sportowej gospodynie obiekt\u00f3w szkolnych, pp. Ma\u0142gorzata Koro\u015b i Ma\u0142gorzata Zy\u015bk oraz gospodarz Gminy p. Waldemar Cyran.<\/p>\n<p style=\"text-align: justify;\">P.\u00a0Jadwiga Gutowska \u2013 Przewodnicz\u0105ca Gminnej Komisji Rozwi\u0105zywania Problem\u00f3w Alkoholowych w Sadownem podsumowa\u0142a og\u0142oszony wcze\u015bniej konkurs plastyczny pn. \u201ePostaw na rodzin\u0119\u201d. Wr\u0119czono te\u017c dyplomy i nagrody jego laureatom:<\/p>\n<p style=\"text-align: justify;\"><strong>w kategorii przedszkola:<\/strong><\/p>\n<p style=\"text-align: justify;\">I miejsce \u2013 Alan Kulesza, Przedszkole Sadowne<\/p>\n<p style=\"text-align: justify;\">II miejsce \u2013 Amelia Suska, Przedszkole Sadowne<\/p>\n<p style=\"text-align: justify;\">III miejsce \u2013 Emilia Kania \u2013 Przedszkole Sadowne<\/p>\n<p style=\"text-align: justify;\"><strong>wyr\u00f3\u017cnienia:<\/strong><\/p>\n<p style=\"text-align: justify;\">Maja Kowalczyk \u2013 Przedszkole Sadowne<\/p>\n<p style=\"text-align: justify;\">Kamila Ga\u0142\u0105zka \u2013 Przedszkole Sadowne<\/p>\n<p style=\"text-align: justify;\">Karolina Szczechura \u2013 Przedszkole Sadowne<\/p>\n<p style=\"text-align: justify;\">Szymon Krajewski \u2013 Przedszkole Sadowne<\/p>\n<p style=\"text-align: justify;\"><strong>klasy I-III:<\/strong><\/p>\n<p style=\"text-align: justify;\">I miejsce \u2013 Wiktoria Rostek \u2013 ZS-P Grabiny<\/p>\n<p style=\"text-align: justify;\">II miejsce \u2013 Julia Zawadzka \u2013 SP Sadowne<\/p>\n<p style=\"text-align: justify;\">III miejsce \u2013 Oliwia Wieliczko \u2013 SP Sadowne<\/p>\n<p style=\"text-align: justify;\">III miejsce \u2013 Wiktoria Ga\u0142\u0105zka \u2013 SP Sadowne<\/p>\n<p style=\"text-align: justify;\"><strong>wyr\u00f3\u017cnienia:<\/strong><\/p>\n<p style=\"text-align: justify;\">Aneta Zawisza \u2013 SP Sadowne<\/p>\n<p style=\"text-align: justify;\">Izabela Ilczuk \u2013 SP Sadowne<\/p>\n<p style=\"text-align: justify;\">Zuzanna Gierej \u2013 SP Sadowne<\/p>\n<p style=\"text-align: justify;\">Klaudia Rydzewska \u2013 NSP Ko\u0142odzi\u0105\u017c<\/p>\n<p style=\"text-align: justify;\"><strong>klasy IV-VI:<\/strong><\/p>\n<p style=\"text-align: justify;\">I miejsce \u2013 Martyna Kowalczyk \u2013 SP Sadowne<\/p>\n<p style=\"text-align: justify;\">II miejsce \u2013 Hubert Ga\u0142\u0105zka \u2013 SP Sadowne<\/p>\n<p style=\"text-align: justify;\">III miejsce \u2013 Paulina Radzikowska \u2013 SP Sadowne<\/p>\n<p style=\"text-align: justify;\"><strong>wyr\u00f3\u017cnienia:<\/strong><\/p>\n<p style=\"text-align: justify;\">Kamil Mielcarz \u2013 SP Sadowne<\/p>\n<p style=\"text-align: justify;\">Daniel D\u0119bkowski \u2013 SP Sadowne<\/p>\n<p style=\"text-align: justify;\">Piotr Olton \u2013 SP Sadowne<\/p>\n<p style=\"text-align: justify;\">Micha\u0142 Andryszczyk \u2013 ZS-P Grabiny<\/p>\n<p style=\"text-align: justify;\">Mateusz Koro\u015b \u2013 SP Sadowne<\/p>\n<p style=\"text-align: justify;\">Mateusz Jab\u0142onka \u2013 NSP Orze\u0142ek<\/p>\n<p style=\"text-align: justify;\"><strong>gimnazjum:<\/strong><\/p>\n<p style=\"text-align: justify;\">I miejsce \u2013 Monika Kacprzyk<\/p>\n<p style=\"text-align: justify;\">II miejsce \u2013 Katarzyna K\u0105dziela<\/p>\n<p style=\"text-align: justify;\">III miejsce \u2013 Paulina Stryjek<\/p>\n<p style=\"text-align: justify;\">Cz\u0119\u015b\u0107 oficjaln\u0105 uroczysto\u015bci zako\u0144czy\u0142y grupy taneczne uczni\u00f3w ze Szko\u0142y Podstawowej w Sadownem i Zespo\u0142u Szkolno \u2013 Przedszkolnego w Grabinach. Prezentacje nowoczesnych ta\u0144c\u00f3w nagrodzone zosta\u0142y g\u0142o\u015bnymi brawami.<\/p>\n<p style=\"text-align: justify;\">I w ko\u0144cu ca\u0142a \u201egawied\u017a\u201d szkolna mog\u0142a ruszy\u0107 na powietrze, gdzie oczekiwa\u0142o na ni\u0105 mn\u00f3stwo atrakcji. Oblegane by\u0142y zje\u017cd\u017calnie, karuzela, trampoliny i eurobungee, ale te\u017c na brak zainteresowania \u201enie m\u00f3g\u0142 narzeka\u0107\u201d basen z pi\u0142eczkami, \u017cyroskop czy plac zabaw \u201eMa\u0142gorzatka\u201d. Obok te\u017c organizatorzy przygotowali zaj\u0119cia sportowe, graffiti, a tak\u017ce malowanie twarzy i zaj\u0119cia artystyczno-plastyczne. Na takiej imprezie nie mog\u0142o te\u017c zabrakn\u0105\u0107 sta\u0142ych stoisk: Nadle\u015bnictwa w \u0141ochowie z grami, konkursami i prezentacj\u0105 zasob\u00f3w le\u015bnych oraz pracy le\u015bnika, a tak\u017ce \u2013 Zespo\u0142u Szk\u00f3\u0142 Ponadgimnazjalnych w Sadownem, w imieniu kt\u00f3rego Technikum \u017bywienia prowadzi\u0142o tu pokazy carvingu i pracy barmana. Obecni te\u017c byli policjanci z Komendy w W\u0119growie i Komisariatu w \u0141ochowie, kt\u00f3rych pojazdy tym razem pos\u0142u\u017cy\u0142y do zabawy zainteresowanym grupkom dzieci.<\/p>\n<p style=\"text-align: justify;\">Wszystko by\u0142o \u015bwietnie, zadbano te\u017c o pocz\u0119stunek i lody i a\u017c szkoda, \u017ce dzie\u0144 ten tak szybko up\u0142yn\u0105\u0142.<\/p>\n<p style=\"text-align: justify;\">Przypomnijmy tylko, \u017ce w tym roku wszystkie te atrakcje przygotowali dla naszych maluch\u00f3w: W\u00f3jt Gminy Sadowne, Gminna Komisja Rozwi\u0105zywania Problem\u00f3w Alkoholowych w Sadownem, Gminny O\u015brodek Kultury w Sadownem, Gimnazjum w Sadownem, Szko\u0142a Podstawowa w Sadownem i Zesp\u00f3\u0142 Szk\u00f3\u0142 Ponadgimnazjalnych w Sadownem.<\/p>\n<p><strong><a href=\"https:\/\/photos.app.goo.gl\/4PJdPG25D9sXLAxM6\" target=\"_blank\" rel=\"noopener noreferrer\">Zdj\u0119cia w galerii Google&gt;&gt;&gt;<\/a><\/strong><\/p>\n<p style=\"text-align: justify;\"><strong>Tekst\/foto:<\/strong> S\u0142awek Chyli\u0144ski<\/p>\n<p>&nbsp;<\/p>\n","protected":false},"excerpt":{"rendered":"<p>3 czerwca w Sadownem odby\u0142 si\u0119 Gminny Dzie\u0144 Dziecka.<\/p>\n","protected":false},"author":1,"featured_media":0,"comment_status":"open","ping_status":"open","sticky":false,"template":"","format":"standard","meta":{"footnotes":""},"categories":[5,83,84,85],"tags":[125,230,169],"class_list":["post-8853","post","type-post","status-publish","format-standard","hentry","category-newsy","category-gimnazjum","category-szkola-podstawowa-im-cz-wycecha","category-zsp","tag-gminna-komisja-rozwiazywania-problemow-alkoholowych-w-sadownem","tag-gminny-dzien-dziecka-w-sadownem","tag-gminny-osrodek-kultury-w-sadownem"],"views":4885,"_links":{"self":[{"href":"http:\/\/info.sadowne.pl\/index.php?rest_route=\/wp\/v2\/posts\/8853","targetHints":{"allow":["GET"]}}],"collection":[{"href":"http:\/\/info.sadowne.pl\/index.php?rest_route=\/wp\/v2\/posts"}],"about":[{"href":"http:\/\/info.sadowne.pl\/index.php?rest_route=\/wp\/v2\/types\/post"}],"author":[{"embeddable":true,"href":"http:\/\/info.sadowne.pl\/index.php?rest_route=\/wp\/v2\/users\/1"}],"replies":[{"embeddable":true,"href":"http:\/\/info.sadowne.pl\/index.php?rest_route=%2Fwp%2Fv2%2Fcomments&post=8853"}],"version-history":[{"count":4,"href":"http:\/\/info.sadowne.pl\/index.php?rest_route=\/wp\/v2\/posts\/8853\/revisions"}],"predecessor-version":[{"id":23267,"href":"http:\/\/info.sadowne.pl\/index.php?rest_route=\/wp\/v2\/posts\/8853\/revisions\/23267"}],"wp:attachment":[{"href":"http:\/\/info.sadowne.pl\/index.php?rest_route=%2Fwp%2Fv2%2Fmedia&parent=8853"}],"wp:term":[{"taxonomy":"category","embeddable":true,"href":"http:\/\/info.sadowne.pl\/index.php?rest_route=%2Fwp%2Fv2%2Fcategories&post=8853"},{"taxonomy":"post_tag","embeddable":true,"href":"http:\/\/info.sadowne.pl\/index.php?rest_route=%2Fwp%2Fv2%2Ftags&post=8853"}],"curies":[{"name":"wp","href":"https:\/\/api.w.org\/{rel}","templated":true}]}}