{"id":8867,"date":"2015-06-04T16:55:37","date_gmt":"2015-06-04T14:55:37","guid":{"rendered":"http:\/\/www.infosadowne.boo.pl\/?p=8867"},"modified":"2015-06-04T16:55:37","modified_gmt":"2015-06-04T14:55:37","slug":"sadowianki-wegrow","status":"publish","type":"post","link":"http:\/\/info.sadowne.pl\/?p=8867","title":{"rendered":"SADOWIANKI &#8211; W\u0119gr\u00f3w"},"content":{"rendered":"<p style=\"text-align: justify;\"><strong><img loading=\"lazy\" decoding=\"async\" class=\"alignleft size-thumbnail wp-image-8868\" src=\"http:\/\/www.info.sadowne.pl\/wp-content\/uploads\/2015\/06\/sad172-180x130.jpg\" alt=\"sad172\" width=\"180\" height=\"130\" \/>Barwy jesieni \u2013 19.10.2014 \u2013 <\/strong><strong>W<\/strong><strong>\u0119<\/strong><strong>gr\u00f3w.<\/strong><!--more--><\/p>\n<p style=\"text-align: justify;\"><img loading=\"lazy\" decoding=\"async\" class=\"aligncenter size-full wp-image-8869\" src=\"http:\/\/www.info.sadowne.pl\/wp-content\/uploads\/2015\/06\/sad173.jpg\" alt=\"sad173\" width=\"291\" height=\"125\" \/><\/p>\n<p style=\"text-align: justify;\"><strong><img loading=\"lazy\" decoding=\"async\" class=\"alignright size-medium wp-image-8870\" src=\"http:\/\/www.info.sadowne.pl\/wp-content\/uploads\/2015\/06\/sad174-300x70.jpg\" alt=\"sad174\" width=\"300\" height=\"70\" srcset=\"http:\/\/info.sadowne.pl\/wp-content\/uploads\/2015\/06\/sad174-300x70.jpg 300w, http:\/\/info.sadowne.pl\/wp-content\/uploads\/2015\/06\/sad174.jpg 418w\" sizes=\"auto, (max-width: 300px) 100vw, 300px\" \/>Zesp\u00f3\u0142 \u015bpiewaczy &#8211;<\/strong><\/p>\n<p style=\"text-align: justify;\">\n<ol style=\"text-align: justify;\">\n<li><strong>Sianokosy <\/strong><\/li>\n<li><strong>Jest dro\u017cyna<\/strong><\/li>\n<li><strong>Kary ko\u0144<\/strong><\/li>\n<li><strong>Mamo, moja mamo<\/strong><\/li>\n<li><strong>Zaszumia\u0142y g\u00f3ry<\/strong><\/li>\n<\/ol>\n<p style=\"text-align: justify;\"><strong><img loading=\"lazy\" decoding=\"async\" class=\"aligncenter size-full wp-image-8871\" src=\"http:\/\/www.info.sadowne.pl\/wp-content\/uploads\/2015\/06\/sad175.jpg\" alt=\"sad175\" width=\"390\" height=\"289\" srcset=\"http:\/\/info.sadowne.pl\/wp-content\/uploads\/2015\/06\/sad175.jpg 390w, http:\/\/info.sadowne.pl\/wp-content\/uploads\/2015\/06\/sad175-300x222.jpg 300w\" sizes=\"auto, (max-width: 390px) 100vw, 390px\" \/><\/strong><\/p>\n<p style=\"text-align: center;\"><strong>\u00a0\u00a0\u00a0 \u00a0\u201eSadowianki\u201d na\u00a0 IX \u201eW\u0118GROWSKICH \u00a0BARWACH \u00a0JESIENI\u201d.<\/strong><\/p>\n<p style=\"text-align: justify;\"><strong>Informacja z info Sadowne:<\/strong><\/p>\n<p style=\"text-align: justify;\"><strong>,,<\/strong>19 pa\u017adziernika \u00a02014 r. W\u0119growski O\u015brodek Kultury ju\u017c po raz dziewi\u0105ty zorganizowa\u0142 \u00a0\u201eW\u0118GROWSKIE \u00a0BARWY JESIENI\u201d \u2013 Mazowiecki Przegl\u0105d Tw\u00f3rczo\u015bci Artystycznej Senior\u00f3w.<\/p>\n<p style=\"text-align: justify;\">W ramach przegl\u0105du zaprezentowa\u0142y si\u0119 zespo\u0142y \u015bpiewacze, taneczne, soli\u015bci, kabarety i teatry.<\/p>\n<p style=\"text-align: justify;\"><img loading=\"lazy\" decoding=\"async\" class=\"aligncenter size-full wp-image-8872\" src=\"http:\/\/www.info.sadowne.pl\/wp-content\/uploads\/2015\/06\/sad176.jpg\" alt=\"sad176\" width=\"506\" height=\"246\" srcset=\"http:\/\/info.sadowne.pl\/wp-content\/uploads\/2015\/06\/sad176.jpg 506w, http:\/\/info.sadowne.pl\/wp-content\/uploads\/2015\/06\/sad176-300x146.jpg 300w\" sizes=\"auto, (max-width: 506px) 100vw, 506px\" \/><\/p>\n<p style=\"text-align: justify;\">Jak si\u0119 dowiadujemy z oficjalnych \u017ar\u00f3de\u0142, Zesp\u00f3\u0142 \u015apiewaczy <strong>\u201eSadowianki\u201d<\/strong>, na 15 uczestnicz\u0105cych w przegl\u0105dzie zespo\u0142\u00f3w, <strong>zaj\u0105\u0142 II miejsce<\/strong>. Jeste\u015bmy dumni z naszych lokalnych artystek. Gratulujemy i \u017cyczymy dalszych sukces\u00f3w.\u201d<\/p>\n<p style=\"text-align: justify;\">Dodam tylko, \u017ce I miejsce zdoby\u0142a p. Alicja Miesza\u0142o z Wyszkowa, kt\u00f3rej lekcji udziela p.Tadeusz\u00a0 Konador specjalista od emisji g\u0142osu, instruktor muzyki, a my nadal jeste\u015bmy samoukami i pracujemy wed\u0142ug w\u0142asnego uznania.<\/p>\n<p style=\"text-align: justify;\"><strong>SADOWNE<\/strong><\/p>\n<p style=\"text-align: justify;\"><strong>,,Z\u0141OTE\u00a0 GODY\u201d \u2013 25 pa\u017adziernika 2014 r.<\/strong><\/p>\n<p style=\"text-align: justify;\"><strong><img loading=\"lazy\" decoding=\"async\" class=\"alignleft size-full wp-image-8873\" src=\"http:\/\/www.info.sadowne.pl\/wp-content\/uploads\/2015\/06\/sad177.jpg\" alt=\"sad177\" width=\"200\" height=\"75\" \/>Trzyna\u015bcie par ma\u0142\u017ce\u0144skich \u015bwi\u0119towa\u0142o Jubileusz\u00a0<\/strong><strong>50-lecia i d\u0142u\u017cej\u2026 po\u017cycia ma\u0142\u017ce\u0144skiego.<\/strong><\/p>\n<p style=\"text-align: justify;\">Z tej okazji w Sali Konferencyjnej Urz\u0119du Gminy odby\u0142a si\u0119, przygotowana przez Urz\u0105d Stanu Cywilnego, ceremonia, podczas kt\u00f3rej ma\u0142\u017conkowie otrzymali medale przyznane przez prezydenta RP. Wr\u0119czali je: W\u00f3jt Gminy Sadowne \u2013 p. Zdzis\u0142aw Tracz, Przewodnicz\u0105cy Rady Gminy \u2013 P.\u00a0Waldemar Cyran, Sekretarz Gminy \u2013 p. Zbigniew Bocian i Kierownik USC \u2013 p. Iza Go\u0142\u0119biowska.<\/p>\n<p style=\"text-align: justify;\">Imprez\u0119 u\u015bwietni\u0142 wyst\u0119pem Zesp\u00f3\u0142 \u015apiewaczy <strong>SADOWIANKI.<\/strong><\/p>\n<p style=\"text-align: justify;\"><strong><img loading=\"lazy\" decoding=\"async\" class=\"aligncenter size-full wp-image-8874\" src=\"http:\/\/www.info.sadowne.pl\/wp-content\/uploads\/2015\/06\/sad178.jpg\" alt=\"sad178\" width=\"558\" height=\"372\" srcset=\"http:\/\/info.sadowne.pl\/wp-content\/uploads\/2015\/06\/sad178.jpg 558w, http:\/\/info.sadowne.pl\/wp-content\/uploads\/2015\/06\/sad178-300x200.jpg 300w\" sizes=\"auto, (max-width: 558px) 100vw, 558px\" \/><img loading=\"lazy\" decoding=\"async\" class=\"aligncenter size-full wp-image-8875\" src=\"http:\/\/www.info.sadowne.pl\/wp-content\/uploads\/2015\/06\/sad179.jpg\" alt=\"sad179\" width=\"573\" height=\"384\" srcset=\"http:\/\/info.sadowne.pl\/wp-content\/uploads\/2015\/06\/sad179.jpg 573w, http:\/\/info.sadowne.pl\/wp-content\/uploads\/2015\/06\/sad179-300x201.jpg 300w\" sizes=\"auto, (max-width: 573px) 100vw, 573px\" \/><\/strong><\/p>\n<p style=\"text-align: justify;\">Nie zabrak\u0142o te\u017c wsp\u00f3lnego toastu, tortu, g\u0142o\u015bnego od\u015bpiewania \u201eSto lat\u201d oraz gratulacji od najbli\u017cszych i uczestnik\u00f3w ceremonii.<\/p>\n<p style=\"text-align: center;\"><img loading=\"lazy\" decoding=\"async\" class=\"aligncenter size-full wp-image-8876\" src=\"http:\/\/www.info.sadowne.pl\/wp-content\/uploads\/2015\/06\/sad180.jpg\" alt=\"sad180\" width=\"576\" height=\"383\" srcset=\"http:\/\/info.sadowne.pl\/wp-content\/uploads\/2015\/06\/sad180.jpg 576w, http:\/\/info.sadowne.pl\/wp-content\/uploads\/2015\/06\/sad180-300x199.jpg 300w\" sizes=\"auto, (max-width: 576px) 100vw, 576px\" \/><strong>,,STO\u00a0 LAT, STO\u00a0 LAT\u2026\u201d<\/strong><\/p>\n<div id=\"attachment_8877\" style=\"width: 591px\" class=\"wp-caption aligncenter\"><img loading=\"lazy\" decoding=\"async\" aria-describedby=\"caption-attachment-8877\" class=\"wp-image-8877 size-full\" src=\"http:\/\/www.info.sadowne.pl\/wp-content\/uploads\/2015\/06\/sad181.jpg\" alt=\"sad181\" width=\"581\" height=\"387\" srcset=\"http:\/\/info.sadowne.pl\/wp-content\/uploads\/2015\/06\/sad181.jpg 581w, http:\/\/info.sadowne.pl\/wp-content\/uploads\/2015\/06\/sad181-300x200.jpg 300w\" sizes=\"auto, (max-width: 581px) 100vw, 581px\" \/><p id=\"caption-attachment-8877\" class=\"wp-caption-text\">Andrzej Olton &#8211; akordeon, Zbyszek Danaj, Krysia Wetoszka, Ania Chojecka, Basia Wr\u00f3bel<\/p><\/div>\n<p style=\"text-align: justify;\">\n<div id=\"attachment_8878\" style=\"width: 619px\" class=\"wp-caption aligncenter\"><img loading=\"lazy\" decoding=\"async\" aria-describedby=\"caption-attachment-8878\" class=\"wp-image-8878 size-full\" src=\"http:\/\/www.info.sadowne.pl\/wp-content\/uploads\/2015\/06\/sad182.jpg\" alt=\"sad182\" width=\"609\" height=\"406\" srcset=\"http:\/\/info.sadowne.pl\/wp-content\/uploads\/2015\/06\/sad182.jpg 609w, http:\/\/info.sadowne.pl\/wp-content\/uploads\/2015\/06\/sad182-300x200.jpg 300w\" sizes=\"auto, (max-width: 609px) 100vw, 609px\" \/><p id=\"caption-attachment-8878\" class=\"wp-caption-text\">Jadzia Borowa, Tereska Piwek, Hania D\u0119bkowska, Marysia Szymanik, Henia Kibart, Ala Bahniuk, Monika Nozderka, Basia Decyk<\/p><\/div>\n<p style=\"text-align: justify;\">By\u0142a to pi\u0119kna i donios\u0142a uroczysto\u015b\u0107 w siedzibie w\u0142adz gminnych, na kt\u00f3rej medal otrzyma\u0142a kolejna nasza kole\u017canka z zespo\u0142u Kazia Krzak z m\u0119\u017cem Jankiem.<\/p>\n<p style=\"text-align: justify;\"><img loading=\"lazy\" decoding=\"async\" class=\"aligncenter size-full wp-image-8879\" src=\"http:\/\/www.info.sadowne.pl\/wp-content\/uploads\/2015\/06\/sad183.jpg\" alt=\"sad183\" width=\"287\" height=\"239\" \/><\/p>\n<p style=\"text-align: justify;\"><img loading=\"lazy\" decoding=\"async\" class=\"aligncenter size-full wp-image-8880\" src=\"http:\/\/www.info.sadowne.pl\/wp-content\/uploads\/2015\/06\/sad184.jpg\" alt=\"sad184\" width=\"496\" height=\"316\" srcset=\"http:\/\/info.sadowne.pl\/wp-content\/uploads\/2015\/06\/sad184.jpg 496w, http:\/\/info.sadowne.pl\/wp-content\/uploads\/2015\/06\/sad184-300x191.jpg 300w\" sizes=\"auto, (max-width: 496px) 100vw, 496px\" \/><\/p>\n<p style=\"text-align: center;\"><strong><em>Aby Wasza droga \u017cycia us\u0142ana by\u0142a kwiatami,<\/em><\/strong><\/p>\n<p style=\"text-align: center;\"><strong><em>na niebie go\u015bci\u0142o s\u0142o\u0144ce,<\/em><\/strong><\/p>\n<p style=\"text-align: center;\"><strong><em>a w sercach Waszych mi\u0142o\u015b\u0107 i dobro\u0107.<\/em><\/strong><\/p>\n<p style=\"text-align: center;\"><strong><em>Wszystkiego co najlepsze,<\/em><\/strong><\/p>\n<p style=\"text-align: center;\"><strong><em>a nade wszystko si\u0142 i zdrowia<\/em><\/strong><\/p>\n<p style=\"text-align: center;\"><strong><em>by w rado\u015bci prze\u017cy\u0107 kolejne rocznice,<\/em><\/strong><\/p>\n<p style=\"text-align: center;\"><strong><em>a\u017c do d\u0119bowej i d\u0142u\u017cej.<\/em><\/strong><\/p>\n<div id=\"attachment_8881\" style=\"width: 526px\" class=\"wp-caption aligncenter\"><img loading=\"lazy\" decoding=\"async\" aria-describedby=\"caption-attachment-8881\" class=\"wp-image-8881 size-full\" src=\"http:\/\/www.info.sadowne.pl\/wp-content\/uploads\/2015\/06\/sad185.jpg\" alt=\"sad185\" width=\"516\" height=\"344\" srcset=\"http:\/\/info.sadowne.pl\/wp-content\/uploads\/2015\/06\/sad185.jpg 516w, http:\/\/info.sadowne.pl\/wp-content\/uploads\/2015\/06\/sad185-300x200.jpg 300w\" sizes=\"auto, (max-width: 516px) 100vw, 516px\" \/><p id=\"caption-attachment-8881\" class=\"wp-caption-text\">\u017byczenia od zespo\u0142u dla naszej Kazi sk\u0142ada Ania Chojecka i Zbyszek Danaj<\/p><\/div>\n<p style=\"text-align: justify;\">\n<p style=\"text-align: justify;\">Po uroczysto\u015bci w Urz\u0119dzie Gminy kole\u017canka Kazia zaprosi\u0142a nas do swojego domu na pocz\u0119stunek.<\/p>\n<p style=\"text-align: justify;\">Zosta\u0142o te\u017c wykonane pami\u0105tkowe zdj\u0119cie.<\/p>\n<div id=\"attachment_8882\" style=\"width: 583px\" class=\"wp-caption aligncenter\"><img loading=\"lazy\" decoding=\"async\" aria-describedby=\"caption-attachment-8882\" class=\"wp-image-8882 size-full\" src=\"http:\/\/www.info.sadowne.pl\/wp-content\/uploads\/2015\/06\/sad186.jpg\" alt=\"sad186\" width=\"573\" height=\"322\" srcset=\"http:\/\/info.sadowne.pl\/wp-content\/uploads\/2015\/06\/sad186.jpg 573w, http:\/\/info.sadowne.pl\/wp-content\/uploads\/2015\/06\/sad186-300x169.jpg 300w\" sizes=\"auto, (max-width: 573px) 100vw, 573px\" \/><p id=\"caption-attachment-8882\" class=\"wp-caption-text\">Ala Bahniuk, Basia Decyk, Monika Nozderka, Zbyszek Danaj, Bogusia Danaj, Tereska Piwek, Jadzia Borowa, Marysia Szymanik, Henia Kibart, Ania Chojecka, Krysia Wetoszka, Basia Wr\u00f3bel, Hania D\u0119bkowska i nasi Jubilaci Kazia i Janek Krzakowie<\/p><\/div>\n<p style=\"text-align: justify;\">\n<p style=\"text-align: justify;\"><strong>\u0179r\u00f3d\u0142o:<\/strong>\u00a0SADOWIANKI, Barbara Wr\u00f3bel, Sadowne 2014 (kronika dost\u0119pna w zbiorach GOK Sadowne)<\/p>\n","protected":false},"excerpt":{"rendered":"<p>Barwy jesieni \u2013 19.10.2014 \u2013 W\u0119gr\u00f3w.<\/p>\n","protected":false},"author":1,"featured_media":0,"comment_status":"open","ping_status":"open","sticky":false,"template":"","format":"standard","meta":{"footnotes":""},"categories":[5,31,1202],"tags":[1218,101,960],"class_list":["post-8867","post","type-post","status-publish","format-standard","hentry","category-newsy","category-historia-gminy","category-zespol-spiewaczy-sadowianki","tag-barbara-wrobel","tag-historia-gminy-sadowne","tag-zespol-spiewaczy-sadowianki"],"views":3634,"_links":{"self":[{"href":"http:\/\/info.sadowne.pl\/index.php?rest_route=\/wp\/v2\/posts\/8867","targetHints":{"allow":["GET"]}}],"collection":[{"href":"http:\/\/info.sadowne.pl\/index.php?rest_route=\/wp\/v2\/posts"}],"about":[{"href":"http:\/\/info.sadowne.pl\/index.php?rest_route=\/wp\/v2\/types\/post"}],"author":[{"embeddable":true,"href":"http:\/\/info.sadowne.pl\/index.php?rest_route=\/wp\/v2\/users\/1"}],"replies":[{"embeddable":true,"href":"http:\/\/info.sadowne.pl\/index.php?rest_route=%2Fwp%2Fv2%2Fcomments&post=8867"}],"version-history":[{"count":1,"href":"http:\/\/info.sadowne.pl\/index.php?rest_route=\/wp\/v2\/posts\/8867\/revisions"}],"predecessor-version":[{"id":8883,"href":"http:\/\/info.sadowne.pl\/index.php?rest_route=\/wp\/v2\/posts\/8867\/revisions\/8883"}],"wp:attachment":[{"href":"http:\/\/info.sadowne.pl\/index.php?rest_route=%2Fwp%2Fv2%2Fmedia&parent=8867"}],"wp:term":[{"taxonomy":"category","embeddable":true,"href":"http:\/\/info.sadowne.pl\/index.php?rest_route=%2Fwp%2Fv2%2Fcategories&post=8867"},{"taxonomy":"post_tag","embeddable":true,"href":"http:\/\/info.sadowne.pl\/index.php?rest_route=%2Fwp%2Fv2%2Ftags&post=8867"}],"curies":[{"name":"wp","href":"https:\/\/api.w.org\/{rel}","templated":true}]}}