{"id":8986,"date":"2015-06-17T20:54:58","date_gmt":"2015-06-17T18:54:58","guid":{"rendered":"http:\/\/www.infosadowne.boo.pl\/?p=8986"},"modified":"2016-08-30T18:27:03","modified_gmt":"2016-08-30T16:27:03","slug":"ale-jazda","status":"publish","type":"post","link":"http:\/\/info.sadowne.pl\/?p=8986","title":{"rendered":"Ale jazda&#8230;"},"content":{"rendered":"<p style=\"text-align: justify;\"><strong><a href=\"http:\/\/www.info.sadowne.pl\/wp-content\/uploads\/2015\/06\/2015.06.17.10.jpg\" target=\"_blank\"><img loading=\"lazy\" decoding=\"async\" class=\"alignleft wp-image-8987 size-thumbnail\" src=\"http:\/\/www.info.sadowne.pl\/wp-content\/uploads\/2015\/06\/2015.06.17.10-180x130.jpg\" alt=\"2015.06.17.10\" width=\"180\" height=\"130\" \/><\/a>Zgodnie z zapowiedzi\u0105, 16 czerwca odby\u0142 si\u0119 rajd rowerowy \u201eOdjazdowy Bibliotekarz\u201d.<\/strong><!--more--><\/p>\n<p style=\"text-align: justify;\">G\u0142\u00f3wnymi przewodnikami rajdu rowerowego byli: Pan S\u0142awomir Akonom (historyk) oraz Pani Dyrektor Gminnego O\u015brodka Kultury \u2013 Pani Ewa Pi\u00f3rkowska. Celem wycieczki rowerowej by\u0142o dotarcie do pomnika b\u0142ogos\u0142awionego ksi\u0119dza Edwarda Grzyma\u0142y, kt\u00f3ry mie\u015bci si\u0119 w Ko\u0142odzi\u0105\u017cu.<\/p>\n<p style=\"text-align: justify;\"><a href=\"http:\/\/www.info.sadowne.pl\/wp-content\/uploads\/2015\/06\/2015.06.17.11.jpg\" target=\"_blank\"><img loading=\"lazy\" decoding=\"async\" class=\"alignright wp-image-8988 size-medium\" src=\"http:\/\/www.info.sadowne.pl\/wp-content\/uploads\/2015\/06\/2015.06.17.11-300x225.jpg\" alt=\"2015.06.17.11\" width=\"300\" height=\"225\" srcset=\"http:\/\/info.sadowne.pl\/wp-content\/uploads\/2015\/06\/2015.06.17.11-300x225.jpg 300w, http:\/\/info.sadowne.pl\/wp-content\/uploads\/2015\/06\/2015.06.17.11.jpg 640w\" sizes=\"auto, (max-width: 300px) 100vw, 300px\" \/><\/a>Uczestnicy kierowali si\u0119 rowerami w stron\u0119 Ko\u015bcio\u0142a w Sadownem (ko\u015bcio\u0142a stylu neogotyckiego). Jad\u0105c w kierunku cmentarza, odwiedzili gr\u00f3b nieznanego \u017co\u0142nierza. Kolejnym miejscem wartym po\u015bwi\u0119cenia uwagi by\u0142a kapliczka w Sadolesiu. W latach 50-tych w tym miejscu znajdowa\u0142 si\u0119 ko\u015bci\u00f3\u0142 ewangelicki na fundamentach kirchy drewnianej.<\/p>\n<p style=\"text-align: justify;\"><strong>Wi\u0119cej na stronie <span style=\"color: #0000ff;\"><a style=\"color: #0000ff;\" href=\"http:\/\/www.gbpsadowne.pl\" target=\"_blank\">Gminnej Biblioteki Publicznej w Sadownem<\/a><\/span>.<\/strong><\/p>\n<p style=\"text-align: justify;\"><strong>\u0179r\u00f3d\u0142o:<\/strong> <a href=\"http:\/\/www.gbpsadowne.pl\" target=\"_blank\">www.gbpsadowne.pl<\/a><\/p>\n","protected":false},"excerpt":{"rendered":"<p>Zgodnie z zapowiedzi\u0105, 16 czerwca odby\u0142 si\u0119 rajd rowerowy \u201eOdjazdowy Bibliotekarz\u201d.<\/p>\n","protected":false},"author":1,"featured_media":0,"comment_status":"open","ping_status":"open","sticky":false,"template":"","format":"standard","meta":{"footnotes":""},"categories":[5,2149,91,6],"tags":[113,169,235],"class_list":["post-8986","post","type-post","status-publish","format-standard","hentry","category-newsy","category-gminna-biblioteka-publiczna","category-gminny-osrodek-kultury","category-kultura-rozrywka-edukacja","tag-gminna-biblioteka-publiczna-w-sadownem","tag-gminny-osrodek-kultury-w-sadownem","tag-rajd-rowerowy-odjazdowy-bibliotekarz-w-sadownem"],"views":3328,"_links":{"self":[{"href":"http:\/\/info.sadowne.pl\/index.php?rest_route=\/wp\/v2\/posts\/8986","targetHints":{"allow":["GET"]}}],"collection":[{"href":"http:\/\/info.sadowne.pl\/index.php?rest_route=\/wp\/v2\/posts"}],"about":[{"href":"http:\/\/info.sadowne.pl\/index.php?rest_route=\/wp\/v2\/types\/post"}],"author":[{"embeddable":true,"href":"http:\/\/info.sadowne.pl\/index.php?rest_route=\/wp\/v2\/users\/1"}],"replies":[{"embeddable":true,"href":"http:\/\/info.sadowne.pl\/index.php?rest_route=%2Fwp%2Fv2%2Fcomments&post=8986"}],"version-history":[{"count":1,"href":"http:\/\/info.sadowne.pl\/index.php?rest_route=\/wp\/v2\/posts\/8986\/revisions"}],"predecessor-version":[{"id":8989,"href":"http:\/\/info.sadowne.pl\/index.php?rest_route=\/wp\/v2\/posts\/8986\/revisions\/8989"}],"wp:attachment":[{"href":"http:\/\/info.sadowne.pl\/index.php?rest_route=%2Fwp%2Fv2%2Fmedia&parent=8986"}],"wp:term":[{"taxonomy":"category","embeddable":true,"href":"http:\/\/info.sadowne.pl\/index.php?rest_route=%2Fwp%2Fv2%2Fcategories&post=8986"},{"taxonomy":"post_tag","embeddable":true,"href":"http:\/\/info.sadowne.pl\/index.php?rest_route=%2Fwp%2Fv2%2Ftags&post=8986"}],"curies":[{"name":"wp","href":"https:\/\/api.w.org\/{rel}","templated":true}]}}