{"id":9003,"date":"2015-06-19T14:34:59","date_gmt":"2015-06-19T12:34:59","guid":{"rendered":"http:\/\/www.infosadowne.boo.pl\/?p=9003"},"modified":"2015-06-19T14:34:59","modified_gmt":"2015-06-19T12:34:59","slug":"sadowianki-brok-2","status":"publish","type":"post","link":"http:\/\/info.sadowne.pl\/?p=9003","title":{"rendered":"SADOWIANKI &#8211; Brok"},"content":{"rendered":"<p style=\"text-align: justify;\"><strong><a href=\"http:\/\/www.info.sadowne.pl\/wp-content\/uploads\/2015\/06\/sad187.jpg\" target=\"_blank\"><img loading=\"lazy\" decoding=\"async\" class=\"alignleft wp-image-9004 size-thumbnail\" src=\"http:\/\/www.info.sadowne.pl\/wp-content\/uploads\/2015\/06\/sad187-180x130.jpg\" alt=\"sad187\" width=\"180\" height=\"130\" \/><\/a>22 listopada 2014 &#8211; &#8222;Darcie pierza&#8221;.<\/strong><!--more--><\/p>\n<p style=\"text-align: justify;\">22 listopada 2014 roku, p\u00f3\u017anym wieczorem, bo by\u0142a ju\u017c godz. 22<sup>00<\/sup> zesp\u00f3\u0142 SADOWIANKI na zaproszenie kierownika O\u015brodka Wczasowego ,,Binduga\u201d p.\u00a0Zdzis\u0142awa Niegowskiego przedstawi\u0142 jeden ze zwyczaj\u00f3w polskiej wsi \u2013 ,,Darcie pierza\u201d.<\/p>\n<p style=\"text-align: justify;\"><img loading=\"lazy\" decoding=\"async\" class=\"aligncenter size-full wp-image-9005\" src=\"http:\/\/www.info.sadowne.pl\/wp-content\/uploads\/2015\/06\/sad188.jpg\" alt=\"sad188\" width=\"482\" height=\"273\" srcset=\"http:\/\/info.sadowne.pl\/wp-content\/uploads\/2015\/06\/sad188.jpg 482w, http:\/\/info.sadowne.pl\/wp-content\/uploads\/2015\/06\/sad188-300x170.jpg 300w\" sizes=\"auto, (max-width: 482px) 100vw, 482px\" \/><\/p>\n<p style=\"text-align: justify;\">W tym dniu w o\u015brodku wczasowym w Broku bawi\u0142o si\u0119 600 go\u015bci z okazji wieczoru andrzejkowego.<\/p>\n<p style=\"text-align: justify;\"><img loading=\"lazy\" decoding=\"async\" class=\"alignleft size-full wp-image-9006\" src=\"http:\/\/www.info.sadowne.pl\/wp-content\/uploads\/2015\/06\/sad189.jpg\" alt=\"sad189\" width=\"230\" height=\"103\" \/>Zim\u0105, kiedy wieczory by\u0142y d\u0142ugie, kobiety spotyka\u0142y si\u0119 w wiejskich chatach i wykonywa\u0142y r\u00f3\u017cne prace: dar\u0142y pierze, prz\u0119d\u0142y na ko\u0142owrotkach, robi\u0142y skarpety i swetry na drutach. By\u0142 to ich spos\u00f3b na po\u017cyteczne sp\u0119dzenie czasu. Jednocze\u015bnie mia\u0142y okazj\u0119 troch\u0119 po\u015bpiewa\u0107, po\u017cartowa\u0107, poplotkowa\u0107 i porozmawia\u0107 o wszystkim, co si\u0119 dzia\u0142o we wsi. Wzajemne pomaganie sobie w r\u00f3\u017cnych sprawach by\u0142o rzecz\u0105 normaln\u0105. To by\u0142y naprawd\u0119 cenne chwile w \u017cyciu wiosek: integrowa\u0142y spo\u0142ecze\u0144stwo, ludzie \u2013po\u0142\u0105czeni wsp\u00f3ln\u0105 prac\u0105- czuli si\u0119 sobie bli\u017csi. Bywa\u0142o, \u017ce taki w\u0142a\u015bnie wiecz\u00f3r stawa\u0142 si\u0119 okazj\u0105 do pocieszenia kogo\u015b w troskach lub \u2013 co zdarza\u0142o si\u0119 do\u015b\u0107 cz\u0119sto \u2013 do zeswatania dwojga m\u0142odych ludzi. Dzi\u0119ki temu zaj\u0119ciu nikt nie by\u0142 samotny, a i praca sz\u0142a \u017cwawiej. Ko\u0144czono skuba\u0107 w jednym domu, a ju\u017c nast\u0119pnego wieczora zaczynano w nast\u0119pnym.<\/p>\n<p style=\"text-align: justify;\">Darcie pierza ko\u0144czy\u0142o si\u0119 tzw. \u201ewyskubkiem\u201d. By\u0142a to zabawa, na kt\u00f3r\u0105 gospodynie piek\u0142y ko\u0142acze, wynosi\u0142y z piwnicy najlepsze wino, czasem zaprasza\u0142y nawet jakiego\u015b grajka, by przygra\u0142 m\u0142odym do zabawy. Bawiono si\u0119 nieraz d\u0142ugo w nocy. Gospodyni, kt\u00f3ra nie urz\u0105dzi\u0142aby \u201ewyskubka\u201d nie mia\u0142a co liczy\u0107 na s\u0105siedzk\u0105 pomoc na drugi rok.<\/p>\n<p style=\"text-align: justify;\">Dzisiaj zanikaj\u0105 stare zwyczaje i obrz\u0119dy, p\u0119dzimy za czym\u015b, mamy coraz mniej czasu, nie dostrzegamy problem\u00f3w innych, cz\u0119sto nie znamy najbli\u017cszych s\u0105siad\u00f3w. A szkoda, bardzo szkoda!<\/p>\n<p style=\"text-align: justify;\"><img loading=\"lazy\" decoding=\"async\" class=\"aligncenter size-full wp-image-9007\" src=\"http:\/\/www.info.sadowne.pl\/wp-content\/uploads\/2015\/06\/sad190.jpg\" alt=\"sad190\" width=\"558\" height=\"382\" srcset=\"http:\/\/info.sadowne.pl\/wp-content\/uploads\/2015\/06\/sad190.jpg 558w, http:\/\/info.sadowne.pl\/wp-content\/uploads\/2015\/06\/sad190-300x205.jpg 300w\" sizes=\"auto, (max-width: 558px) 100vw, 558px\" \/><\/p>\n<p style=\"text-align: justify;\">Podsumowuj\u0105c nasz\u0105 dzia\u0142alno\u015b\u0107 \u015bmia\u0142o mo\u017cna powiedzie\u0107, \u017ce wiele dzia\u0142o si\u0119 w tym mo\u017ce nawet kr\u00f3tkim okresie czasu. Zesp\u00f3\u0142 zajmowa\u0142 si\u0119 prowadzeniem r\u00f3\u017cnego rodzaju imprez, gdzie przedstawia\u0142\u00a0 widowiska, prezentowa\u0142 repertuar, bawi\u0142, integrowa\u0142, przypomina\u0142 stare piosenki\u00a0 i \u201euczy\u0142\u201d zgromadzonych uczestnik\u00f3w spotka\u0144. Oczywi\u015bcie pami\u0119tamy, \u017ce bra\u0142 udzia\u0142 w konkursach piosenki, gdzie zdobywa\u0142 czo\u0142owe nagrody, w festiwalach i uroczysto\u015bciach okoliczno\u015bciowych, spotkaniach z m\u0142odzie\u017c\u0105 szkoln\u0105, kombatantami, jubilatami itp.<\/p>\n<p style=\"text-align: justify;\">Grupa ca\u0142y czas rozwija si\u0119, poszerza sw\u00f3j repertuar, a najbardziej cieszy to, \u017ce towarzyszy nam mi\u0142e sp\u0119dzanie czasu i dobra zabawa.<\/p>\n<p style=\"text-align: justify;\">Na tym ko\u0144cz\u0119 swoje zapiski. Wszystkie materia\u0142y z lat 2002 \u2013 2014 na temat zespo\u0142u, kt\u00f3re uda\u0142o mi si\u0119 zebra\u0107 umie\u015bci\u0142am tutaj, w tej ma\u0142ej kronice.<\/p>\n<p style=\"text-align: justify;\">Aktualni cz\u0142onkowie zespo\u0142u:<\/p>\n<ol style=\"text-align: justify;\">\n<li>Andrzej Olton (akordeon)<\/li>\n<li>Krystyna Wetoszka<\/li>\n<li>Barbara Wr\u00f3bel<\/li>\n<li>Anna Chojecka<\/li>\n<li>Bogumi\u0142a Danaj<\/li>\n<li>Zbigniew Danaj<\/li>\n<li>Monika Nozderka<\/li>\n<li>Alicja Bahniuk<\/li>\n<li>Kazimiera Krzak<\/li>\n<li>Teresa Piwek<\/li>\n<li>Barbara Decyk<\/li>\n<li>Jadwiga Borowa<\/li>\n<li>Teresa \u017bach<\/li>\n<li>Wanda Stryjek<\/li>\n<li>Maria Szymanik<\/li>\n<li>Hanna D\u0119bkowska<\/li>\n<\/ol>\n<p style=\"text-align: justify;\"><strong>\u0179r\u00f3d\u0142o:<\/strong>\u00a0SADOWIANKI, Barbara Wr\u00f3bel, Sadowne 2014 (kronika dost\u0119pna w zbiorach GOK Sadowne)<\/p>\n","protected":false},"excerpt":{"rendered":"<p>22 listopada 2014 &#8211; &#8222;Darcie pierza&#8221;.<\/p>\n","protected":false},"author":1,"featured_media":0,"comment_status":"open","ping_status":"open","sticky":false,"template":"","format":"standard","meta":{"footnotes":""},"categories":[5,31,1202],"tags":[101,960],"class_list":["post-9003","post","type-post","status-publish","format-standard","hentry","category-newsy","category-historia-gminy","category-zespol-spiewaczy-sadowianki","tag-historia-gminy-sadowne","tag-zespol-spiewaczy-sadowianki"],"views":3121,"_links":{"self":[{"href":"http:\/\/info.sadowne.pl\/index.php?rest_route=\/wp\/v2\/posts\/9003","targetHints":{"allow":["GET"]}}],"collection":[{"href":"http:\/\/info.sadowne.pl\/index.php?rest_route=\/wp\/v2\/posts"}],"about":[{"href":"http:\/\/info.sadowne.pl\/index.php?rest_route=\/wp\/v2\/types\/post"}],"author":[{"embeddable":true,"href":"http:\/\/info.sadowne.pl\/index.php?rest_route=\/wp\/v2\/users\/1"}],"replies":[{"embeddable":true,"href":"http:\/\/info.sadowne.pl\/index.php?rest_route=%2Fwp%2Fv2%2Fcomments&post=9003"}],"version-history":[{"count":1,"href":"http:\/\/info.sadowne.pl\/index.php?rest_route=\/wp\/v2\/posts\/9003\/revisions"}],"predecessor-version":[{"id":9008,"href":"http:\/\/info.sadowne.pl\/index.php?rest_route=\/wp\/v2\/posts\/9003\/revisions\/9008"}],"wp:attachment":[{"href":"http:\/\/info.sadowne.pl\/index.php?rest_route=%2Fwp%2Fv2%2Fmedia&parent=9003"}],"wp:term":[{"taxonomy":"category","embeddable":true,"href":"http:\/\/info.sadowne.pl\/index.php?rest_route=%2Fwp%2Fv2%2Fcategories&post=9003"},{"taxonomy":"post_tag","embeddable":true,"href":"http:\/\/info.sadowne.pl\/index.php?rest_route=%2Fwp%2Fv2%2Ftags&post=9003"}],"curies":[{"name":"wp","href":"https:\/\/api.w.org\/{rel}","templated":true}]}}