{"id":9591,"date":"2015-08-24T13:15:00","date_gmt":"2015-08-24T11:15:00","guid":{"rendered":"http:\/\/www.infosadowne.boo.pl\/?p=9591"},"modified":"2020-04-24T17:27:02","modified_gmt":"2020-04-24T15:27:02","slug":"minelo-50-lat","status":"publish","type":"post","link":"http:\/\/info.sadowne.pl\/?p=9591","title":{"rendered":"Min\u0119\u0142o 50 lat!!!"},"content":{"rendered":"<p style=\"text-align: justify;\"><strong><img loading=\"lazy\" decoding=\"async\" class=\"alignleft size-thumbnail wp-image-9592\" src=\"http:\/\/www.info.sadowne.pl\/wp-content\/uploads\/2015\/08\/2015.08.24.1-180x130.jpg\" alt=\"2015.08.24.1\" width=\"180\" height=\"130\" \/>By\u0142o co \u015bwi\u0119towa\u0107 \u2013 pi\u0119\u0107dziesi\u0119ciolecie Ochotniczej Stra\u017cy Po\u017carnej w Szynkarzy\u017anie.<\/strong><!--more--><\/p>\n<p style=\"text-align: justify;\">Od 1965 roku w Szynkarzy\u017anie nast\u0105pi\u0142o wiele zmian, a w wi\u0119kszo\u015bci za spraw\u0105 braci stra\u017cackiej, kt\u00f3rej dokona\u0144 i historii nie mo\u017cna si\u0119 powstydzi\u0107. A obecnie? Wida\u0107 go\u0142ym okiem, \u017ce miejscowa Jednostka OSP rozwija si\u0119 i ma przed sob\u0105 przysz\u0142o\u015b\u0107. Pi\u0119kna remiza i jej otoczenie, a mieszka\u0144cy i stra\u017cacy \u2013 pe\u0142ni optymizmu.<\/p>\n<p style=\"text-align: justify;\">O historii OSP w Szynkarzy\u017anie pisali\u015bmy wcze\u015bniej, wi\u0119c przejd\u017amy teraz do dnia dzisiejszego \u2013 uroczysto\u015bci 50-lecia, kt\u00f3ra odby\u0142a si\u0119 w niedziel\u0119, 23 sierpnia. Rozpocz\u0119\u0142a j\u0105 msza polowa koncelebrowana przez ks. Tomasza Duszkiewicza z miejscowej parafii i ks. Wies\u0142awa Niemyjskiego \u2013 kapelana stra\u017cak\u00f3w i proboszcza parafii p.w. Ojca Pio w W\u0119growie.<\/p>\n<p style=\"text-align: justify;\">G\u0142\u00f3wna cz\u0119\u015b\u0107 uroczysto\u015bci odby\u0142a si\u0119 na pi\u0119knym, nowym placu przy remizie OSP, a u\u015bwietnili j\u0105 przybyli go\u015bcie, reprezentuj\u0105cy szczeble w\u0142adzy od poziomu lokalnego, poprzez powiatowy i wojew\u00f3dzki, a ko\u0144cz\u0105c na reprezentantach cz\u0142onk\u00f3w Parlamentu. Przybyli mieszka\u0144cy Szynkarzyzny i okolic mieli te\u017c okazj\u0119 obejrze\u0107 fragmenty musztry paradnej gminnych Jednostek stra\u017cy i Ko\u0142a \u0141owieckiego LOT, kt\u00f3rych reprezentowa\u0142y poczty sztandarowe.<\/p>\n<p style=\"text-align: justify;\">Uhonorowaniem dzia\u0142alno\u015bci Jednostki OSP by\u0142o uroczyste po\u015bwi\u0119cenie remizy i ods\u0142oni\u0119cie tablicy pami\u0105tkowej, a tak\u017ce imienne wyr\u00f3\u017cnienie zas\u0142u\u017conych stra\u017cak\u00f3w oraz os\u00f3b wspieraj\u0105cych OSP Szynkarzyzna.<\/p>\n<p style=\"text-align: justify;\">W\u015br\u00f3d wyr\u00f3\u017cnionych z\u0142otym Medalem za zas\u0142ugi dla po\u017carnictwa znale\u017ali si\u0119: Krzysztof Bala, Jerzy Siwek, Jerzy Pigul, Waldemar Powier\u017ca, Tadeusz Danaj, Czes\u0142aw Sobolewski i Jan O\u0142dak. Srebrnym medalem uhonorowano Jacka Gajewskiego, natomiast br\u0105zowy otrzymali: Andrzej Siwek, Kamil Le\u015bniewski, Robert D\u0105browski, Piotr D\u0105browski, Wojciech Zy\u015bk, Artur Kokoszka, Wojciech Rogala, \u0141ukasz Sobolewski, S\u0142awomir Pigul, Marek Pi\u00f3ro, Agnieszka D\u0105browska i \u0141ukasz Bia\u0142ous.<\/p>\n<p style=\"text-align: justify;\">Odznaki \u201eWzorowy Stra\u017cak\u201d otrzymali: Kamil Le\u015bniewski, Robert D\u0105browski, Andrzej Siwek, Artur Kokoszka, Agnieszka D\u0105browska, Wojciech Rogala, \u0141ukasz Bia\u0142ous i Piotr D\u0105browski.<\/p>\n<p style=\"text-align: justify;\">Ca\u0142a Jednostka OSP w Szynkarzy\u017anie, za zas\u0142ugi dla wojew\u00f3dztwa mazowieckiego, od tego dnia b\u0119dzie mog\u0142a pochwali\u0107 si\u0119 Medalem Pami\u0105tkowym PRO MASOVIA. Wojewoda Mazowiecki nie zapomnia\u0142 te\u017c o wyr\u00f3\u017cnieniach dla kliku os\u00f3b wspieraj\u0105cych bra\u0107 stra\u017cack\u0105.<\/p>\n<p style=\"text-align: justify;\">Kolejne wyr\u00f3\u017cnienia i podzi\u0119kowania przekaza\u0142 tak\u017ce Prezes OSP Szynkarzyzna \u2013 Krzysztof Bala, a go\u015bcie honorowi mieli okazj\u0119 wesprze\u0107 Jednostk\u0119 i potwierdzi\u0107 otwarcie nowego obiektu poprzez wbicie symbolicznych gwo\u017adzi w tablic\u0119 upami\u0119tniaj\u0105c\u0105 to wydarzenie.<\/p>\n<p style=\"text-align: justify;\">Na zako\u0144czenie uroczysto\u015bci wszyscy przybyli us\u0142yszeli kilka wierszy w wykonaniu miejscowej poetki, p. El\u017cbiety S\u00f3wki, a tak\u017ce specjalny koncert Zespo\u0142u \u015apiewaczego \u201eSadowianki\u201d. \u015awi\u0119to musia\u0142o si\u0119 te\u017c zako\u0144czy\u0107 wsp\u00f3lnym biesiadowaniem.<\/p>\n<p><a href=\"https:\/\/photos.app.goo.gl\/3y42g3qCSQVbWKAL6\" target=\"_blank\" rel=\"noopener noreferrer\"><strong>Zdj\u0119cia w galerii Google&gt;&gt;&gt;<\/strong><\/a><\/p>\n<p style=\"text-align: justify;\"><strong>Tekst\/foto:<\/strong> S\u0142awek Chyli\u0144ski<\/p>\n<p>&nbsp;<\/p>\n","protected":false},"excerpt":{"rendered":"<p>By\u0142o co \u015bwi\u0119towa\u0107 \u2013 pi\u0119\u0107dziesi\u0119ciolecie Ochotniczej Stra\u017cy Po\u017carnej w Szynkarzy\u017anie.<\/p>\n","protected":false},"author":1,"featured_media":0,"comment_status":"open","ping_status":"open","sticky":false,"template":"","format":"standard","meta":{"footnotes":""},"categories":[5,2393,4,267],"tags":[1497,1496],"class_list":["post-9591","post","type-post","status-publish","format-standard","hentry","category-newsy","category-osp-szynkarzyzna","category-policja-straz-pozarna-pogotowie-ratunkowe","category-straz-pozarna-policja-straz-pozarna-pogotowie-ratunkowe","tag-50-lecie-osp-szynkarzyzna","tag-ochotnicza-straz-pozarna-w-szynkarzyznie"],"views":4214,"_links":{"self":[{"href":"http:\/\/info.sadowne.pl\/index.php?rest_route=\/wp\/v2\/posts\/9591","targetHints":{"allow":["GET"]}}],"collection":[{"href":"http:\/\/info.sadowne.pl\/index.php?rest_route=\/wp\/v2\/posts"}],"about":[{"href":"http:\/\/info.sadowne.pl\/index.php?rest_route=\/wp\/v2\/types\/post"}],"author":[{"embeddable":true,"href":"http:\/\/info.sadowne.pl\/index.php?rest_route=\/wp\/v2\/users\/1"}],"replies":[{"embeddable":true,"href":"http:\/\/info.sadowne.pl\/index.php?rest_route=%2Fwp%2Fv2%2Fcomments&post=9591"}],"version-history":[{"count":4,"href":"http:\/\/info.sadowne.pl\/index.php?rest_route=\/wp\/v2\/posts\/9591\/revisions"}],"predecessor-version":[{"id":23255,"href":"http:\/\/info.sadowne.pl\/index.php?rest_route=\/wp\/v2\/posts\/9591\/revisions\/23255"}],"wp:attachment":[{"href":"http:\/\/info.sadowne.pl\/index.php?rest_route=%2Fwp%2Fv2%2Fmedia&parent=9591"}],"wp:term":[{"taxonomy":"category","embeddable":true,"href":"http:\/\/info.sadowne.pl\/index.php?rest_route=%2Fwp%2Fv2%2Fcategories&post=9591"},{"taxonomy":"post_tag","embeddable":true,"href":"http:\/\/info.sadowne.pl\/index.php?rest_route=%2Fwp%2Fv2%2Ftags&post=9591"}],"curies":[{"name":"wp","href":"https:\/\/api.w.org\/{rel}","templated":true}]}}