{"id":9624,"date":"2015-08-28T19:14:47","date_gmt":"2015-08-28T17:14:47","guid":{"rendered":"http:\/\/www.infosadowne.boo.pl\/?p=9624"},"modified":"2015-08-28T19:14:47","modified_gmt":"2015-08-28T17:14:47","slug":"5-minut-o-edukacji","status":"publish","type":"post","link":"http:\/\/info.sadowne.pl\/?p=9624","title":{"rendered":"5 minut o&#8230; edukacji"},"content":{"rendered":"<p style=\"text-align: justify;\"><strong><img loading=\"lazy\" decoding=\"async\" class=\"alignleft size-thumbnail wp-image-7835\" src=\"http:\/\/www.info.sadowne.pl\/wp-content\/uploads\/2015\/02\/wojtcyran-180x130.jpg\" alt=\"wojtcyran\" width=\"180\" height=\"130\" srcset=\"http:\/\/info.sadowne.pl\/wp-content\/uploads\/2015\/02\/wojtcyran-180x130.jpg 180w, http:\/\/info.sadowne.pl\/wp-content\/uploads\/2015\/02\/wojtcyran-300x215.jpg 300w, http:\/\/info.sadowne.pl\/wp-content\/uploads\/2015\/02\/wojtcyran.jpg 784w\" sizes=\"auto, (max-width: 180px) 100vw, 180px\" \/>Witam Pa\u0144stwa!<\/strong><!--more--><\/p>\n<p style=\"text-align: justify;\">Okres beztroskich wakacji dla najm\u0142odszych mieszka\u0144c\u00f3w naszej gminy mija bezpowrotnie. Ju\u017c nied\u0142ugo do naszych szk\u00f3\u0142 powr\u00f3c\u0105 uczniowie.<\/p>\n<p style=\"text-align: justify;\"><a href=\"http:\/\/www.info.sadowne.pl\/wp-content\/uploads\/2015\/08\/2015.08.28.2.jpg\" target=\"_blank\"><img loading=\"lazy\" decoding=\"async\" class=\"alignright wp-image-9625 size-thumbnail\" src=\"http:\/\/www.info.sadowne.pl\/wp-content\/uploads\/2015\/08\/2015.08.28.2-180x130.jpg\" alt=\"2015.08.28.2\" width=\"180\" height=\"130\" \/><\/a>Wakacyjna przerwa da\u0142a nam szans\u0119 na przeprowadzenie w naszych jednostkach o\u015bwiatowych kilku wa\u017cnych prac remontowych .<\/p>\n<p style=\"text-align: justify;\"><a href=\"http:\/\/www.info.sadowne.pl\/wp-content\/uploads\/2015\/08\/2015.08.28.3.jpg\" target=\"_blank\"><img loading=\"lazy\" decoding=\"async\" class=\"alignleft wp-image-9626 size-thumbnail\" src=\"http:\/\/www.info.sadowne.pl\/wp-content\/uploads\/2015\/08\/2015.08.28.3-180x130.jpg\" alt=\"2015.08.28.3\" width=\"180\" height=\"130\" \/><\/a>W Szkole Podstawowej w Sadownem, przy pomocy powiatu uda\u0142o si\u0119 przeprowadzi\u0107 wielokrotnie odk\u0142adany remont kanalizacji i \u0142azienek na I i II pi\u0119trze.<\/p>\n<p style=\"text-align: justify;\"><a href=\"http:\/\/www.info.sadowne.pl\/wp-content\/uploads\/2015\/08\/2015.08.28.4.jpg\" target=\"_blank\"><img loading=\"lazy\" decoding=\"async\" class=\"alignright wp-image-9627 size-thumbnail\" src=\"http:\/\/www.info.sadowne.pl\/wp-content\/uploads\/2015\/08\/2015.08.28.4-180x130.jpg\" alt=\"2015.08.28.4\" width=\"180\" height=\"130\" \/><\/a>Pozostaje nam jeszcze do wykonania remont \u0142azienek na parterze \u2013 to, czy uda nam si\u0119 go przeprowadzi\u0107 jeszcze w tym roku kalendarzowym, oka\u017ce si\u0119 po zako\u0144czeniu obecnego etapu remontu.<\/p>\n<p style=\"text-align: justify;\"><a href=\"http:\/\/www.info.sadowne.pl\/wp-content\/uploads\/2015\/08\/2015.08.28.5.jpg\" target=\"_blank\"><img loading=\"lazy\" decoding=\"async\" class=\"alignleft wp-image-9628 size-thumbnail\" src=\"http:\/\/www.info.sadowne.pl\/wp-content\/uploads\/2015\/08\/2015.08.28.5-180x130.jpg\" alt=\"2015.08.28.5\" width=\"180\" height=\"130\" \/><\/a>W naszym Gimnazjum r\u00f3wnie\u017c przeprowadzono prace remontowe. Wykonano remont korytarzy z wymian\u0105 nawierzchni tarkietowych, kt\u00f3ra od lat czeka\u0142a na renowacj\u0119.<\/p>\n<p style=\"text-align: justify;\"><a href=\"http:\/\/www.info.sadowne.pl\/wp-content\/uploads\/2015\/08\/2015.08.28.7.jpg\" target=\"_blank\"><img loading=\"lazy\" decoding=\"async\" class=\"alignright wp-image-9629 size-thumbnail\" src=\"http:\/\/www.info.sadowne.pl\/wp-content\/uploads\/2015\/08\/2015.08.28.7-180x130.jpg\" alt=\"2015.08.28.7\" width=\"180\" height=\"130\" \/><\/a>Ponadto, z inicjatywy Pani Dyrektor \u2013 Ma\u0142gorzaty Zy\u015bk &#8211; ku ko\u0144cowi maj\u0105 si\u0119 prace polegaj\u0105ce na utworzeniu na placu przed Gimnazjum miejsca rekreacyjnego dla uczni\u00f3w.<\/p>\n<p style=\"text-align: justify;\">Nasza Jednostka O\u015bwiatowa w Grabinach doczeka\u0142a si\u0119 bardzo potrzebnego remontu Sali Gimnastycznej. Zakres prac polega\u0142 na odnowieniu pod\u0142ogi, malowaniu \u015bcian, wymianie o\u015bwietlenia oraz remoncie drabinek sportowych.<\/p>\n<p style=\"text-align: justify;\">Nie zapomnieli\u015bmy r\u00f3wnie\u017c o naszych szko\u0142ach niepublicznych. Przeprowadzono remonty sal lekcyjnych i korytarzy w szko\u0142ach w Orze\u0142ku i Ko\u0142odzi\u0105\u017cu.<\/p>\n<p style=\"text-align: justify;\">Mi\u0142o nam r\u00f3wnie\u017c poinformowa\u0107, \u017ce nasza gmina zosta\u0142a zakwalifikowana do programu badania s\u0142uchu. W roku szkolnym 2015\/2016 realizowany b\u0119dzie <em>Program bada\u0144 przesiewowych s\u0142uchu<\/em>. Celem programu, jest wczesne wykrycie zaburze\u0144 s\u0142uchu u dzieci przyst\u0119puj\u0105cych do obowi\u0105zku szkolnego. Realizacja bezp\u0142atnych i dobrowolnych bada\u0144 s\u0142uchu planowana jest w okresie od wrze\u015bnia do grudnia 2015 roku. Partnerami programu s\u0105: Fundusz Sk\u0142adkowy Ubezpieczenia Spo\u0142ecznego Rolnik\u00f3w, Kasa Rolniczego Ubezpieczenia Spo\u0142ecznego Rolnik\u00f3w, Instytut Fizjologii i Patologii S\u0142uchu oraz Stowarzyszenie Przyjaci\u00f3\u0142 Os\u00f3b Nies\u0142ysz\u0105cych i Niedos\u0142ysz\u0105cych \u201eCz\u0142owiek-Cz\u0142owiekowi\u201d. Jak przekonuj\u0105 eksperci, wiele zaburze\u0144 s\u0142uchu wykrytych we wczesnej fazie mo\u017ce by\u0107 skutecznie i szybko wyleczonych, tak wi\u0119c raz jeszcze serdecznie zapraszam do udzia\u0142u w tych badaniach.<\/p>\n<p style=\"text-align: justify;\"><a href=\"http:\/\/www.info.sadowne.pl\/wp-content\/uploads\/2015\/08\/2015.08.28.6.jpg\" target=\"_blank\"><img loading=\"lazy\" decoding=\"async\" class=\"alignleft wp-image-9630 size-thumbnail\" src=\"http:\/\/www.info.sadowne.pl\/wp-content\/uploads\/2015\/08\/2015.08.28.6-180x130.jpg\" alt=\"2015.08.28.6\" width=\"180\" height=\"130\" \/><\/a>Przypominam r\u00f3wnie\u017c o bezp\u0142atnych podr\u0119cznikach. Uczniom klas I, II i IV szk\u00f3\u0142 podstawowych oraz klasy I gimnazjum przys\u0142uguj\u0105 darmowe podr\u0119czniki. Wi\u0119cej informacji udziel\u0105 dyrektorzy szk\u00f3\u0142. Natomiast w sprawie dofinansowania wyprawki szkolnej prosimy o kontakt z Urz\u0119dem Gminy (pok\u00f3j numer 21).<\/p>\n<p style=\"text-align: justify;\">Na koniec gar\u015b\u0107 statystyk: od 1 wrze\u015bnia w szko\u0142ach na terenie ca\u0142ej gminy rozpocznie nauk\u0119 615 uczni\u00f3w oraz 65 przedszkolak\u00f3w. Ilo\u015b\u0107 uczni\u00f3w w szko\u0142ach przedstawia si\u0119 nast\u0119puj\u0105co:<\/p>\n<p style=\"text-align: justify;\">Szko\u0142a Podstawowa im. Czes\u0142awa Wycecha w Sadownem \u2013 <strong>301 uczni\u00f3w;<\/strong><\/p>\n<p style=\"text-align: justify;\">Zesp\u00f3\u0142 Szkolno-Przedszkolny w Grabinach &#8211; \u00a0<strong>69 uczni\u00f3w;<\/strong><\/p>\n<p style=\"text-align: justify;\">Niepubliczna Szko\u0142a im. Janusza Korczaka w Ko\u0142odzi\u0105\u017cu \u2013 <strong>41 uczni\u00f3w;<\/strong><\/p>\n<p style=\"text-align: justify;\">Niepubliczna Szko\u0142a Podstawowa w Orze\u0142ku \u2013 <strong>25 uczni\u00f3w;<\/strong><\/p>\n<p style=\"text-align: justify;\">Gimnazjum im. b\u0142. Edwarda Grzyma\u0142y w Sadownem \u2013 <strong>179 uczni\u00f3w;<\/strong><\/p>\n<p style=\"text-align: justify;\">Przedszkole w Sadownem \u2013 <strong>50 przedszkolak\u00f3w;<\/strong><\/p>\n<p style=\"text-align: justify;\">Przedszkole w Grabinach \u2013 <strong>15 przedszkolak\u00f3w.<\/strong><\/p>\n<p style=\"text-align: justify;\"><strong>Ju\u017c we wtorek, 1 wrze\u015bnia wszyscy ci uczniowie pojawi\u0105 si\u0119 w swoich szko\u0142ach aby rozpocz\u0105\u0107 nowy rok szkolny. Z tego miejsca chcia\u0142bym \u017cyczy\u0107 Wam samych sukces\u00f3w w nauce i niech ten nowy rok szkolny 2015\/2016 b\u0119dzie jeszcze lepszy ni\u017c poprzedni.<\/strong><\/p>\n<p style=\"text-align: justify;\"><strong>Nale\u017cy pami\u0119ta\u0107 r\u00f3wnie\u017c o osobach bez kt\u00f3rych nowy rok szkolny nie m\u00f3g\u0142by si\u0119 rozpocz\u0105\u0107 \u2013 o nauczycielach i personelu szkolnym. Wam z kolei \u017cycz\u0119 cierpliwo\u015bci do naszych uczni\u00f3w i satysfakcji ze swojej pracy.<\/strong><\/p>\n<p style=\"text-align: justify;\"><strong>Pozdrawiam!<\/strong><\/p>\n<p style=\"text-align: justify;\"><strong>Waldemar Cyran \u2013 W\u00f3jt Gminy Sadowne<\/strong><\/p>\n","protected":false},"excerpt":{"rendered":"<p>Witam Pa\u0144stwa!<\/p>\n","protected":false},"author":1,"featured_media":0,"comment_status":"open","ping_status":"open","sticky":false,"template":"","format":"standard","meta":{"footnotes":""},"categories":[1204,5,41],"tags":[1505,1033,614],"class_list":["post-9624","post","type-post","status-publish","format-standard","hentry","category-5-minut-o","category-newsy","category-wiesci-gminne","tag-5-minut-o-edukacji","tag-waldemar-cyran","tag-wojt-gminy-sadowne"],"views":3557,"_links":{"self":[{"href":"http:\/\/info.sadowne.pl\/index.php?rest_route=\/wp\/v2\/posts\/9624","targetHints":{"allow":["GET"]}}],"collection":[{"href":"http:\/\/info.sadowne.pl\/index.php?rest_route=\/wp\/v2\/posts"}],"about":[{"href":"http:\/\/info.sadowne.pl\/index.php?rest_route=\/wp\/v2\/types\/post"}],"author":[{"embeddable":true,"href":"http:\/\/info.sadowne.pl\/index.php?rest_route=\/wp\/v2\/users\/1"}],"replies":[{"embeddable":true,"href":"http:\/\/info.sadowne.pl\/index.php?rest_route=%2Fwp%2Fv2%2Fcomments&post=9624"}],"version-history":[{"count":1,"href":"http:\/\/info.sadowne.pl\/index.php?rest_route=\/wp\/v2\/posts\/9624\/revisions"}],"predecessor-version":[{"id":9631,"href":"http:\/\/info.sadowne.pl\/index.php?rest_route=\/wp\/v2\/posts\/9624\/revisions\/9631"}],"wp:attachment":[{"href":"http:\/\/info.sadowne.pl\/index.php?rest_route=%2Fwp%2Fv2%2Fmedia&parent=9624"}],"wp:term":[{"taxonomy":"category","embeddable":true,"href":"http:\/\/info.sadowne.pl\/index.php?rest_route=%2Fwp%2Fv2%2Fcategories&post=9624"},{"taxonomy":"post_tag","embeddable":true,"href":"http:\/\/info.sadowne.pl\/index.php?rest_route=%2Fwp%2Fv2%2Ftags&post=9624"}],"curies":[{"name":"wp","href":"https:\/\/api.w.org\/{rel}","templated":true}]}}